{"id":10090,"date":"2022-10-03T17:26:33","date_gmt":"2022-10-03T15:26:33","guid":{"rendered":"http:\/\/www.torilkremmervik.no\/blogg\/?p=10090"},"modified":"2022-10-03T17:26:33","modified_gmt":"2022-10-03T15:26:33","slug":"hjemreisen-fra-einbourgh-i-ord-og-bilder-18-09-2022-%f0%9f%98%8a","status":"publish","type":"post","link":"http:\/\/www.torilkremmervik.no\/blogg\/?p=10090","title":{"rendered":"HJEMREISEN FRA EINBOURGH I ORD OG BILDER 18.09.2022 \ud83d\ude0a"},"content":{"rendered":"<p>18.09.2022 var det duket for hjemreise etter noen kjempekoselige og herlige dager \ud83d\ude0a<br \/>\n&nbsp;<br \/>\n&nbsp;<br \/>\nVi stod opp, ordnet oss, pakket koffertene v\u00e5re og gikk ned for \u00e5 spise frokost. S\u00e5 gikk vi opp p\u00e5 hotellrommet og tok med oss koffertene ned i lobbyen. Vi satte oss i hotellets kafeteria og ventet p\u00e5 at bussen kom for \u00e5 hente oss med til flyplassen.<br \/>\n&nbsp;<br \/>\n&nbsp;<br \/>\nVi ankom flyplassen i god tid f\u00f8r innsjekking. Etter innsjekkingen hadde vi god tid til \u00e5 g\u00e5 innom butikkene p\u00e5 flyplassen for \u00e5 shoppe. Vi gikk ogs\u00e5 innom en kaf\u00e8 for \u00e5 ta en kopp kaffe og noe \u00e5 spise f\u00f8r vi skulle g\u00e5 ombord i flyet.<br \/>\n&nbsp;<br \/>\n&nbsp;<br \/>\nFra Edinbourgh fl\u00f8y vi med Norwegian til Kastrup, og videre med Norwegian fra Kastrup til V\u00e6rnes.<br \/>\n&nbsp;<br \/>\n&nbsp;<br \/>\nFlyturen hjem gikk kjempefint, og vi hadde fint flyv\u00e6r.<br \/>\n&nbsp;<br \/>\n&nbsp;<br \/>\nVi ble ca.1 time forsinket fra Edinborugh pga. manglende bakkemannskap, men endelig kom vi oss p\u00e5 vingene. Vi ble derfor 1 time forsinket til Kastrup.<br \/>\n&nbsp;<br \/>\n&nbsp;<br \/>\nP\u00e5 Kastrup hadde vi planlagt god tid for en matbit, men forsinkelsen f\u00f8rte til at vi m\u00e5tte ta beina fatt for \u00e5 komme oss til gaten hvor flyet til Trondheim skulle g\u00e5 fra. P\u00e5 avgangstavla p\u00e5 den avgangen til Trondheim vi skulle ta stod det: &#8220;13 minutter \u00e5 g\u00e5 til gaten&#8221; \ud83d\ude02\ud83e\udd23 Da var det bare \u00e5 ta beina fatt da. I det vi kom til gaten begynte de \u00e5 boarde flyet.<br \/>\n&nbsp;<br \/>\n&nbsp;<br \/>\nFlyet var i rute, og vi landet p\u00e5 V\u00e6rnes kl.21.40. Vi tok flytaxi tilbake til jobben til mannen min.<br \/>\n&nbsp;<br \/>\n&nbsp;<br \/>\nAlle sammen koste oss masse i Edinbourgh, og jeg anbefaler p\u00e5 det varmeste at de som ikke har v\u00e6rt i Edinbourgh legger reisen dit \ud83d\ude0a Edinbourgh var en kjempenydelig by, og mannen min og jeg har lyst til \u00e5 reise tilbake dit en gang. Da gjerne p\u00e5 v\u00e5ren.<br \/>\n&nbsp;<br \/>\n&nbsp;<br \/>\nHar lyst til \u00e5 dele noen bilder med dere som jeg tok p\u00e5 avreisedagen 18.09.2022, og h\u00e5per dere liker bildene mine \ud83d\ude0a<br \/>\n&nbsp;<br \/>\n&nbsp;<\/p>\n<p style=\"text-align: center\"><img loading=\"lazy\" decoding=\"async\" src=\"https:\/\/cdn.blogg.no\/content\/uploads\/sites\/430\/2022\/09\/27152159\/180922_frokost1a-500x475.jpg\" alt=\"\" width=\"500\" height=\"475\" class=\"alignnone size-medium wp-image-6409\"><\/p>\n<p style=\"text-align: center\">Noe av det jeg spiste til frokost. Jeg m\u00e5 v\u00e6re den kjedeligste n\u00e5r det gjelder hotellfrokost. Velger stort sett egger\u00f8re og kokt skinke. I Edinbourgh pr\u00f8vde jeg b\u00f8nner i tomat til egger\u00f8ra.<\/p>\n<p>&nbsp;<br \/>\n&nbsp;<\/p>\n<p style=\"text-align: center\"><img loading=\"lazy\" decoding=\"async\" src=\"https:\/\/cdn.blogg.no\/content\/uploads\/sites\/430\/2022\/09\/27152232\/180922_hotellrommet1a-500x375.jpg\" alt=\"\" width=\"500\" height=\"375\" class=\"alignnone size-medium wp-image-6410\"><\/p>\n<p style=\"text-align: center\">Hotellrommet v\u00e5rt \ud83d\ude0a<\/p>\n<p>&nbsp;<br \/>\n&nbsp;<\/p>\n<p style=\"text-align: center\"><img loading=\"lazy\" decoding=\"async\" src=\"https:\/\/cdn.blogg.no\/content\/uploads\/sites\/430\/2022\/09\/27152259\/180922_hotellrommet3a-500x375.jpg\" alt=\"\" width=\"500\" height=\"375\" class=\"alignnone size-medium wp-image-6411\"><\/p>\n<p style=\"text-align: center\">Hotellrommet v\u00e5rt \ud83d\ude0a<\/p>\n<p>&nbsp;<br \/>\n&nbsp;<\/p>\n<p style=\"text-align: center\"><img loading=\"lazy\" decoding=\"async\" src=\"https:\/\/cdn.blogg.no\/content\/uploads\/sites\/430\/2022\/09\/27152311\/180922_hotellrommet4a-500x375.jpg\" alt=\"\" width=\"500\" height=\"375\" class=\"alignnone size-medium wp-image-6412\"><\/p>\n<p style=\"text-align: center\">Hotellrommet v\u00e5rt \ud83d\ude0a<\/p>\n<p>&nbsp;<br \/>\n&nbsp;<\/p>\n<p style=\"text-align: center\"><img loading=\"lazy\" decoding=\"async\" src=\"https:\/\/cdn.blogg.no\/content\/uploads\/sites\/430\/2022\/09\/27152327\/180922_edinbourgh_flyplass1a-500x375.jpg\" alt=\"\" width=\"500\" height=\"375\" class=\"alignnone size-medium wp-image-6413\"><\/p>\n<p style=\"text-align: center\">Utenfor flyplassen i Edinbourgh \ud83d\ude0a<\/p>\n<p>&nbsp;<br \/>\n&nbsp;<\/p>\n<p style=\"text-align: center\"><img loading=\"lazy\" decoding=\"async\" src=\"https:\/\/cdn.blogg.no\/content\/uploads\/sites\/430\/2022\/09\/27152409\/180922_edinbourgh_flyplass3a-500x375.jpg\" alt=\"\" width=\"500\" height=\"375\" class=\"alignnone size-medium wp-image-6414\"><\/p>\n<p style=\"text-align: center\">Avgangshallen p\u00e5 flyplassen i Edinbourgh \ud83d\ude0a<\/p>\n<p>&nbsp;<br \/>\n&nbsp;<\/p>\n<p style=\"text-align: center\"><img loading=\"lazy\" decoding=\"async\" src=\"https:\/\/cdn.blogg.no\/content\/uploads\/sites\/430\/2022\/09\/27152421\/180922_edinbourgh_flyplass5a-500x375.jpg\" alt=\"\" width=\"500\" height=\"375\" class=\"alignnone size-medium wp-image-6415\"><\/p>\n<p style=\"text-align: center\">Innsjekken unnagjort, og bagasjen sendt \ud83d\ude0a<\/p>\n<p>&nbsp;<br \/>\n&nbsp;<\/p>\n<p style=\"text-align: center\"><img loading=\"lazy\" decoding=\"async\" src=\"https:\/\/cdn.blogg.no\/content\/uploads\/sites\/430\/2022\/09\/27152438\/180922_edinbourgh_flyplass8a-500x375.jpg\" alt=\"\" width=\"500\" height=\"375\" class=\"alignnone size-medium wp-image-6416\"><\/p>\n<p style=\"text-align: center\">I avgangsomr\u00e5det p\u00e5 flyplassen i Edinbourgh hvor det var butikker, puber og kafeer \ud83d\ude0a<\/p>\n<p>&nbsp;<br \/>\n&nbsp;<\/p>\n<p style=\"text-align: center\"><img loading=\"lazy\" decoding=\"async\" src=\"https:\/\/cdn.blogg.no\/content\/uploads\/sites\/430\/2022\/09\/27152510\/180922_edinbourgh_flyplass10a-500x375.jpg\" alt=\"\" width=\"500\" height=\"375\" class=\"alignnone size-medium wp-image-6418\"><\/p>\n<p style=\"text-align: center\">I avgangsomr\u00e5det p\u00e5 flyplassen i Edinbourgh hvor det var butikker, puber og kafeer \ud83d\ude0a<\/p>\n<p>&nbsp;<br \/>\n&nbsp;<\/p>\n<p style=\"text-align: center\"><img loading=\"lazy\" decoding=\"async\" src=\"https:\/\/cdn.blogg.no\/content\/uploads\/sites\/430\/2022\/09\/27152528\/180922_norwegianflyet1a-500x375.jpg\" alt=\"\" width=\"500\" height=\"375\" class=\"alignnone size-medium wp-image-6419\"><\/p>\n<p style=\"text-align: center\">Flyet vi fl\u00f8y med fra Edinbourgh til Kastrup \ud83d\ude0a<\/p>\n<p>&nbsp;<br \/>\n&nbsp;<\/p>\n<p style=\"text-align: center\"><img loading=\"lazy\" decoding=\"async\" src=\"https:\/\/cdn.blogg.no\/content\/uploads\/sites\/430\/2022\/09\/27152542\/180922_take_off1a-500x375.jpg\" alt=\"\" width=\"500\" height=\"375\" class=\"alignnone size-medium wp-image-6420\"><\/p>\n<p style=\"text-align: center\">Like f\u00f8r take off fra Edinbourgh \ud83d\ude0a<\/p>\n<p>&nbsp;<br \/>\n&nbsp;<\/p>\n<p style=\"text-align: center\"><img loading=\"lazy\" decoding=\"async\" src=\"https:\/\/cdn.blogg.no\/content\/uploads\/sites\/430\/2022\/09\/27152612\/180922_utenfor_flyet2a-500x375.jpg\" alt=\"\" width=\"500\" height=\"375\" class=\"alignnone size-medium wp-image-6421\"><\/p>\n<p style=\"text-align: center\">P\u00e5 vingene oppe i luften om bord i Norwegianflyet \ud83d\ude0a<\/p>\n<p>&nbsp;<br \/>\n&nbsp;<\/p>\n<p style=\"text-align: center\"><img loading=\"lazy\" decoding=\"async\" src=\"https:\/\/cdn.blogg.no\/content\/uploads\/sites\/430\/2022\/09\/27152630\/180922_utenfor_flyet11a-500x375.jpg\" alt=\"\" width=\"500\" height=\"375\" class=\"alignnone size-medium wp-image-6422\"><\/p>\n<p style=\"text-align: center\">Verden sett utenfor et Norwegianfly. Hvis dere ser ned, s\u00e5 ser dere et cruiseskip \ud83d\ude0a<\/p>\n<p>&nbsp;<br \/>\n&nbsp;<\/p>\n<p style=\"text-align: center\"><img loading=\"lazy\" decoding=\"async\" src=\"https:\/\/cdn.blogg.no\/content\/uploads\/sites\/430\/2022\/09\/27152649\/180922_utenfor_flyet16a-500x375.jpg\" alt=\"\" width=\"500\" height=\"375\" class=\"alignnone size-medium wp-image-6423\"><\/p>\n<p style=\"text-align: center\">Ser dere ned s\u00e5 ser dere vindm\u00f8ller i havet \ud83d\ude0a<\/p>\n<p>&nbsp;<br \/>\n&nbsp;<\/p>\n<p style=\"text-align: center\"><img loading=\"lazy\" decoding=\"async\" src=\"https:\/\/cdn.blogg.no\/content\/uploads\/sites\/430\/2022\/09\/27152659\/180922_utenfor_flyet17a.jpg\" alt=\"\" width=\"400\" height=\"400\" class=\"alignnone size-medium wp-image-6424\"><\/p>\n<p style=\"text-align: center\">Verden sett utenfor et Norwegianfly \ud83d\ude0a<\/p>\n<div class=\"linkwithin_hook\" id=\"http:\/\/www.torilkremmervik.no\/blogg\/?p=10090\"><\/div><script>\n<!-- \/\/LinkWithinCodeStart\nvar linkwithin_site_id = 1303645;\nvar linkwithin_div_class = \"linkwithin_hook\";\n\/\/LinkWithinCodeEnd -->\n<\/script>\n<script src=\"http:\/\/www.linkwithin.com\/widget.js\"><\/script>\n<a href=\"http:\/\/www.linkwithin.com\/\"><img decoding=\"async\" src=\"http:\/\/www.linkwithin.com\/pixel.png\" alt=\"Related Posts Plugin for WordPress, Blogger...\" style=\"border: 0\" \/><\/a>","protected":false},"excerpt":{"rendered":"<p>18.09.2022 var det duket for hjemreise etter noen kjempekoselige og herlige dager \ud83d\ude0a &nbsp; &nbsp; Vi stod opp, ordnet oss, pakket koffertene v\u00e5re og gikk ned for \u00e5 spise frokost. S\u00e5 gikk vi opp p\u00e5 hotellrommet og tok med oss &hellip; <a href=\"http:\/\/www.torilkremmervik.no\/blogg\/?p=10090\">Continue reading <span class=\"meta-nav\">&rarr;<\/span><\/a><\/p>\n<script>\n<!-- \/\/LinkWithinCodeStart\nvar linkwithin_site_id = 1303645;\nvar linkwithin_div_class = \"linkwithin_hook\";\n\/\/LinkWithinCodeEnd -->\n<\/script>\n<script src=\"http:\/\/www.linkwithin.com\/widget.js\"><\/script>\n<a href=\"http:\/\/www.linkwithin.com\/\"><img decoding=\"async\" src=\"http:\/\/www.linkwithin.com\/pixel.png\" alt=\"Related Posts Plugin for WordPress, Blogger...\" style=\"border: 0\" \/><\/a>","protected":false},"author":1,"featured_media":0,"comment_status":"open","ping_status":"open","sticky":false,"template":"","format":"standard","meta":{"footnotes":""},"categories":[4518],"tags":[4519,4523,4524,4520,4521,4522],"class_list":["post-10090","post","type-post","status-publish","format-standard","hentry","category-bilder-fra-avreisedagen-fra-edinbourgh-18-09-2022","tag-avreise-18-09-2022","tag-bilder-tatt-fra-flyturen-hjem","tag-bilder-tatt-pa-flyplassen-i-edinbourgh","tag-edinbourgh-flyplass","tag-hjemreise-fra-edinbourgh","tag-norwegian-fly"],"aioseo_notices":[],"_links":{"self":[{"href":"http:\/\/www.torilkremmervik.no\/blogg\/index.php?rest_route=\/wp\/v2\/posts\/10090","targetHints":{"allow":["GET"]}}],"collection":[{"href":"http:\/\/www.torilkremmervik.no\/blogg\/index.php?rest_route=\/wp\/v2\/posts"}],"about":[{"href":"http:\/\/www.torilkremmervik.no\/blogg\/index.php?rest_route=\/wp\/v2\/types\/post"}],"author":[{"embeddable":true,"href":"http:\/\/www.torilkremmervik.no\/blogg\/index.php?rest_route=\/wp\/v2\/users\/1"}],"replies":[{"embeddable":true,"href":"http:\/\/www.torilkremmervik.no\/blogg\/index.php?rest_route=%2Fwp%2Fv2%2Fcomments&post=10090"}],"version-history":[{"count":2,"href":"http:\/\/www.torilkremmervik.no\/blogg\/index.php?rest_route=\/wp\/v2\/posts\/10090\/revisions"}],"predecessor-version":[{"id":10092,"href":"http:\/\/www.torilkremmervik.no\/blogg\/index.php?rest_route=\/wp\/v2\/posts\/10090\/revisions\/10092"}],"wp:attachment":[{"href":"http:\/\/www.torilkremmervik.no\/blogg\/index.php?rest_route=%2Fwp%2Fv2%2Fmedia&parent=10090"}],"wp:term":[{"taxonomy":"category","embeddable":true,"href":"http:\/\/www.torilkremmervik.no\/blogg\/index.php?rest_route=%2Fwp%2Fv2%2Fcategories&post=10090"},{"taxonomy":"post_tag","embeddable":true,"href":"http:\/\/www.torilkremmervik.no\/blogg\/index.php?rest_route=%2Fwp%2Fv2%2Ftags&post=10090"}],"curies":[{"name":"wp","href":"https:\/\/api.w.org\/{rel}","templated":true}]}}