{"id":10160,"date":"2023-02-06T18:09:10","date_gmt":"2023-02-06T17:09:10","guid":{"rendered":"http:\/\/www.torilkremmervik.no\/blogg\/?p=10160"},"modified":"2023-02-06T18:09:11","modified_gmt":"2023-02-06T17:09:11","slug":"endelig-tilbake-%f0%9f%98%8a-matte-habloggpause-pga-smerter-i-tommelen","status":"publish","type":"post","link":"http:\/\/www.torilkremmervik.no\/blogg\/?p=10160","title":{"rendered":"ENDELIG TILBAKE \ud83d\ude0a M\u00c5TTE HABLOGGPAUSE PGA SMERTER I TOMMELEN!"},"content":{"rendered":"<p>Hei, og hopp! Endelig tilbake igjen! Jeg ble tvunget til \u00e5 ta noen uker pause fra PC-bruk p.g.a at jeg har hatt smerter i tommelfingeren min i lengre tid.<br \/>\n&nbsp;<br \/>\n&nbsp;<br \/>\nDet begynte allerede tidlig i 2022, men jeg tenkte det roet seg etter jeg ble operert i november og m\u00e5tte ta pause fra trening. Nei da, det gjorde det ikke. Ble verre og verre, og leddet i tommelen er hovent. Det er smertefullt.<br \/>\n&nbsp;<br \/>\n&nbsp;<br \/>\nFastlegen min s\u00e5 p\u00e5 tommelen, og han er 99% sikker p\u00e5 at dette er artrose. Har v\u00e6rt p\u00e5 r\u00f8ntgen, og jeg er n\u00e5 henvist til ortoped. Jeg er totalt avhengig av tommelen siden jeg spiller fl\u00f8yte og piano.<br \/>\n&nbsp;<br \/>\n&nbsp;<br \/>\nHar begynt med artroseskinne for \u00e5 ha p\u00e5 h\u00e5nda, og jeg skal passe p\u00e5 \u00e5 ikke overbelaste tommelen ved \u00e5 skrive p\u00e5 PC. Derfor blir det ikke blogging hver dag, men 3-4 ganger i uka. Har n\u00e5 pr\u00f8vd \u00e5 ta helt fri fra PC-skriving, men tommelen er like vond.<br \/>\n&nbsp;<br \/>\n&nbsp;<br \/>\n16.01.2023 startet jeg opp igjen med opptrening til fysioterapeut, og det var en gledens dag som jeg har lengta lenge etter \ud83d\ude0a Etter f\u00f8rste trening var jeg s\u00e5 stiv at jeg vagget som en kalkun. Tydelig muskler som ikke har v\u00e6rt brukt de siste 10 ukene!<br \/>\n&nbsp;<br \/>\n&nbsp;<br \/>\nFysioterapeuten sier jeg ikke skal stresse, men ta tiden til hjelp for \u00e5 finne tilbake til formen min. P\u00e5 2 uker merker jeg formstigning, og det er superg\u00f8y \ud83d\ude0a N\u00e5 trener jeg 2 ganger i uka, og jeg trener helkropp. F\u00f8r \u00f8ktene g\u00e5r jeg p\u00e5 m\u00f8lla i 20 minutter, og etter \u00f8kta g\u00e5r jeg p\u00e5 m\u00f8lla i 20 minutter. I tillegg g\u00e5r jeg turer p\u00e5 ca.40 minutter de dagene jeg ikke trener.<br \/>\n&nbsp;<br \/>\n&nbsp;<br \/>\n09.02.2023 skal jeg til fysioterapeut p\u00e5 hjerteklinikken. Alle som har v\u00e6rt hjerte- og lungeoperert f\u00e5r tilbud om fysioterapi. Jeg \u00f8nsker \u00e5 f\u00e5 noen tips til hvordan jeg kan legge opp intervalltrening. Siden jeg trener s\u00e5 mye selv mente fysioterapeuten p\u00e5 hjerteklinikken at jeg ikke hadde behov for trening i gruppe, men heller f\u00e5 individuell veiledning til intervalltrening. Her m\u00e5 vi ta hensyn til at jeg har stive og vonde h\u00e6ler. Hun sa det er viktig at den intervalltreningen jeg gj\u00f8r blir tilpasset meg.<br \/>\n&nbsp;<br \/>\n&nbsp;<br \/>\nJanuar m\u00e5ned har fl\u00f8yet fort! Kor\u00f8velsene i korene jeg synger i er godt i gang. Det er kjempekoselig \ud83d\ude0a<br \/>\n&nbsp;<br \/>\n&nbsp;<br \/>\nDet har v\u00e6rt en mild januar med en del nedb\u00f8r som har gitt is- og holkef\u00f8re. N\u00e5 har jeg g\u00e5tt til innkj\u00f8p av icebugsko, og jeg priser meg lykkelig for innkj\u00f8pet. Jeg har aldri g\u00e5tt s\u00e5 avslappet p\u00e5 isf\u00f8re noen sinne. Dette er noe jeg anbefaler andre til \u00e5 g\u00e5 til innkj\u00f8p av.<br \/>\n&nbsp;<br \/>\n&nbsp;<br \/>\nHar f\u00e5tt tatt noen bilder, og Snorkfr\u00f8ken har v\u00e6rt p\u00e5 noen utflukter hun ogs\u00e5. Hun driver p\u00e5 \u00e5 dater Snusmumriken. Det har jeg billedbevis p\u00e5 \ud83e\udd23\ud83d\ude02<br \/>\n&nbsp;<br \/>\n&nbsp;<br \/>\nH\u00e5per januar m\u00e5ned har v\u00e6rt fin for dere?<br \/>\n&nbsp;<br \/>\n&nbsp;<br \/>\nHer er noen bilder som jeg har tatt, og h\u00e5per dere liker bildene mine \ud83d\ude0a<br \/>\n&nbsp;<br \/>\n&nbsp;<\/p>\n<p style=\"text-align: center\"><img loading=\"lazy\" decoding=\"async\" src=\"https:\/\/cdn.blogg.no\/content\/uploads\/sites\/430\/2023\/02\/06165937\/210123_ettermiddagshimmel_city_syd1a-500x382.jpg\" alt=\"\" width=\"500\" height=\"382\" class=\"alignnone size-medium wp-image-6733\"><\/p>\n<p style=\"text-align: center\">Kjempenydelig ettermiddagshimmel over Vassfjellet og Tiller \ud83d\ude0a<\/p>\n<p>&nbsp;<br \/>\n&nbsp;<\/p>\n<p style=\"text-align: center\"><img loading=\"lazy\" decoding=\"async\" src=\"https:\/\/cdn.blogg.no\/content\/uploads\/sites\/430\/2023\/02\/06170056\/120123_snorkfroeken_notebrett1a-500x337.jpg\" alt=\"\" width=\"500\" height=\"337\" class=\"alignnone size-medium wp-image-6736\"><\/p>\n<p style=\"text-align: center\">Snorkfr\u00f8ken ville bli med p\u00e5 kor\u00f8velse for \u00e5 se om det var noe for henne. Her tok hun plass p\u00e5 notestativet p\u00e5 pianoet til dirigenten \ud83d\ude0a<\/p>\n<p>&nbsp;<br \/>\n&nbsp;<\/p>\n<p style=\"text-align: center\"><img loading=\"lazy\" decoding=\"async\" src=\"https:\/\/cdn.blogg.no\/content\/uploads\/sites\/430\/2023\/02\/06170116\/160123_snorkfroeken_benk_garderobe1a-500x357.jpg\" alt=\"\" width=\"500\" height=\"357\" class=\"alignnone size-medium wp-image-6737\"><\/p>\n<p style=\"text-align: center\">Snorkfr\u00f8ken i garderoben hos fysioterapeuten \ud83d\ude0a<\/p>\n<p>&nbsp;<br \/>\n&nbsp;<\/p>\n<p style=\"text-align: center\"><img loading=\"lazy\" decoding=\"async\" src=\"https:\/\/cdn.blogg.no\/content\/uploads\/sites\/430\/2023\/02\/06170138\/160123_snorkfroeken_vinduskarm_garderobe2a-500x394.jpg\" alt=\"\" width=\"500\" height=\"394\" class=\"alignnone size-medium wp-image-6738\"><\/p>\n<p style=\"text-align: center\">Snorkfr\u00f8ken i garderoben hos fysioterapeuten \ud83d\ude0a<\/p>\n<p>&nbsp;<br \/>\n&nbsp;<\/p>\n<p style=\"text-align: center\"><img loading=\"lazy\" decoding=\"async\" src=\"https:\/\/cdn.blogg.no\/content\/uploads\/sites\/430\/2023\/02\/06165952\/140123_snorkfroeken_mumriken1a-500x375.jpg\" alt=\"\" width=\"500\" height=\"375\" class=\"alignnone size-medium wp-image-6734\"><\/p>\n<p style=\"text-align: center\">Noen hadde observert Snorkfr\u00f8ken og Snusmumriken p\u00e5 en sten i fj\u00e6ra i januar m\u00e5ned \u2764\ud83d\udc99\ud83d\ude0a<\/p>\n<div class=\"linkwithin_hook\" id=\"http:\/\/www.torilkremmervik.no\/blogg\/?p=10160\"><\/div><script>\n<!-- \/\/LinkWithinCodeStart\nvar linkwithin_site_id = 1303645;\nvar linkwithin_div_class = \"linkwithin_hook\";\n\/\/LinkWithinCodeEnd -->\n<\/script>\n<script src=\"http:\/\/www.linkwithin.com\/widget.js\"><\/script>\n<a href=\"http:\/\/www.linkwithin.com\/\"><img decoding=\"async\" src=\"http:\/\/www.linkwithin.com\/pixel.png\" alt=\"Related Posts Plugin for WordPress, Blogger...\" style=\"border: 0\" \/><\/a>","protected":false},"excerpt":{"rendered":"<p>Hei, og hopp! Endelig tilbake igjen! Jeg ble tvunget til \u00e5 ta noen uker pause fra PC-bruk p.g.a at jeg har hatt smerter i tommelfingeren min i lengre tid. &nbsp; &nbsp; Det begynte allerede tidlig i 2022, men jeg tenkte &hellip; <a href=\"http:\/\/www.torilkremmervik.no\/blogg\/?p=10160\">Continue reading <span class=\"meta-nav\">&rarr;<\/span><\/a><\/p>\n<script>\n<!-- \/\/LinkWithinCodeStart\nvar linkwithin_site_id = 1303645;\nvar linkwithin_div_class = \"linkwithin_hook\";\n\/\/LinkWithinCodeEnd -->\n<\/script>\n<script src=\"http:\/\/www.linkwithin.com\/widget.js\"><\/script>\n<a href=\"http:\/\/www.linkwithin.com\/\"><img decoding=\"async\" src=\"http:\/\/www.linkwithin.com\/pixel.png\" alt=\"Related Posts Plugin for WordPress, Blogger...\" style=\"border: 0\" \/><\/a>","protected":false},"author":1,"featured_media":0,"comment_status":"open","ping_status":"open","sticky":false,"template":"","format":"standard","meta":{"footnotes":""},"categories":[4631],"tags":[4635,4633,4638,4636,4637,4632,4634,4618,4616],"class_list":["post-10160","post","type-post","status-publish","format-standard","hentry","category-tilbake-etter-en-pause-pga-vond-tommel","tag-artrose-i-tommelen","tag-begynt-til-fysioterapeut","tag-bilder-tatt-januar-2023","tag-bloggpause-pga-smerter-i-tommel","tag-januar-maned-2023","tag-korovelser-i-gang","tag-oppsummering-av-januar","tag-snorkfroken","tag-snusmumrikken"],"aioseo_notices":[],"_links":{"self":[{"href":"http:\/\/www.torilkremmervik.no\/blogg\/index.php?rest_route=\/wp\/v2\/posts\/10160","targetHints":{"allow":["GET"]}}],"collection":[{"href":"http:\/\/www.torilkremmervik.no\/blogg\/index.php?rest_route=\/wp\/v2\/posts"}],"about":[{"href":"http:\/\/www.torilkremmervik.no\/blogg\/index.php?rest_route=\/wp\/v2\/types\/post"}],"author":[{"embeddable":true,"href":"http:\/\/www.torilkremmervik.no\/blogg\/index.php?rest_route=\/wp\/v2\/users\/1"}],"replies":[{"embeddable":true,"href":"http:\/\/www.torilkremmervik.no\/blogg\/index.php?rest_route=%2Fwp%2Fv2%2Fcomments&post=10160"}],"version-history":[{"count":2,"href":"http:\/\/www.torilkremmervik.no\/blogg\/index.php?rest_route=\/wp\/v2\/posts\/10160\/revisions"}],"predecessor-version":[{"id":10162,"href":"http:\/\/www.torilkremmervik.no\/blogg\/index.php?rest_route=\/wp\/v2\/posts\/10160\/revisions\/10162"}],"wp:attachment":[{"href":"http:\/\/www.torilkremmervik.no\/blogg\/index.php?rest_route=%2Fwp%2Fv2%2Fmedia&parent=10160"}],"wp:term":[{"taxonomy":"category","embeddable":true,"href":"http:\/\/www.torilkremmervik.no\/blogg\/index.php?rest_route=%2Fwp%2Fv2%2Fcategories&post=10160"},{"taxonomy":"post_tag","embeddable":true,"href":"http:\/\/www.torilkremmervik.no\/blogg\/index.php?rest_route=%2Fwp%2Fv2%2Ftags&post=10160"}],"curies":[{"name":"wp","href":"https:\/\/api.w.org\/{rel}","templated":true}]}}