{"id":10498,"date":"2023-07-29T20:58:56","date_gmt":"2023-07-29T18:58:56","guid":{"rendered":"http:\/\/www.torilkremmervik.no\/blogg\/?p=10498"},"modified":"2023-07-29T20:58:57","modified_gmt":"2023-07-29T18:58:57","slug":"dagen-i-dag-og-katters-merkeligste-soveplasser-%f0%9f%98%8d","status":"publish","type":"post","link":"http:\/\/www.torilkremmervik.no\/blogg\/?p=10498","title":{"rendered":"DAGEN I DAG OG KATTERS MERKELIGSTE SOVEPLASSER \ud83d\ude0d"},"content":{"rendered":"<p>L\u00f8rdag kveld 29.07.2023, og det er jammen ikke mange dagene igjen av denne m\u00e5neden.<br \/>\n&nbsp;<br \/>\n&nbsp;<br \/>\nDa vi v\u00e5knet i dag var det overskyet og gr\u00e5tt, men fine temperaturer p\u00e5 17 grader.<br \/>\n&nbsp;<br \/>\n&nbsp;<br \/>\nVi holder p\u00e5 \u00e5 flytte alle sakene v\u00e5re ned i bodene nede, fordi de som bor i 2.etg skal f\u00e5 overta loftsbodene, og vi i 1.etg kjellerbodene. Fikk f\u00f8rste lass av det vi skal kaste i bilen, og mannen min kj\u00f8rte p\u00e5 gjenvinningsstasjonen for \u00e5 kaste det vi hadde samlet opp.<br \/>\n&nbsp;<br \/>\n&nbsp;<br \/>\nN\u00e5r han kom hjem spiste vi lunch. S\u00e5 tuslet vi ned til Trondheim Sentrum for \u00e5 se litt. N\u00e5 er jo Olavsfest i gang, og temaet for \u00e5ret Olavsfest er: &#8220;Tillit&#8221;. Det er s\u00e5 mye som foreg\u00e5r i Trondheim n\u00e5 mens Olavsfest foreg\u00e5r som kirkekonserter, gudstjenester i Nidarosdomen og V\u00e5r Frues Kirke, barneforestillinger, marked utenfor Nidarosdomen med h\u00e5ndlagede produkter, konserter med kjente artister i Borgg\u00e5rden osv.<br \/>\n&nbsp;<br \/>\n&nbsp;<br \/>\nI sentrum gjorde jeg unna noen \u00e6render som jeg m\u00e5tte gj\u00f8re. S\u00e5 gikk vi litt rundt i Trondheim sentrum for \u00e5 se p\u00e5 folkelivet. Det var masse folk i byen i dag. Vi satte oss ute p\u00e5 en kaf\u00e8 og koste oss med kaffe. S\u00e5 fikk vi opp til Nidarosdomen for \u00e5 se p\u00e5 markedet som var der.<br \/>\n&nbsp;<br \/>\n&nbsp;<br \/>\nI l\u00f8pet av de timene vi var i byen s\u00e5 kom solen frem, og det ble kjempefin sol fra bl\u00e5 himmel \ud83d\ude0d<br \/>\n&nbsp;<br \/>\n&nbsp;<br \/>\nKom hjem kl.16.30. Vi slappet av og spiste middag. N\u00e5 er det avslapping og TV resten av kvelden \ud83d\ude0a I morgen tidlig m\u00e5 vi st\u00e5 tidlig opp, for vi skal i Nidarosdomen for \u00e5 h\u00f8re p\u00e5 datteren til min nev\u00f8 synge i Nidarosdomen med sommerkorskolen sitt kor som hun er med p\u00e5. Det blir g\u00f8y \u00e5 h\u00f8re \ud83d\ude0a Vi var og h\u00f8rte p\u00e5 det koret i fjor, og de var kjempeflinke \u00e5 synge \ud83d\ude0d<br \/>\n&nbsp;<br \/>\n&nbsp;<br \/>\nH\u00e5per at dere har hatt en fin og god l\u00f8rdag?<br \/>\n&nbsp;<br \/>\n&nbsp;<br \/>\nI dag \u00f8nsker jeg \u00e5 dele noen eldre bilder av noen tidligere katter jeg har hatt. Bildene er tatt i \u00e5rene mellom 2008 &#8211; 2010. De viser noen merkelige liggeplasser som jeg aldri trodde de kunne finne \ud83d\ude02\ud83e\udd23<br \/>\n&nbsp;<br \/>\n&nbsp;<br \/>\nH\u00e5per dere liker bildene mine \ud83d\ude0a<br \/>\n&nbsp;<br \/>\n&nbsp;<\/p>\n<p style=\"text-align: center\"><img loading=\"lazy\" decoding=\"async\" src=\"https:\/\/cdn.blogg.no\/content\/uploads\/sites\/430\/2023\/07\/29192419\/120508_svartfot6-500x328.jpg\" alt=\"\" width=\"500\" height=\"328\" class=\"size-medium wp-image-8052\" <=\"\" p=\"\"><\/p>\n<p style=\"text-align: center\">Huspusen v\u00e5r Svartfot som vi hadde frem til 2013 var optimistisk at han jammen meg fikk plass opp i br\u00f8dkurva som stod p\u00e5 kj\u00f8kkenbenken \ud83d\udc99\ud83d\ude0a Bildet ble tatt i 2008.<\/p>\n<p>&nbsp;<br \/>\n&nbsp;<\/p>\n<p style=\"text-align: center\"><img loading=\"lazy\" decoding=\"async\" src=\"https:\/\/cdn.blogg.no\/content\/uploads\/sites\/430\/2023\/07\/29192535\/250508_svartfot1a-500x375.jpg\" alt=\"\" width=\"500\" height=\"375\" class=\"size-medium wp-image-8053\"><\/p>\n<p style=\"text-align: center\">Dette bildet av huspusen v\u00e5r Svartfot ble tatt i 2008. Vi lette og lette over hele leiligheten v\u00e5r etter Svartfot, og vi forsto over hodet ikke hvor han var. S\u00e5 tittet vi opp p\u00e5 kj\u00f8kkenskapet, og der hadde han sovnet p\u00e5 serveringsbrettet \ud83e\udd23\ud83d\ude02<\/p>\n<p>&nbsp;<br \/>\n&nbsp;<\/p>\n<p style=\"text-align: center\"><img loading=\"lazy\" decoding=\"async\" src=\"https:\/\/cdn.blogg.no\/content\/uploads\/sites\/430\/2023\/07\/29192022\/290910_corvette_blondie_nadina_vindu2a-500x289.jpg\" alt=\"\" width=\"500\" height=\"289\" class=\"alignnone size-medium wp-image-8050\"><\/p>\n<p style=\"text-align: center\">Tre abyssinere (Corvette, Blondie og Nadina) slapper av i vinduskarmen \u2764\u2764\u2764\ud83d\ude0a Bildet ble tatt i 20210.<\/p>\n<div class=\"linkwithin_hook\" id=\"http:\/\/www.torilkremmervik.no\/blogg\/?p=10498\"><\/div><script>\n<!-- \/\/LinkWithinCodeStart\nvar linkwithin_site_id = 1303645;\nvar linkwithin_div_class = \"linkwithin_hook\";\n\/\/LinkWithinCodeEnd -->\n<\/script>\n<script src=\"http:\/\/www.linkwithin.com\/widget.js\"><\/script>\n<a href=\"http:\/\/www.linkwithin.com\/\"><img decoding=\"async\" src=\"http:\/\/www.linkwithin.com\/pixel.png\" alt=\"Related Posts Plugin for WordPress, Blogger...\" style=\"border: 0\" \/><\/a>","protected":false},"excerpt":{"rendered":"<p>L\u00f8rdag kveld 29.07.2023, og det er jammen ikke mange dagene igjen av denne m\u00e5neden. &nbsp; &nbsp; Da vi v\u00e5knet i dag var det overskyet og gr\u00e5tt, men fine temperaturer p\u00e5 17 grader. &nbsp; &nbsp; Vi holder p\u00e5 \u00e5 flytte alle &hellip; <a href=\"http:\/\/www.torilkremmervik.no\/blogg\/?p=10498\">Continue reading <span class=\"meta-nav\">&rarr;<\/span><\/a><\/p>\n<script>\n<!-- \/\/LinkWithinCodeStart\nvar linkwithin_site_id = 1303645;\nvar linkwithin_div_class = \"linkwithin_hook\";\n\/\/LinkWithinCodeEnd -->\n<\/script>\n<script src=\"http:\/\/www.linkwithin.com\/widget.js\"><\/script>\n<a href=\"http:\/\/www.linkwithin.com\/\"><img decoding=\"async\" src=\"http:\/\/www.linkwithin.com\/pixel.png\" alt=\"Related Posts Plugin for WordPress, Blogger...\" style=\"border: 0\" \/><\/a>","protected":false},"author":1,"featured_media":0,"comment_status":"open","ping_status":"open","sticky":false,"template":"","format":"standard","meta":{"footnotes":""},"categories":[5222],"tags":[2934,5016,5225,5224,5223],"class_list":["post-10498","post","type-post","status-publish","format-standard","hentry","category-om-dagen-i-dag-29-07-2023","tag-bytur","tag-dagen-i-dag","tag-folkeliv-i-trondheim-sentrum","tag-olavsfest-2023","tag-rydding-og-tomming-av-loft"],"aioseo_notices":[],"_links":{"self":[{"href":"http:\/\/www.torilkremmervik.no\/blogg\/index.php?rest_route=\/wp\/v2\/posts\/10498","targetHints":{"allow":["GET"]}}],"collection":[{"href":"http:\/\/www.torilkremmervik.no\/blogg\/index.php?rest_route=\/wp\/v2\/posts"}],"about":[{"href":"http:\/\/www.torilkremmervik.no\/blogg\/index.php?rest_route=\/wp\/v2\/types\/post"}],"author":[{"embeddable":true,"href":"http:\/\/www.torilkremmervik.no\/blogg\/index.php?rest_route=\/wp\/v2\/users\/1"}],"replies":[{"embeddable":true,"href":"http:\/\/www.torilkremmervik.no\/blogg\/index.php?rest_route=%2Fwp%2Fv2%2Fcomments&post=10498"}],"version-history":[{"count":1,"href":"http:\/\/www.torilkremmervik.no\/blogg\/index.php?rest_route=\/wp\/v2\/posts\/10498\/revisions"}],"predecessor-version":[{"id":10499,"href":"http:\/\/www.torilkremmervik.no\/blogg\/index.php?rest_route=\/wp\/v2\/posts\/10498\/revisions\/10499"}],"wp:attachment":[{"href":"http:\/\/www.torilkremmervik.no\/blogg\/index.php?rest_route=%2Fwp%2Fv2%2Fmedia&parent=10498"}],"wp:term":[{"taxonomy":"category","embeddable":true,"href":"http:\/\/www.torilkremmervik.no\/blogg\/index.php?rest_route=%2Fwp%2Fv2%2Fcategories&post=10498"},{"taxonomy":"post_tag","embeddable":true,"href":"http:\/\/www.torilkremmervik.no\/blogg\/index.php?rest_route=%2Fwp%2Fv2%2Ftags&post=10498"}],"curies":[{"name":"wp","href":"https:\/\/api.w.org\/{rel}","templated":true}]}}