{"id":10765,"date":"2023-09-21T10:34:43","date_gmt":"2023-09-21T08:34:43","guid":{"rendered":"http:\/\/www.torilkremmervik.no\/blogg\/?p=10765"},"modified":"2023-09-21T10:34:43","modified_gmt":"2023-09-21T08:34:43","slug":"torsdagens-visdomsord-om-medmenneskelighet-%f0%9f%a5%b0","status":"publish","type":"post","link":"http:\/\/www.torilkremmervik.no\/blogg\/?p=10765","title":{"rendered":"TORSDAGENS VISDOMSORD OM MEDMENNESKELIGHET \ud83e\udd70"},"content":{"rendered":"<p>Riktig god torsdag formiddag kj\u00e6re bloggvenner og f\u00f8lgere \ud83d\ude0d I dag v\u00e5knet jeg uthvilt f\u00f8r klokka ringte kl.08.30. Det var bare komme seg opp \u00e5 begynne dagen \ud83d\ude0a<br \/>\n&nbsp;<br \/>\n&nbsp;<br \/>\nKaffen ble drukket og havregr\u00f8ten spist og jeg fikk lest litt nyheter p\u00e5 nettet.<br \/>\n&nbsp;<br \/>\n&nbsp;<br \/>\nI dag kl.11.30 skal jeg til fris\u00f8ren \u00e5 f\u00e5 stusset h\u00e5ret, og i tillegg skal jeg livne det litt opp med striper. Blir deilig med en fris\u00f8rtime n\u00e5 ja \ud83d\ude42 P\u00e5 fredag 22.09.23 er det jo 100 \u00e5rs jubileumsfest for koret jeg synger, og det blir kjempemoro. Det er jubileumsfest p\u00e5 selve datoen vi ble stiftet, og det er kjempemoro \ud83d\ude42<br \/>\n&nbsp;<br \/>\n&nbsp;<br \/>\nN\u00e5 har jeg en periode p\u00e5 bloggen min hvor jeg deler visdomsord om medmenneskelighet, nestekj\u00e6rlighet og omsorg for andre mennesker  \ud83e\udd70<br \/>\n&nbsp;<br \/>\n&nbsp;<br \/>\nDet \u00e5 vise medmenneskelighet for andre mennesker rundt oss er kjempeviktig \ud83e\udd70 Synes det er viktig \u00e5 tenke over at vi dagens samfunn bryr oss om hverandre \ud83e\udd70<br \/>\n&nbsp;<br \/>\n&nbsp;<br \/>\nDagens visdomsord synes jeg var kjempefint, og det sier s\u00e5 mye om nestekj\u00e6rlighet og omtanke \ud83e\udd70<br \/>\n&nbsp;<br \/>\nHer er dagens visdomsord, og h\u00e5per dere liker det:<br \/>\n&nbsp;<br \/>\n<em>&#8220;Jeg ser deg min venn<br \/>\nOg jeg kjenner meg igjen<br \/>\nN\u00e5r jeg ser p\u00e5 deg med innsiden av hjertet mitt.&#8221;<\/em>Av: Ole Paus<br \/>\nKilde: <a href=\"https:\/\/www.ordtak.no\/index.php?emne=Medmenneskelighet\">https:\/\/www.ordtak.no\/index.php?emne=Medmenneskelighet<\/a><br \/>\n&nbsp;<br \/>\n&nbsp;<\/p>\n<p style=\"text-align: center\"><img loading=\"lazy\" decoding=\"async\" src=\"https:\/\/cdn.blogg.no\/content\/uploads\/sites\/430\/2023\/09\/12170459\/190620_sol_i_hender2a-500x449.jpg\" alt=\"\" width=\"500\" height=\"449\" class=\"alignnone size-medium wp-image-9100\"><\/p>\n<p style=\"text-align: center\">\n<div class=\"linkwithin_hook\" id=\"http:\/\/www.torilkremmervik.no\/blogg\/?p=10765\"><\/div><script>\n<!-- \/\/LinkWithinCodeStart\nvar linkwithin_site_id = 1303645;\nvar linkwithin_div_class = \"linkwithin_hook\";\n\/\/LinkWithinCodeEnd -->\n<\/script>\n<script src=\"http:\/\/www.linkwithin.com\/widget.js\"><\/script>\n<a href=\"http:\/\/www.linkwithin.com\/\"><img decoding=\"async\" src=\"http:\/\/www.linkwithin.com\/pixel.png\" alt=\"Related Posts Plugin for WordPress, Blogger...\" style=\"border: 0\" \/><\/a>","protected":false},"excerpt":{"rendered":"<p>Riktig god torsdag formiddag kj\u00e6re bloggvenner og f\u00f8lgere \ud83d\ude0d I dag v\u00e5knet jeg uthvilt f\u00f8r klokka ringte kl.08.30. Det var bare komme seg opp \u00e5 begynne dagen \ud83d\ude0a &nbsp; &nbsp; Kaffen ble drukket og havregr\u00f8ten spist og jeg fikk lest &hellip; <a href=\"http:\/\/www.torilkremmervik.no\/blogg\/?p=10765\">Continue reading <span class=\"meta-nav\">&rarr;<\/span><\/a><\/p>\n<script>\n<!-- \/\/LinkWithinCodeStart\nvar linkwithin_site_id = 1303645;\nvar linkwithin_div_class = \"linkwithin_hook\";\n\/\/LinkWithinCodeEnd -->\n<\/script>\n<script src=\"http:\/\/www.linkwithin.com\/widget.js\"><\/script>\n<a href=\"http:\/\/www.linkwithin.com\/\"><img decoding=\"async\" src=\"http:\/\/www.linkwithin.com\/pixel.png\" alt=\"Related Posts Plugin for WordPress, Blogger...\" style=\"border: 0\" \/><\/a>","protected":false},"author":1,"featured_media":0,"comment_status":"open","ping_status":"open","sticky":false,"template":"","format":"standard","meta":{"footnotes":""},"categories":[5694],"tags":[5671,5557,5695,5669,5696,5601],"class_list":["post-10765","post","type-post","status-publish","format-standard","hentry","category-torsdagens-visdomsord-om-medmenneskelighet","tag-medmenneskelighet","tag-omtanke-for-andre-mennesker","tag-torsdagens-visdomsord-om-medmenneskelighet","tag-visdomsord-om-medmenneskelighet","tag-vise-nestekjaerlighet-for-andre-mennesker","tag-vise-omsorg-for-andre-mennesker"],"aioseo_notices":[],"_links":{"self":[{"href":"http:\/\/www.torilkremmervik.no\/blogg\/index.php?rest_route=\/wp\/v2\/posts\/10765","targetHints":{"allow":["GET"]}}],"collection":[{"href":"http:\/\/www.torilkremmervik.no\/blogg\/index.php?rest_route=\/wp\/v2\/posts"}],"about":[{"href":"http:\/\/www.torilkremmervik.no\/blogg\/index.php?rest_route=\/wp\/v2\/types\/post"}],"author":[{"embeddable":true,"href":"http:\/\/www.torilkremmervik.no\/blogg\/index.php?rest_route=\/wp\/v2\/users\/1"}],"replies":[{"embeddable":true,"href":"http:\/\/www.torilkremmervik.no\/blogg\/index.php?rest_route=%2Fwp%2Fv2%2Fcomments&post=10765"}],"version-history":[{"count":1,"href":"http:\/\/www.torilkremmervik.no\/blogg\/index.php?rest_route=\/wp\/v2\/posts\/10765\/revisions"}],"predecessor-version":[{"id":10766,"href":"http:\/\/www.torilkremmervik.no\/blogg\/index.php?rest_route=\/wp\/v2\/posts\/10765\/revisions\/10766"}],"wp:attachment":[{"href":"http:\/\/www.torilkremmervik.no\/blogg\/index.php?rest_route=%2Fwp%2Fv2%2Fmedia&parent=10765"}],"wp:term":[{"taxonomy":"category","embeddable":true,"href":"http:\/\/www.torilkremmervik.no\/blogg\/index.php?rest_route=%2Fwp%2Fv2%2Fcategories&post=10765"},{"taxonomy":"post_tag","embeddable":true,"href":"http:\/\/www.torilkremmervik.no\/blogg\/index.php?rest_route=%2Fwp%2Fv2%2Ftags&post=10765"}],"curies":[{"name":"wp","href":"https:\/\/api.w.org\/{rel}","templated":true}]}}