{"id":10947,"date":"2023-11-02T10:13:29","date_gmt":"2023-11-02T09:13:29","guid":{"rendered":"https:\/\/www.torilkremmervik.no\/blogg\/?p=10947"},"modified":"2023-11-02T10:13:30","modified_gmt":"2023-11-02T09:13:30","slug":"torsdagens-visdomsrod-om-glede-%f0%9f%98%8d","status":"publish","type":"post","link":"http:\/\/www.torilkremmervik.no\/blogg\/?p=10947","title":{"rendered":"TORSDAGENS VISDOMSROD OM GLEDE \ud83d\ude0d"},"content":{"rendered":"<p>S\u00e5 har vi kommet til 02.11.2023. V\u00e6ret er overskyet, gr\u00e5tt og litt nedb\u00f8r. Temperaturen er p\u00e5 ca. +5 grader.<br \/>\n&nbsp;<br \/>\n&nbsp;<br \/>\nI dag er planen \u00e5 g\u00e5 meg en tur. Det er kjempegodt \u00e5 g\u00e5 en tur ut i frisk luft, og det gir meg masse energi \ud83d\ude0a Det er s\u00e5 deilig \u00e5 komme seg ut i dagslys, og jeg er sikker p\u00e5 at det \u00e5 komme seg ut i dagslyset gj\u00f8r noe med oss.<br \/>\n&nbsp;<br \/>\n&nbsp;<br \/>\nI kveld er det kor\u00f8velse i koret hvor mannen min og jeg synger i, og i kveld skal vi damene \u00f8ve f\u00f8rst. Mennene kommer til pause, og s\u00e5 har vi \u00f8velse sammen resten av kor\u00f8velsen.<br \/>\n&nbsp;<br \/>\n&nbsp;<br \/>\nI november skal vi i koret ha en \u00f8vingshelg hvor vi \u00f8ver p\u00e5 sangene til julekonserten og til konserten vi skal ha i februar \ud83d\ude0a<br \/>\n&nbsp;<br \/>\n&nbsp;<br \/>\nH\u00e5per torsdagen deres blir god og fin, og ta godt vare p\u00e5 dagen \ud83e\udd70<br \/>\n&nbsp;<br \/>\n&nbsp;<br \/>\nN\u00e5 har jeg en periode p\u00e5 bloggen min hvor jeg deler visdomsord om glede. Glede er s\u00e5 mye forskjellig, og det er ingen fasit p\u00e5 hva som er glede. Glede er for meg utrolig mye. Jeg kan bli glad p\u00e5 andres vegne, og jeg blir glad p\u00e5 vegne av meg selv. Gleden f\u00e5r frem smil og latter, og gleden gir en f\u00f8lelse av at bobler over inne i meg \ud83d\ude0a Jeg liker \u00e5 gj\u00f8re mennesker rundt meg glad, og det f\u00f8rer til at jeg blir glad selv.<br \/>\n&nbsp;<br \/>\n&nbsp;<br \/>\nDagens visdomsord synes jeg var kjempefint, og det sier s\u00e5 mye om hva glede er \ud83e\udd70<br \/>\n&nbsp;<br \/>\nHer er dagens visdomsord, og h\u00e5per dere liker det:<br \/>\n&nbsp;<br \/>\n<em>&#8220;Sorgen greier du selv, men for \u00e5 f\u00e5 det fulle utbytte av gleden m\u00e5 du dele den med andre.&#8221;<\/em>Av: Mark Twain<br \/>\nKilde: <a href=\"http:\/\/sitater.org\/glede\">http:\/\/sitater.org\/glede<\/a><br \/>\n&nbsp;<br \/>\n&nbsp;<\/p>\n<p style=\"text-align: center\"><img loading=\"lazy\" decoding=\"async\" src=\"https:\/\/cdn.blogg.no\/content\/uploads\/sites\/430\/2023\/11\/01184429\/170518_groent_tre_bla_himmel5.jpg\" alt=\"\" width=\"400\" height=\"459\" class=\"alignnone size-medium wp-image-9896\" \/><\/p>\n<p style=\"text-align: center\">Jeg blir kjempeglad n\u00e5r jeg ser at det gr\u00f8nnes i naturen om v\u00e5ren, og jeg blir glad n\u00e5r jeg ser at bj\u00f8rken blir gr\u00f8nn til 17.mai \ud83d\ude0a<\/p>\n<div class=\"linkwithin_hook\" id=\"http:\/\/www.torilkremmervik.no\/blogg\/?p=10947\"><\/div><script>\n<!-- \/\/LinkWithinCodeStart\nvar linkwithin_site_id = 1303645;\nvar linkwithin_div_class = \"linkwithin_hook\";\n\/\/LinkWithinCodeEnd -->\n<\/script>\n<script src=\"http:\/\/www.linkwithin.com\/widget.js\"><\/script>\n<a href=\"http:\/\/www.linkwithin.com\/\"><img decoding=\"async\" src=\"http:\/\/www.linkwithin.com\/pixel.png\" alt=\"Related Posts Plugin for WordPress, Blogger...\" style=\"border: 0\" \/><\/a>","protected":false},"excerpt":{"rendered":"<p>S\u00e5 har vi kommet til 02.11.2023. V\u00e6ret er overskyet, gr\u00e5tt og litt nedb\u00f8r. Temperaturen er p\u00e5 ca. +5 grader. &nbsp; &nbsp; I dag er planen \u00e5 g\u00e5 meg en tur. Det er kjempegodt \u00e5 g\u00e5 en tur ut i frisk &hellip; <a href=\"http:\/\/www.torilkremmervik.no\/blogg\/?p=10947\">Continue reading <span class=\"meta-nav\">&rarr;<\/span><\/a><\/p>\n<script>\n<!-- \/\/LinkWithinCodeStart\nvar linkwithin_site_id = 1303645;\nvar linkwithin_div_class = \"linkwithin_hook\";\n\/\/LinkWithinCodeEnd -->\n<\/script>\n<script src=\"http:\/\/www.linkwithin.com\/widget.js\"><\/script>\n<a href=\"http:\/\/www.linkwithin.com\/\"><img decoding=\"async\" src=\"http:\/\/www.linkwithin.com\/pixel.png\" alt=\"Related Posts Plugin for WordPress, Blogger...\" style=\"border: 0\" \/><\/a>","protected":false},"author":1,"featured_media":0,"comment_status":"open","ping_status":"open","sticky":false,"template":"","format":"standard","meta":{"footnotes":""},"categories":[5908],"tags":[1445,5898,4402,5909,5925],"class_list":["post-10947","post","type-post","status-publish","format-standard","hentry","category-torsdagens-visdomsord-om-glede","tag-glede","tag-hva-er-glede","tag-kloke-og-sanne-visdomsord","tag-torsdagens-visdomsord-om-glede","tag-visdomsord-om-glede"],"aioseo_notices":[],"_links":{"self":[{"href":"http:\/\/www.torilkremmervik.no\/blogg\/index.php?rest_route=\/wp\/v2\/posts\/10947","targetHints":{"allow":["GET"]}}],"collection":[{"href":"http:\/\/www.torilkremmervik.no\/blogg\/index.php?rest_route=\/wp\/v2\/posts"}],"about":[{"href":"http:\/\/www.torilkremmervik.no\/blogg\/index.php?rest_route=\/wp\/v2\/types\/post"}],"author":[{"embeddable":true,"href":"http:\/\/www.torilkremmervik.no\/blogg\/index.php?rest_route=\/wp\/v2\/users\/1"}],"replies":[{"embeddable":true,"href":"http:\/\/www.torilkremmervik.no\/blogg\/index.php?rest_route=%2Fwp%2Fv2%2Fcomments&post=10947"}],"version-history":[{"count":1,"href":"http:\/\/www.torilkremmervik.no\/blogg\/index.php?rest_route=\/wp\/v2\/posts\/10947\/revisions"}],"predecessor-version":[{"id":10948,"href":"http:\/\/www.torilkremmervik.no\/blogg\/index.php?rest_route=\/wp\/v2\/posts\/10947\/revisions\/10948"}],"wp:attachment":[{"href":"http:\/\/www.torilkremmervik.no\/blogg\/index.php?rest_route=%2Fwp%2Fv2%2Fmedia&parent=10947"}],"wp:term":[{"taxonomy":"category","embeddable":true,"href":"http:\/\/www.torilkremmervik.no\/blogg\/index.php?rest_route=%2Fwp%2Fv2%2Fcategories&post=10947"},{"taxonomy":"post_tag","embeddable":true,"href":"http:\/\/www.torilkremmervik.no\/blogg\/index.php?rest_route=%2Fwp%2Fv2%2Ftags&post=10947"}],"curies":[{"name":"wp","href":"https:\/\/api.w.org\/{rel}","templated":true}]}}