{"id":3425,"date":"2015-06-10T17:40:19","date_gmt":"2015-06-10T15:40:19","guid":{"rendered":"http:\/\/www.torilkremmervik.no\/blogg\/?p=3425"},"modified":"2015-06-10T17:40:19","modified_gmt":"2015-06-10T15:40:19","slug":"bloggoppdatering-med-nye-bilder","status":"publish","type":"post","link":"http:\/\/www.torilkremmervik.no\/blogg\/?p=3425","title":{"rendered":"BLOGGOPPDATERING MED NYE BILDER :)"},"content":{"rendered":"<p style=\"text-align: left;\">De fleste Tr\u00f8ndere sp\u00f8r seg selv om hvor godv\u00e6ret med sol og varme blir av? Har v\u00e6rgudene glemt oss her i Midt-Norge? V\u00e6ret har for det meste best\u00e5tt i gr\u00e5tt v\u00e6r og regn, regn og atter regn. Det er slik at vi m\u00e5 skru p\u00e5 varmeovnene, for det er ganske s\u00e5 hustrig. Jo da, vi har sett den rare gule tingen p\u00e5 himmelen noen dager, men bortskjemte er vi ikke. N\u00e5 er vi Tr\u00f8ndere et t\u00e5lmodig folkeslag, s\u00e5 den som venter p\u00e5 noe godt venter ikke forgjeves \ud83d\ude09 Det kommer nok en varmeb\u00f8lge med sol og varme hit til Tr\u00f8ndelag ogs\u00e5.<\/p>\n<p style=\"text-align: left;\">N\u00e5 n\u00e6rmer det seg sommerferie, b\u00e5de fra det koret jeg dirigerer og de korene jeg synger i. P\u00e5 mandag som kommer 15.06.2015 har vi sommeravslutning i det koret som jeg dirigerer. Vi begynner p\u00e5 igjen n\u00e5r skolene begynner i august \ud83d\ude42<\/p>\n<p style=\"text-align: left;\">12.06 &#8211; 14.06.2015 er det duket for sangerstevne p\u00e5 Oppdal. Der skal koret hvor mannen min og jeg synger v\u00e6re med p\u00e5. Mannen min er leder i Norges Korforbund S\u00f8r-Tr\u00f8ndelag, og han skal holde \u00e5pning- og avslutningstalen p\u00e5 sangerstevnet. Vi i koret skal synge p\u00e5 korkro p\u00e5 fredagskveld 12.06.2015.<\/p>\n<p style=\"text-align: left;\">L\u00f8rdag 13.06.2015 skal vi synge p\u00e5 Hovden (et fjell p\u00e5 Oppdal), og vi m\u00e5 ta gondolbanen opp. Her kan dere lese mer om hvor vi skal:\u00a0<a href=\"http:\/\/www.oppdalbooking.no\/Index.aspx?PageID=462&amp;ProductDetails=ProductID=17\">http:\/\/www.oppdalbooking.no\/Index.aspx?PageID=462&amp;ProductDetails=ProductID=17<\/a><\/p>\n<p style=\"text-align: left;\">Jeg er ikke s\u00e5 glad i h\u00f8yder, og dette skal bli interessant \ud83d\ude09 Trosser h\u00f8ydeskrekken min, og blir med p\u00e5 dette, for det er jo en opplevelse for livet \u00e5 v\u00e6re med \u00e5 kj\u00f8re gondolbane \ud83d\ude42<\/p>\n<p style=\"text-align: left;\">En av dirigentene til de andre korene som skal synge p\u00e5 Hovden nekter \u00e5 bli med opp, for han har slik h\u00f8ydeskrekk, og en av korsangerne m\u00e5 dirigere koret.<\/p>\n<p style=\"text-align: left;\">Kl.13.00 skal vi synge p\u00e5 Domus p\u00e5 Oppdal, og jeg skal dirigere koret v\u00e5r, for dirigenten v\u00e5r skal dirigere det andre koret hun er dirigent for p\u00e5 en konsert i kulturhuset.<\/p>\n<p style=\"text-align: left;\">Kl.16.00 p\u00e5 l\u00f8rdag skal vi synge p\u00e5 konsert i Kulturhuset p\u00e5 Oppdal.<\/p>\n<p style=\"text-align: left;\">Om kvelden er det middag, og sosialt samv\u00e6r med de andre korene \ud83d\ude42<\/p>\n<p style=\"text-align: left;\">S\u00f8ndag 14.06.2015 er det avslutning av sangerstevnet \ud83d\ude42<\/p>\n<p style=\"text-align: left;\">Tirsdag 16.06.2015 har vi sommeravslutning i koret v\u00e5rt med kurvfest. Da tar vi med oss maten vi vil ha, og dekker et koldtbord \ud83d\ude42<\/p>\n<p style=\"text-align: left;\">Det andre koret hvor jeg synger (Tr\u00f8nderkor) skal p\u00e5 landssangerstevne p\u00e5 Levanger n\u00e5 til helgen. Jeg valgte \u00e5 prioritere Heimklang, for det er flere av altene som ikke skal v\u00e6re med p\u00e5 sangerstevnet.<\/p>\n<p style=\"text-align: left;\">Jeg har f\u00e5tt flere spillejobber p\u00e5 fl\u00f8yta, og jeg skal spille i 4 bryllup og ved 4 gudstjenester.<\/p>\n<p style=\"text-align: left;\">Holder p\u00e5 \u00e5 forberede katteutstilling som katteklubben som jeg er med i skal arrangere 27.06 &#8211; 28.06.2015. Vi venter ca.250 katter p\u00e5 utstillinga v\u00e5r, og jeg gleder meg kjempemasse \ud83d\ude42<\/p>\n<p style=\"text-align: left;\">Det skal bli kjempegodt med sommerferie, men jeg kommer til \u00e5 \u00f8ve p\u00e5 fl\u00f8yta, for jeg vet jeg kommer til \u00e5 f\u00e5 fl\u00f8ytespilling i begravelser. Derfor vil jeg v\u00e6re godt nok forberedt for spillejobbene mine.<\/p>\n<p style=\"text-align: left;\">3-4 dager i uken er jeg ute og g\u00e5r trimtur p\u00e5 ca. 2-3 km. Det er kjempegodt. Jeg merker hvordan formen kommer seg dag for dag, for det har tatt tid \u00e5 bygge seg opp igjen etter to tette lungebetennelser (november og mars).<\/p>\n<p style=\"text-align: left;\">Planene ellers i sommerferien er avhengig av v\u00e6ret. Blir det godt v\u00e6r, drar vi til fj\u00e6ra hvor vi griller og koser oss. Vi skal noen dager opp til Namdalen, og da tenker vi p\u00e5 \u00e5 ta en tur opp til Namskogan Familiepark, og vi er invitert p\u00e5 hytta til s\u00f8steren min og mannen hennes. Det skal bli kjempekoselig.<\/p>\n<p style=\"text-align: left;\">N\u00e5 kan ikke s\u00f8steren min og jeg reise bort samtidig pga av v\u00e5r mor som er i d\u00e5rlig form. Hun trenger at en av oss er i byen i n\u00e6rheten hvis hun skulle f\u00e5 d\u00e5rlig periode med hallusinasjoner. Min mor har en demensform som sitter i parkisonomr\u00e5det i hjernen. Det medf\u00f8rer mye angst, hallusinasjoner, hun har i perioder hallusinasjoner hvor hun tror det er folk som overnatter i leiligheten hennes, hun tuller med dato, dag og klokkeslett, hun er d\u00e5rlig til beins, hun f\u00e5r mer og mer d\u00e5rlig motorikk og selvf\u00f8lgelig problemer med hukommelsen. Hun har p\u00e5 et plaster i 24 timer som skal hjelpe henne, og vi har sett litt effekt av bruken av plasteret.<\/p>\n<p style=\"text-align: left;\">I d\u00e5rlige perioder kan hun ringe b\u00e5de s\u00f8steren min og meg 10 &#8211; 15 ganger om dagen, men legen hennes p\u00e5 geriatrisk avdeling har sagt vi m\u00e5 sk\u00e5ne oss selv ved \u00e5 ikke ta telefonen s\u00e5 mange ganger. Da syr vi puter under armene hennes, og i gode periodene hennes skj\u00f8nner hun det.<\/p>\n<p style=\"text-align: left;\">Tre dager i uken er hun p\u00e5 dagsenter, og der stortrives hun. Vi merker at hun blomster de dagene hun er p\u00e5 dagsenteret \ud83d\ude42 Da har hun s\u00e5 mye \u00e5 fortelle \ud83d\ude42 Hun har hjemmesykepleier 3 ganger om dagen. Takk og lov kan hun bo hjemme, og det ser vi er det beste for henne.<\/p>\n<p style=\"text-align: left;\">Det er kjempetrist n\u00e5r foreldrene v\u00e5re begynner \u00e5 bli d\u00e5rlige og helsa deres skranter. B\u00e5de s\u00f8steren min og jeg elsker moren v\u00e5r kjempeh\u00f8yt &lt;3 Vi vil v\u00e6re der for henne n\u00e5r hun trenger oss. S\u00f8steren min og jeg har annenhver helg hvor vi har ansvaret for moren v\u00e5r. De helgene jeg har ansvar henter vi henne gjerne med hjem hit, hun f\u00e5r kose med kattene, vi spiser middag med henne, g\u00e5r turer slik at hun kommer seg litt ut og tar kanskje en tur ut ved sj\u00f8en hvis hun er i form til det.<\/p>\n<p style=\"text-align: left;\">Av og til blir jeg provosert og sint n\u00e5r jeg f\u00e5r kommentarer som: &#8220;Det er jo bare \u00e5 f\u00e5 henne p\u00e5 sykehjem slik at andre kan ta vare p\u00e5 henne!&#8221; M\u00e5ten enkelte sier det p\u00e5 h\u00f8res s\u00e5 hardt og brutalt ut, og det synes jeg er s\u00e5rende. De som kommer med slike uttalelser skal vite at mor er &#8220;for frisk&#8221; til \u00e5 v\u00e6re p\u00e5 sykehjem her i Trondheim Kommune. Hun har best av \u00e5 bo hjemme s\u00e5 lenge som mulig, for s\u00f8steren min og jeg har merket at de gangene hun har v\u00e6rt med og overnattet borte, har mor blitt forvirra og rotet mye i to uker etterp\u00e5 f\u00f8r det har g\u00e5tt seg til igjen. Flytting av eldre vil i mange tilfeller medf\u00f8re at de eldre blir forvirret. I samr\u00e5d med hennes fastlege og med legen p\u00e5 geriatrisk avdeling har mor best av \u00e5 bo hjemme. Hjemmesykepleien har sagt til oss at dersom mor skulle bli d\u00e5rligere s\u00e5 setter de inn enn\u00e5 mer hjemmebes\u00f8k hos henne. Det handler om at mor skal v\u00e6re trygg ogs\u00e5, og det er kjempeviktig for oss. S\u00f8steren min og jeg er enige om at mor skal ikke stues bort p\u00e5 et sykehjem. Hun trenger aktiviteter og faste rutiner i hverdagen, og det f\u00e5r hun gjennom \u00e5 delta p\u00e5 dagsenteret! S\u00e5 lenge hun greier seg \u00e5 bo hjemme, skal hun f\u00e5 lov til \u00e5 bo hjemme.<\/p>\n<p style=\"text-align: left;\">Her kommer noen bilder som jeg har tatt de siste dagene. H\u00e5per dere liker dem \ud83d\ude42<\/p>\n<p style=\"text-align: left;\">\n<p style=\"text-align: center;\">\n<p style=\"text-align: center;\"><a href=\"http:\/\/www.torilkremmervik.no\/blogg\/wp-content\/uploads\/2015\/06\/090615_heimdalshallen4.jpg\"><img loading=\"lazy\" decoding=\"async\" class=\"aligncenter size-full wp-image-3426\" title=\"090615_heimdalshallen4\" src=\"http:\/\/www.torilkremmervik.no\/blogg\/wp-content\/uploads\/2015\/06\/090615_heimdalshallen4.jpg\" alt=\"\" width=\"640\" height=\"480\" srcset=\"http:\/\/www.torilkremmervik.no\/blogg\/wp-content\/uploads\/2015\/06\/090615_heimdalshallen4.jpg 640w, http:\/\/www.torilkremmervik.no\/blogg\/wp-content\/uploads\/2015\/06\/090615_heimdalshallen4-300x225.jpg 300w\" sizes=\"auto, (max-width: 640px) 100vw, 640px\" \/><\/a>Heimdalshallen p\u00e5 Heimdal i Trondheim hvor vi i koret \u00f8ver, og hvor vi i katteklubben som jeg er med i skal arrangere v\u00e5r internasjonale katteutstilling \ud83d\ude42 Hallen ble \u00e5pnet i august 2014 \ud83d\ude42<\/p>\n<p style=\"text-align: center;\">\n<p style=\"text-align: center;\"><a href=\"http:\/\/www.torilkremmervik.no\/blogg\/wp-content\/uploads\/2015\/06\/090615_parkeringsplass_utenfor_heimdalshallen5.jpg\"><img loading=\"lazy\" decoding=\"async\" class=\"aligncenter size-full wp-image-3427\" title=\"090615_parkeringsplass_utenfor_heimdalshallen5\" src=\"http:\/\/www.torilkremmervik.no\/blogg\/wp-content\/uploads\/2015\/06\/090615_parkeringsplass_utenfor_heimdalshallen5.jpg\" alt=\"\" width=\"512\" height=\"410\" srcset=\"http:\/\/www.torilkremmervik.no\/blogg\/wp-content\/uploads\/2015\/06\/090615_parkeringsplass_utenfor_heimdalshallen5.jpg 512w, http:\/\/www.torilkremmervik.no\/blogg\/wp-content\/uploads\/2015\/06\/090615_parkeringsplass_utenfor_heimdalshallen5-300x240.jpg 300w\" sizes=\"auto, (max-width: 512px) 100vw, 512px\" \/><\/a>Parkeringsplassen utenfor hallen med gode parkeringsmuligheter \ud83d\ude42<\/p>\n<p style=\"text-align: center;\">\n<p style=\"text-align: center;\"><a href=\"http:\/\/www.torilkremmervik.no\/blogg\/wp-content\/uploads\/2015\/06\/090615_kveldshimmel5.jpg\"><img loading=\"lazy\" decoding=\"async\" class=\"aligncenter size-full wp-image-3428\" title=\"090615_kveldshimmel5\" src=\"http:\/\/www.torilkremmervik.no\/blogg\/wp-content\/uploads\/2015\/06\/090615_kveldshimmel5.jpg\" alt=\"\" width=\"640\" height=\"480\" srcset=\"http:\/\/www.torilkremmervik.no\/blogg\/wp-content\/uploads\/2015\/06\/090615_kveldshimmel5.jpg 640w, http:\/\/www.torilkremmervik.no\/blogg\/wp-content\/uploads\/2015\/06\/090615_kveldshimmel5-300x225.jpg 300w\" sizes=\"auto, (max-width: 640px) 100vw, 640px\" \/><\/a>Kveldshimmelen i g\u00e5r kveld 09.06.2015 \ud83d\ude42<\/p>\n<p style=\"text-align: center;\">\n<p style=\"text-align: center;\"><a href=\"http:\/\/www.torilkremmervik.no\/blogg\/wp-content\/uploads\/2015\/06\/100615_oeredobber_moffelitens3.jpg\"><img loading=\"lazy\" decoding=\"async\" class=\"aligncenter size-full wp-image-3429\" title=\"100615_oeredobber_moffelitens3\" src=\"http:\/\/www.torilkremmervik.no\/blogg\/wp-content\/uploads\/2015\/06\/100615_oeredobber_moffelitens3.jpg\" alt=\"\" width=\"512\" height=\"485\" srcset=\"http:\/\/www.torilkremmervik.no\/blogg\/wp-content\/uploads\/2015\/06\/100615_oeredobber_moffelitens3.jpg 512w, http:\/\/www.torilkremmervik.no\/blogg\/wp-content\/uploads\/2015\/06\/100615_oeredobber_moffelitens3-300x284.jpg 300w\" sizes=\"auto, (max-width: 512px) 100vw, 512px\" \/><\/a>Kjempefine og nydelige \u00f8redobber som jeg fikk fra min bloggvenninne Moffeliten \ud83d\ude42 Bes\u00f8k den kjempefine bloggen til Moffeliten her: \u00a0<a href=\"http:\/\/moffelitens.blogspot.no\/\">http:\/\/moffelitens.blogspot.no\/<\/a><\/p>\n<p style=\"text-align: left;\">\n<p style=\"text-align: left;\">\n<p style=\"text-align: left;\">\n<p style=\"text-align: left;\">\n<p style=\"text-align: left;\">\n<p style=\"text-align: left;\">\n<p style=\"text-align: left;\">\n<div class=\"linkwithin_hook\" id=\"http:\/\/www.torilkremmervik.no\/blogg\/?p=3425\"><\/div><script>\n<!-- \/\/LinkWithinCodeStart\nvar linkwithin_site_id = 1303645;\nvar linkwithin_div_class = \"linkwithin_hook\";\n\/\/LinkWithinCodeEnd -->\n<\/script>\n<script src=\"http:\/\/www.linkwithin.com\/widget.js\"><\/script>\n<a href=\"http:\/\/www.linkwithin.com\/\"><img decoding=\"async\" src=\"http:\/\/www.linkwithin.com\/pixel.png\" alt=\"Related Posts Plugin for WordPress, Blogger...\" style=\"border: 0\" \/><\/a>","protected":false},"excerpt":{"rendered":"<p>De fleste Tr\u00f8ndere sp\u00f8r seg selv om hvor godv\u00e6ret med sol og varme blir av? Har v\u00e6rgudene glemt oss her i Midt-Norge? V\u00e6ret har for det meste best\u00e5tt i gr\u00e5tt v\u00e6r og regn, regn og atter regn. Det er slik &hellip; <a href=\"http:\/\/www.torilkremmervik.no\/blogg\/?p=3425\">Continue reading <span class=\"meta-nav\">&rarr;<\/span><\/a><\/p>\n<script>\n<!-- \/\/LinkWithinCodeStart\nvar linkwithin_site_id = 1303645;\nvar linkwithin_div_class = \"linkwithin_hook\";\n\/\/LinkWithinCodeEnd -->\n<\/script>\n<script src=\"http:\/\/www.linkwithin.com\/widget.js\"><\/script>\n<a href=\"http:\/\/www.linkwithin.com\/\"><img decoding=\"async\" src=\"http:\/\/www.linkwithin.com\/pixel.png\" alt=\"Related Posts Plugin for WordPress, Blogger...\" style=\"border: 0\" \/><\/a>","protected":false},"author":1,"featured_media":0,"comment_status":"open","ping_status":"open","sticky":false,"template":"","format":"standard","meta":{"footnotes":""},"categories":[838],"tags":[1160,1200,839],"class_list":["post-3425","post","type-post","status-publish","format-standard","hentry","category-bloggoppdatering-med-nye-bilder","tag-bilder","tag-bloggoppdatering","tag-hverdag"],"aioseo_notices":[],"_links":{"self":[{"href":"http:\/\/www.torilkremmervik.no\/blogg\/index.php?rest_route=\/wp\/v2\/posts\/3425","targetHints":{"allow":["GET"]}}],"collection":[{"href":"http:\/\/www.torilkremmervik.no\/blogg\/index.php?rest_route=\/wp\/v2\/posts"}],"about":[{"href":"http:\/\/www.torilkremmervik.no\/blogg\/index.php?rest_route=\/wp\/v2\/types\/post"}],"author":[{"embeddable":true,"href":"http:\/\/www.torilkremmervik.no\/blogg\/index.php?rest_route=\/wp\/v2\/users\/1"}],"replies":[{"embeddable":true,"href":"http:\/\/www.torilkremmervik.no\/blogg\/index.php?rest_route=%2Fwp%2Fv2%2Fcomments&post=3425"}],"version-history":[{"count":1,"href":"http:\/\/www.torilkremmervik.no\/blogg\/index.php?rest_route=\/wp\/v2\/posts\/3425\/revisions"}],"predecessor-version":[{"id":3430,"href":"http:\/\/www.torilkremmervik.no\/blogg\/index.php?rest_route=\/wp\/v2\/posts\/3425\/revisions\/3430"}],"wp:attachment":[{"href":"http:\/\/www.torilkremmervik.no\/blogg\/index.php?rest_route=%2Fwp%2Fv2%2Fmedia&parent=3425"}],"wp:term":[{"taxonomy":"category","embeddable":true,"href":"http:\/\/www.torilkremmervik.no\/blogg\/index.php?rest_route=%2Fwp%2Fv2%2Fcategories&post=3425"},{"taxonomy":"post_tag","embeddable":true,"href":"http:\/\/www.torilkremmervik.no\/blogg\/index.php?rest_route=%2Fwp%2Fv2%2Ftags&post=3425"}],"curies":[{"name":"wp","href":"https:\/\/api.w.org\/{rel}","templated":true}]}}