{"id":3687,"date":"2015-08-07T16:09:13","date_gmt":"2015-08-07T14:09:13","guid":{"rendered":"http:\/\/www.torilkremmervik.no\/blogg\/?p=3687"},"modified":"2015-08-07T16:20:49","modified_gmt":"2015-08-07T14:20:49","slug":"oppdatering-av-den-kjempeflotte-uka-i-tekst-og-bilder","status":"publish","type":"post","link":"http:\/\/www.torilkremmervik.no\/blogg\/?p=3687","title":{"rendered":"OPPDATERING AV DEN KJEMPEFLOTTE UKA I TEKST OG BILDER :)"},"content":{"rendered":"<p>Jammen er det ikke fredag, og helg igjen. Uka som n\u00e5 har v\u00e6rt har rast av g\u00e5rde.<\/p>\n<p>V\u00e6ret har v\u00e6rt varierende med sol, fine temperaturer, litt lommert til tider, overskyet og regn. Akkurat n\u00e5 tordner det ute!<\/p>\n<p>Forrige l\u00f8rdag 01.08.2015 var vi 12 stk samlet hjemme hos min tremenning og hennes mann. V\u00e6ret var kjempefint med sol og varme, og det var som bestilt \ud83d\ude42 Vi fikk kjempegod mat, og vi satt ute i hagen deres og spiste \ud83d\ude42 Det ble en kjempekoselig ettermiddag og kveld. Vi pratet og lo masse \ud83d\ude42\u00a0Vi er skj\u00f8nt enige om at vi skal fortsette \u00e5 v\u00e6re flinke til \u00e5 ha vennetreff hjemme hos hverandre \ud83d\ude42<\/p>\n<p>S\u00f8ndag 02.08.2015 kom venninnen min Anita p\u00e5 bes\u00f8k \ud83d\ude42 Hun har nylig kommet hjem etter \u00e5 ha v\u00e6rt p\u00e5 ferie i Danmark. Det var var kjempekoselig \u00e5 treffe henne igjen \ud83d\ude42 Vi drakk te\/kaffe, og satt og pratet masse. Anita jobber til daglig som kantor her i Trondheim, og vi to er faste spillepartnere. N\u00e5r jeg f\u00e5r spilleoppdrag p\u00e5 hyggetreff, er Anita alltid med og spiller piano og akkompagnerer meg \ud83d\ude42<\/p>\n<p>Mandag formiddag kom venninnen min Else Marit (venninne fra barne- og ungdoms\u00e5rene) og en annen venninne av oss (Irene) p\u00e5 bes\u00f8k \ud83d\ude42 Det var kjempekoselig \ud83d\ude42 Vi drakk kaffe\/te, pratet, lo og hadde en kjempekoselig formiddag \ud83d\ude42<\/p>\n<p>Tirsdag hadde jeg spillejobb i begravelse, og det gikk fint \ud83d\ude42<\/p>\n<p>Mandagskveld oppdaget mannen min og jeg at Nadina (min eldste abyssinerhunnkatt) hadde f\u00e5tt gnags\u00e5r av gipsbandasjen. Hele tirsdag smurte jeg Nadina med en salve, og jeg fikk time til veterin\u00e6ren onsdag 05.08.2015. Jeg leverte Nadina til veterin\u00e6ren til kl.12.00. Mens jeg var p\u00e5 Orkanger bes\u00f8kte jeg Aase (ei rasekattvenninne som er med i samme katteklubb som meg). En annen rasekattvenninne av oss var ogs\u00e5 der. Hadde en kjempekoselig ettermiddag hos Aase \ud83d\ude42<\/p>\n<p>Jeg fikk hente Nadina kl.15.00. Veterin\u00e6ren sa at s\u00e5ret Nadina hadde f\u00e5tt kom pga gnags\u00e5r fra gipsbandasjen, og n\u00e5 fikk hun p\u00e5 seg en r\u00f8d og kjempestilig body. Den bodyen g\u00e5r skilandslaget sine skidresser en h\u00f8y gang \ud83d\ude42<\/p>\n<p>Nadina er n\u00e5 halvveis i perioden der hun m\u00e5 bruke gipsbandasje. Hun har n\u00e5 3 uker igjen. Da skal veterin\u00e6ren ta nytt r\u00f8ntgenbilde for \u00e5 se om det har dannet seg ny beinhinne rundt beinene som er brukket. Veterin\u00e6ren sa at det var ikke vits \u00e5 ta r\u00f8ntgenbilde f\u00f8r etter 6 uker. P\u00e5 mandag var 3 uker siden f\u00f8rste unders\u00f8kelse hvor de fant to brukne bein i labben til Nadina.<\/p>\n<p>I g\u00e5r torsdag 06.08.2015 var jeg p\u00e5 fotballkamp p\u00e5 Lerkendal sammen en god venninne av meg, mannen min, broren hans, og tvillings\u00f8nnene til broren hans. Det var Rosenborg som spilte mot Deberechen. RBK vant 3-1. Kampen var 3. runde kvalifikasjonskampene om \u00e5 f\u00e5 spille i Europaligaen. Sammenlagt vant RBK 6-3 \ud83d\ude42<\/p>\n<p>Det var liv og stor stemning p\u00e5 Lerkendal, og det blir noe helt annet \u00e5 sitte p\u00e5 tribunen \u00e5 se kampen. Selv om det er godt \u00e5 se kampen hjemme foran TV&#8217;n \ud83d\ude42<\/p>\n<p>Jeg setter kjempestor pris p\u00e5 de gode vennene jeg har, og de betyr kjempemasse for meg &lt;3 \ud83d\ude42 Vennene mine er unike p\u00e5 hver sin m\u00e5te &lt;3 \ud83d\ude42<\/p>\n<p>I dag er det fredag, og det blir en avslappende og rolig fredag.<\/p>\n<p>Jeg tenkte \u00e5 dele noen bilder med dere som jeg har tatt den siste uken, og jeg h\u00e5per dere liker dem \ud83d\ude42<\/p>\n<p>&nbsp;<\/p>\n<p style=\"text-align: center;\"><a href=\"http:\/\/www.torilkremmervik.no\/blogg\/wp-content\/uploads\/2015\/08\/010815_kveldssol_og_kveldshimmel3.jpg\"><img loading=\"lazy\" decoding=\"async\" class=\"aligncenter size-full wp-image-3688\" title=\"010815_kveldssol_og_kveldshimmel3\" src=\"http:\/\/www.torilkremmervik.no\/blogg\/wp-content\/uploads\/2015\/08\/010815_kveldssol_og_kveldshimmel3.jpg\" alt=\"\" width=\"565\" height=\"372\" srcset=\"http:\/\/www.torilkremmervik.no\/blogg\/wp-content\/uploads\/2015\/08\/010815_kveldssol_og_kveldshimmel3.jpg 565w, http:\/\/www.torilkremmervik.no\/blogg\/wp-content\/uploads\/2015\/08\/010815_kveldssol_og_kveldshimmel3-300x197.jpg 300w\" sizes=\"auto, (max-width: 565px) 100vw, 565px\" \/><\/a>Kjempefin ettermiddagshimmel over der min tremenning og mannen hennes bor \ud83d\ude42<\/p>\n<p style=\"text-align: center;\">\u00a0<a href=\"http:\/\/www.torilkremmervik.no\/blogg\/wp-content\/uploads\/2015\/08\/010815_middag_eli_og_tore4.jpg\"><img loading=\"lazy\" decoding=\"async\" class=\"aligncenter size-full wp-image-3689\" title=\"010815_middag_eli_og_tore4\" src=\"http:\/\/www.torilkremmervik.no\/blogg\/wp-content\/uploads\/2015\/08\/010815_middag_eli_og_tore4.jpg\" alt=\"\" width=\"640\" height=\"437\" srcset=\"http:\/\/www.torilkremmervik.no\/blogg\/wp-content\/uploads\/2015\/08\/010815_middag_eli_og_tore4.jpg 640w, http:\/\/www.torilkremmervik.no\/blogg\/wp-content\/uploads\/2015\/08\/010815_middag_eli_og_tore4-300x204.jpg 300w\" sizes=\"auto, (max-width: 640px) 100vw, 640px\" \/><\/a>Vennefesten som ble holdt hjemme hos min tremenning og hennes mann \ud83d\ude42 V\u00e6ret var kjempegodt, og vi satt ute og spiste \ud83d\ude42<\/p>\n<p style=\"text-align: center;\"><a href=\"http:\/\/www.torilkremmervik.no\/blogg\/wp-content\/uploads\/2015\/08\/010815_middag_eli_og_tore5.jpg\"><img loading=\"lazy\" decoding=\"async\" class=\"aligncenter size-full wp-image-3690\" title=\"010815_middag_eli_og_tore5\" src=\"http:\/\/www.torilkremmervik.no\/blogg\/wp-content\/uploads\/2015\/08\/010815_middag_eli_og_tore5.jpg\" alt=\"\" width=\"640\" height=\"452\" srcset=\"http:\/\/www.torilkremmervik.no\/blogg\/wp-content\/uploads\/2015\/08\/010815_middag_eli_og_tore5.jpg 640w, http:\/\/www.torilkremmervik.no\/blogg\/wp-content\/uploads\/2015\/08\/010815_middag_eli_og_tore5-300x211.jpg 300w\" sizes=\"auto, (max-width: 640px) 100vw, 640px\" \/><\/a>Godt hum\u00f8r, og kjempegod stemning p\u00e5 vennefesten \ud83d\ude42<\/p>\n<p style=\"text-align: center;\"><a href=\"http:\/\/www.torilkremmervik.no\/blogg\/wp-content\/uploads\/2015\/08\/010815_kveldshimmel_over_hegra13.jpg\"><img loading=\"lazy\" decoding=\"async\" class=\"aligncenter size-full wp-image-3691\" title=\"010815_kveldshimmel_over_hegra13\" src=\"http:\/\/www.torilkremmervik.no\/blogg\/wp-content\/uploads\/2015\/08\/010815_kveldshimmel_over_hegra13.jpg\" alt=\"\" width=\"640\" height=\"480\" srcset=\"http:\/\/www.torilkremmervik.no\/blogg\/wp-content\/uploads\/2015\/08\/010815_kveldshimmel_over_hegra13.jpg 640w, http:\/\/www.torilkremmervik.no\/blogg\/wp-content\/uploads\/2015\/08\/010815_kveldshimmel_over_hegra13-300x225.jpg 300w\" sizes=\"auto, (max-width: 640px) 100vw, 640px\" \/><\/a>Kjempefin \u00a0og nydelig kveldshimmel over huset og uthuset der min tremenning og mannen hennes bor \ud83d\ude42<\/p>\n<p style=\"text-align: center;\"><a href=\"http:\/\/www.torilkremmervik.no\/blogg\/wp-content\/uploads\/2015\/08\/010815_kveldshimmel_over_hegra14.jpg\"><img loading=\"lazy\" decoding=\"async\" class=\"aligncenter size-full wp-image-3692\" title=\"010815_kveldshimmel_over_hegra14\" src=\"http:\/\/www.torilkremmervik.no\/blogg\/wp-content\/uploads\/2015\/08\/010815_kveldshimmel_over_hegra14.jpg\" alt=\"\" width=\"640\" height=\"461\" srcset=\"http:\/\/www.torilkremmervik.no\/blogg\/wp-content\/uploads\/2015\/08\/010815_kveldshimmel_over_hegra14.jpg 640w, http:\/\/www.torilkremmervik.no\/blogg\/wp-content\/uploads\/2015\/08\/010815_kveldshimmel_over_hegra14-300x216.jpg 300w\" sizes=\"auto, (max-width: 640px) 100vw, 640px\" \/><\/a>Kjempenydelig kveldshimmel med kjempefine farger \ud83d\ude42<\/p>\n<p style=\"text-align: center;\"><a href=\"http:\/\/www.torilkremmervik.no\/blogg\/wp-content\/uploads\/2015\/08\/010815_kveldshimmel_over_hegra15.jpg\"><img loading=\"lazy\" decoding=\"async\" class=\"aligncenter size-full wp-image-3693\" title=\"010815_kveldshimmel_over_hegra15\" src=\"http:\/\/www.torilkremmervik.no\/blogg\/wp-content\/uploads\/2015\/08\/010815_kveldshimmel_over_hegra15.jpg\" alt=\"\" width=\"640\" height=\"497\" srcset=\"http:\/\/www.torilkremmervik.no\/blogg\/wp-content\/uploads\/2015\/08\/010815_kveldshimmel_over_hegra15.jpg 640w, http:\/\/www.torilkremmervik.no\/blogg\/wp-content\/uploads\/2015\/08\/010815_kveldshimmel_over_hegra15-300x232.jpg 300w\" sizes=\"auto, (max-width: 640px) 100vw, 640px\" \/><\/a>Den kjempefine kveldshimmelen \ud83d\ude42<\/p>\n<p style=\"text-align: center;\"><a href=\"http:\/\/www.torilkremmervik.no\/blogg\/wp-content\/uploads\/2015\/08\/050815_terex_i_kurv4.jpg\"><img loading=\"lazy\" decoding=\"async\" class=\"aligncenter size-full wp-image-3694\" title=\"050815_terex_i_kurv4\" src=\"http:\/\/www.torilkremmervik.no\/blogg\/wp-content\/uploads\/2015\/08\/050815_terex_i_kurv4.jpg\" alt=\"\" width=\"640\" height=\"480\" srcset=\"http:\/\/www.torilkremmervik.no\/blogg\/wp-content\/uploads\/2015\/08\/050815_terex_i_kurv4.jpg 640w, http:\/\/www.torilkremmervik.no\/blogg\/wp-content\/uploads\/2015\/08\/050815_terex_i_kurv4-300x225.jpg 300w\" sizes=\"auto, (max-width: 640px) 100vw, 640px\" \/><\/a>Min rasekattvenninne er oppdretter av burmeser. Om jeg trodde at abyssinere var h\u00f8yt og lavt, s\u00e5 var ogs\u00e5 burmesere det \ud83d\ude42 Her ligger to av Aase sine burmesere i en kurv h\u00f8yt oppe p\u00e5 kj\u00f8kkenskapet \ud83d\ude42<\/p>\n<p style=\"text-align: center;\">\n<p style=\"text-align: center;\"><a href=\"http:\/\/www.torilkremmervik.no\/blogg\/wp-content\/uploads\/2015\/08\/050815_nadina_med_body5.jpg\"><img loading=\"lazy\" decoding=\"async\" class=\"aligncenter size-full wp-image-3704\" title=\"050815_nadina_med_body5\" src=\"http:\/\/www.torilkremmervik.no\/blogg\/wp-content\/uploads\/2015\/08\/050815_nadina_med_body5.jpg\" alt=\"\" width=\"640\" height=\"470\" srcset=\"http:\/\/www.torilkremmervik.no\/blogg\/wp-content\/uploads\/2015\/08\/050815_nadina_med_body5.jpg 640w, http:\/\/www.torilkremmervik.no\/blogg\/wp-content\/uploads\/2015\/08\/050815_nadina_med_body5-300x220.jpg 300w\" sizes=\"auto, (max-width: 640px) 100vw, 640px\" \/><\/a>Nadina i sin kjempestilige body, og den g\u00e5r skilandslaget sine skidresser en h\u00f8y gang \ud83d\ude42<\/p>\n<p style=\"text-align: center;\">\n<p style=\"text-align: center;\"><a href=\"http:\/\/www.torilkremmervik.no\/blogg\/wp-content\/uploads\/2015\/08\/050815_terex_og_burmeser_til_aase_i_kurv4.jpg\"><img loading=\"lazy\" decoding=\"async\" class=\"aligncenter size-full wp-image-3695\" title=\"050815_terex_og_burmeser_til_aase_i_kurv4\" src=\"http:\/\/www.torilkremmervik.no\/blogg\/wp-content\/uploads\/2015\/08\/050815_terex_og_burmeser_til_aase_i_kurv4.jpg\" alt=\"\" width=\"640\" height=\"411\" srcset=\"http:\/\/www.torilkremmervik.no\/blogg\/wp-content\/uploads\/2015\/08\/050815_terex_og_burmeser_til_aase_i_kurv4.jpg 640w, http:\/\/www.torilkremmervik.no\/blogg\/wp-content\/uploads\/2015\/08\/050815_terex_og_burmeser_til_aase_i_kurv4-300x192.jpg 300w\" sizes=\"auto, (max-width: 640px) 100vw, 640px\" \/><\/a>Burmeserhannkatten Terex i kurven sammen Emilie h\u00f8yt oppe p\u00e5 kj\u00f8kkenskapet til Aase \ud83d\ude42 Hvordan de fikk plass skj\u00f8nner jeg ikke \ud83d\ude42<\/p>\n<p style=\"text-align: center;\">\n<p style=\"text-align: center;\"><a href=\"http:\/\/www.torilkremmervik.no\/blogg\/wp-content\/uploads\/2015\/08\/050815_terex_kjoekkenskap4.jpg\"><img loading=\"lazy\" decoding=\"async\" class=\"aligncenter size-full wp-image-3696\" title=\"050815_terex_kjoekkenskap4\" src=\"http:\/\/www.torilkremmervik.no\/blogg\/wp-content\/uploads\/2015\/08\/050815_terex_kjoekkenskap4.jpg\" alt=\"\" width=\"512\" height=\"524\" srcset=\"http:\/\/www.torilkremmervik.no\/blogg\/wp-content\/uploads\/2015\/08\/050815_terex_kjoekkenskap4.jpg 512w, http:\/\/www.torilkremmervik.no\/blogg\/wp-content\/uploads\/2015\/08\/050815_terex_kjoekkenskap4-293x300.jpg 293w\" sizes=\"auto, (max-width: 512px) 100vw, 512px\" \/><\/a>Burmeserhannkatten Terex oppe p\u00e5 kj\u00f8kkenskapet hjemme hos Aase \ud83d\ude42<\/p>\n<p style=\"text-align: center;\"><a href=\"http:\/\/www.torilkremmervik.no\/blogg\/wp-content\/uploads\/2015\/08\/060815_veien_til_lerkendal3.jpg\"><img loading=\"lazy\" decoding=\"async\" class=\"aligncenter size-full wp-image-3697\" title=\"060815_veien_til_lerkendal3\" src=\"http:\/\/www.torilkremmervik.no\/blogg\/wp-content\/uploads\/2015\/08\/060815_veien_til_lerkendal3.jpg\" alt=\"\" width=\"512\" height=\"419\" srcset=\"http:\/\/www.torilkremmervik.no\/blogg\/wp-content\/uploads\/2015\/08\/060815_veien_til_lerkendal3.jpg 512w, http:\/\/www.torilkremmervik.no\/blogg\/wp-content\/uploads\/2015\/08\/060815_veien_til_lerkendal3-300x245.jpg 300w\" sizes=\"auto, (max-width: 512px) 100vw, 512px\" \/><\/a>P\u00e5 vei til Lerkendal torsdag 06.08.2015 \ud83d\ude42<\/p>\n<p style=\"text-align: center;\"><a href=\"http:\/\/www.torilkremmervik.no\/blogg\/wp-content\/uploads\/2015\/08\/060815_kamp_lerkendal5.jpg\"><img loading=\"lazy\" decoding=\"async\" class=\"aligncenter size-full wp-image-3698\" title=\"060815_kamp_lerkendal5\" src=\"http:\/\/www.torilkremmervik.no\/blogg\/wp-content\/uploads\/2015\/08\/060815_kamp_lerkendal5.jpg\" alt=\"\" width=\"640\" height=\"467\" srcset=\"http:\/\/www.torilkremmervik.no\/blogg\/wp-content\/uploads\/2015\/08\/060815_kamp_lerkendal5.jpg 640w, http:\/\/www.torilkremmervik.no\/blogg\/wp-content\/uploads\/2015\/08\/060815_kamp_lerkendal5-300x218.jpg 300w\" sizes=\"auto, (max-width: 640px) 100vw, 640px\" \/><\/a>Fotballkampen p\u00e5 Lerkendal 06.08.2015 mellom RBK og Deberechen \ud83d\ude42<\/p>\n<p style=\"text-align: center;\"><a href=\"http:\/\/www.torilkremmervik.no\/blogg\/wp-content\/uploads\/2015\/08\/060815_keeper_resultattavle_lerkendal3.jpg\"><img loading=\"lazy\" decoding=\"async\" class=\"aligncenter size-full wp-image-3700\" title=\"060815_keeper_resultattavle_lerkendal3\" src=\"http:\/\/www.torilkremmervik.no\/blogg\/wp-content\/uploads\/2015\/08\/060815_keeper_resultattavle_lerkendal3.jpg\" alt=\"\" width=\"640\" height=\"480\" srcset=\"http:\/\/www.torilkremmervik.no\/blogg\/wp-content\/uploads\/2015\/08\/060815_keeper_resultattavle_lerkendal3.jpg 640w, http:\/\/www.torilkremmervik.no\/blogg\/wp-content\/uploads\/2015\/08\/060815_keeper_resultattavle_lerkendal3-300x225.jpg 300w\" sizes=\"auto, (max-width: 640px) 100vw, 640px\" \/><\/a>Keeperen p\u00e5 Deberechen \ud83d\ude42<\/p>\n<p style=\"text-align: center;\"><a href=\"http:\/\/www.torilkremmervik.no\/blogg\/wp-content\/uploads\/2015\/08\/060815_andre_omgang_lerkendal31.jpg\"><img loading=\"lazy\" decoding=\"async\" class=\"aligncenter size-full wp-image-3701\" title=\"060815_andre_omgang_lerkendal3\" src=\"http:\/\/www.torilkremmervik.no\/blogg\/wp-content\/uploads\/2015\/08\/060815_andre_omgang_lerkendal31.jpg\" alt=\"\" width=\"640\" height=\"468\" srcset=\"http:\/\/www.torilkremmervik.no\/blogg\/wp-content\/uploads\/2015\/08\/060815_andre_omgang_lerkendal31.jpg 640w, http:\/\/www.torilkremmervik.no\/blogg\/wp-content\/uploads\/2015\/08\/060815_andre_omgang_lerkendal31-300x219.jpg 300w\" sizes=\"auto, (max-width: 640px) 100vw, 640px\" \/><\/a>Klar for 2.omgangen mellom RBK og Deberechen \ud83d\ude42<\/p>\n<div class=\"linkwithin_hook\" id=\"http:\/\/www.torilkremmervik.no\/blogg\/?p=3687\"><\/div><script>\n<!-- \/\/LinkWithinCodeStart\nvar linkwithin_site_id = 1303645;\nvar linkwithin_div_class = \"linkwithin_hook\";\n\/\/LinkWithinCodeEnd -->\n<\/script>\n<script src=\"http:\/\/www.linkwithin.com\/widget.js\"><\/script>\n<a href=\"http:\/\/www.linkwithin.com\/\"><img decoding=\"async\" src=\"http:\/\/www.linkwithin.com\/pixel.png\" alt=\"Related Posts Plugin for WordPress, Blogger...\" style=\"border: 0\" \/><\/a>","protected":false},"excerpt":{"rendered":"<p>Jammen er det ikke fredag, og helg igjen. Uka som n\u00e5 har v\u00e6rt har rast av g\u00e5rde. V\u00e6ret har v\u00e6rt varierende med sol, fine temperaturer, litt lommert til tider, overskyet og regn. Akkurat n\u00e5 tordner det ute! Forrige l\u00f8rdag 01.08.2015 &hellip; <a href=\"http:\/\/www.torilkremmervik.no\/blogg\/?p=3687\">Continue reading <span class=\"meta-nav\">&rarr;<\/span><\/a><\/p>\n<script>\n<!-- \/\/LinkWithinCodeStart\nvar linkwithin_site_id = 1303645;\nvar linkwithin_div_class = \"linkwithin_hook\";\n\/\/LinkWithinCodeEnd -->\n<\/script>\n<script src=\"http:\/\/www.linkwithin.com\/widget.js\"><\/script>\n<a href=\"http:\/\/www.linkwithin.com\/\"><img decoding=\"async\" src=\"http:\/\/www.linkwithin.com\/pixel.png\" alt=\"Related Posts Plugin for WordPress, Blogger...\" style=\"border: 0\" \/><\/a>","protected":false},"author":1,"featured_media":0,"comment_status":"open","ping_status":"open","sticky":false,"template":"","format":"standard","meta":{"footnotes":""},"categories":[889],"tags":[1160,893,894,1169,890,892,501,891],"class_list":["post-3687","post","type-post","status-publish","format-standard","hentry","category-siste-uka-i-tekst-og-bilder","tag-bilder","tag-fotballkamp","tag-lerkendal","tag-nadina","tag-oppdatering-om-den-siste-uken","tag-rbk","tag-venner","tag-veterinaer"],"aioseo_notices":[],"_links":{"self":[{"href":"http:\/\/www.torilkremmervik.no\/blogg\/index.php?rest_route=\/wp\/v2\/posts\/3687","targetHints":{"allow":["GET"]}}],"collection":[{"href":"http:\/\/www.torilkremmervik.no\/blogg\/index.php?rest_route=\/wp\/v2\/posts"}],"about":[{"href":"http:\/\/www.torilkremmervik.no\/blogg\/index.php?rest_route=\/wp\/v2\/types\/post"}],"author":[{"embeddable":true,"href":"http:\/\/www.torilkremmervik.no\/blogg\/index.php?rest_route=\/wp\/v2\/users\/1"}],"replies":[{"embeddable":true,"href":"http:\/\/www.torilkremmervik.no\/blogg\/index.php?rest_route=%2Fwp%2Fv2%2Fcomments&post=3687"}],"version-history":[{"count":3,"href":"http:\/\/www.torilkremmervik.no\/blogg\/index.php?rest_route=\/wp\/v2\/posts\/3687\/revisions"}],"predecessor-version":[{"id":3703,"href":"http:\/\/www.torilkremmervik.no\/blogg\/index.php?rest_route=\/wp\/v2\/posts\/3687\/revisions\/3703"}],"wp:attachment":[{"href":"http:\/\/www.torilkremmervik.no\/blogg\/index.php?rest_route=%2Fwp%2Fv2%2Fmedia&parent=3687"}],"wp:term":[{"taxonomy":"category","embeddable":true,"href":"http:\/\/www.torilkremmervik.no\/blogg\/index.php?rest_route=%2Fwp%2Fv2%2Fcategories&post=3687"},{"taxonomy":"post_tag","embeddable":true,"href":"http:\/\/www.torilkremmervik.no\/blogg\/index.php?rest_route=%2Fwp%2Fv2%2Ftags&post=3687"}],"curies":[{"name":"wp","href":"https:\/\/api.w.org\/{rel}","templated":true}]}}