{"id":4000,"date":"2015-10-07T11:41:25","date_gmt":"2015-10-07T09:41:25","guid":{"rendered":"http:\/\/www.torilkremmervik.no\/blogg\/?p=4000"},"modified":"2015-10-07T11:41:25","modified_gmt":"2015-10-07T09:41:25","slug":"kjempefine-og-nydelige-hostdager-hos-oss","status":"publish","type":"post","link":"http:\/\/www.torilkremmervik.no\/blogg\/?p=4000","title":{"rendered":"KJEMPEFINE OG NYDELIGE H\u00d8STDAGER HOS OSS :)"},"content":{"rendered":"<p>Vi er godt i gang med oktober m\u00e5ned. Det er h\u00f8st, og det kjennes p\u00e5 temperaturen at h\u00f8sten er kommet. Jeg m\u00e5 \u00e6rlig innr\u00f8mme at jeg foretrekker v\u00e5r og sommer best, men h\u00f8sten er ikke borte vekk den heller \ud83d\ude42<\/p>\n<p>Vi har allerede en natt med nattefrost, hvor vi v\u00e5knet til at det var rim p\u00e5 hustakene.<\/p>\n<p>Uka her er det h\u00f8stferie i Trondheim, og v\u00e6ret kunne vel ikke bli mer perfekt enn det vi har med sol fra skyfri himmel, men noe vind.<\/p>\n<p>N\u00e5r solen skinner fra en skyfri himmel er h\u00f8stdagen perfekt \ud83d\ude42 Fargene p\u00e5 bladene p\u00e5 tr\u00e6r og busker er kjempenydelige, og n\u00e5r solen skinner fra en klar og bl\u00e5 himmel, gj\u00f8r det h\u00f8stdagen perfekt \ud83d\ude42<\/p>\n<p>Selv har jeg ikke h\u00f8stferie. P\u00e5 fredag har jeg spillejobb, og dagene g\u00e5r med til \u00e5 \u00f8ve p\u00e5 fl\u00f8yta slik at jeg holder musikkstykkene varme.<\/p>\n<p>3-4 dager i uken er det trimtur p\u00e5 20 &#8211; 40 minutter, og det er kjempeherlig \ud83d\ude42 Merker allerede at formen er blitt mye bedre, og det er kjempeherlig \ud83d\ude42<\/p>\n<p>I g\u00e5r tirsdag 06.10.2015 hadde vi kor\u00f8velse i det koret hvor mannen min og jeg synger. Vi holder p\u00e5 \u00e5 \u00f8ve til en konsert vi skal ha rett over jul, og vi har kommet godt i gang med sangene \ud83d\ude42<\/p>\n<p>N\u00e5 til helgen er det NM for Kor i Trondheim. P\u00e5 fredag 09.10.2015 er det korkonkurranser i sakrale klasser, og p\u00e5 l\u00f8rdag er det korkonkurranser for verdslig klasser samt finaler \ud83d\ude42 Jeg har f\u00e5tt i oppgave \u00e5 fotografere korene som tilh\u00f8rer S\u00f8r-Tr\u00f8ndelag, og det gleder jeg meg til \ud83d\ude42 Konkurransene for sakral korsang foreg\u00e5r i V\u00e5r Frue Kirke i Torndheim, og konkurransene for verdslig korsang foreg\u00e5r i Olavshallen. Hvis du ikke har noe \u00e5 gj\u00f8re i helgen, og har lyst til \u00e5 h\u00f8re god korsang, ta turen innom Olavshallen og V\u00e5r Frue Kirke. Jeg garanterer \u00a0vakker korsang som er balsam for sjelen og \u00f8rene \ud83d\ude42<\/p>\n<p>I kveld skal vi i koret hvor mannen min og jeg synger ha dugnad. Vi skal pakke 1000 korvesker til alle sangere og dirigenter som de f\u00e5r n\u00e5r de sjekker inn. Koret f\u00e5r betalt for dugnaden, og det er penger rett i kassa som kommer godt med p\u00e5 sikt \ud83d\ude42<\/p>\n<p>Jeg kommer ogs\u00e5 til \u00e5 trekke ut en m\u00e5nedens leser for bloggen min for oktober. Alle som kommenterer er med i trekningen av en premie. Premien blir trukket en da av de f\u00f8rste dagene i november m\u00e5ned. Dersom du kommenterer p\u00e5 flere blogginnlegg, har du selvsagt flere muligheter til \u00e5 vinne leserpremien \ud83d\ude42<\/p>\n<p>Jeg synes det er kjempekoselig \u00e5 glede mine trofaste bloggvenner og lesere med en k\u00e5ring av m\u00e5nedens leser, fordi jeg setter kjempestor pris p\u00e5 alle dere som kommenterer p\u00e5 bloggen min. Dere aner ikke hvor kjempestor inspirasjon det gir meg som blogger at dere kommenterer, og kommer med tilbakemeldinger \ud83d\ude42<\/p>\n<p style=\"text-align: center;\">Her kommer noen bilder som jeg har tatt den siste uken, og som jeg \u00f8nsker \u00e5 dele med dere:<\/p>\n<p style=\"text-align: center;\">\n<p style=\"text-align: center;\"><a href=\"http:\/\/www.torilkremmervik.no\/blogg\/wp-content\/uploads\/2015\/10\/051015_var_frues_kirke4.jpg\"><img loading=\"lazy\" decoding=\"async\" class=\"aligncenter size-full wp-image-4001\" title=\"051015_var_frues_kirke4\" src=\"http:\/\/www.torilkremmervik.no\/blogg\/wp-content\/uploads\/2015\/10\/051015_var_frues_kirke4.jpg\" alt=\"\" width=\"400\" height=\"394\" srcset=\"http:\/\/www.torilkremmervik.no\/blogg\/wp-content\/uploads\/2015\/10\/051015_var_frues_kirke4.jpg 400w, http:\/\/www.torilkremmervik.no\/blogg\/wp-content\/uploads\/2015\/10\/051015_var_frues_kirke4-300x295.jpg 300w\" sizes=\"auto, (max-width: 400px) 100vw, 400px\" \/><\/a>V\u00e5r Frue Kirke i Trondheim. Bildet ble tatt 05.10.2015 \ud83d\ude42<\/p>\n<p style=\"text-align: center;\">\n<p style=\"text-align: center;\"><a href=\"http:\/\/www.torilkremmervik.no\/blogg\/wp-content\/uploads\/2015\/10\/051015_nordre_gate3.jpg\"><img loading=\"lazy\" decoding=\"async\" class=\"aligncenter size-full wp-image-4002\" title=\"051015_nordre_gate3\" src=\"http:\/\/www.torilkremmervik.no\/blogg\/wp-content\/uploads\/2015\/10\/051015_nordre_gate3.jpg\" alt=\"\" width=\"512\" height=\"417\" srcset=\"http:\/\/www.torilkremmervik.no\/blogg\/wp-content\/uploads\/2015\/10\/051015_nordre_gate3.jpg 512w, http:\/\/www.torilkremmervik.no\/blogg\/wp-content\/uploads\/2015\/10\/051015_nordre_gate3-300x244.jpg 300w\" sizes=\"auto, (max-width: 512px) 100vw, 512px\" \/><\/a>Nordre Gate, eller G\u00e5gata i Trondheim \ud83d\ude42 Bildet ble tatt 05.10.2015 \ud83d\ude42<\/p>\n<p style=\"text-align: center;\">\n<p style=\"text-align: center;\"><a href=\"http:\/\/www.torilkremmervik.no\/blogg\/wp-content\/uploads\/2015\/10\/051015_kveldshimmel3.jpg\"><img loading=\"lazy\" decoding=\"async\" class=\"aligncenter size-full wp-image-4003\" title=\"051015_kveldshimmel3\" src=\"http:\/\/www.torilkremmervik.no\/blogg\/wp-content\/uploads\/2015\/10\/051015_kveldshimmel3.jpg\" alt=\"\" width=\"512\" height=\"464\" srcset=\"http:\/\/www.torilkremmervik.no\/blogg\/wp-content\/uploads\/2015\/10\/051015_kveldshimmel3.jpg 512w, http:\/\/www.torilkremmervik.no\/blogg\/wp-content\/uploads\/2015\/10\/051015_kveldshimmel3-300x271.jpg 300w\" sizes=\"auto, (max-width: 512px) 100vw, 512px\" \/><\/a>Om kvelden ved 19.00 tiden mandag 05.10.2015 var kveldshimmelen kjempefin, og jeg m\u00e5tte bare fotografere den \ud83d\ude42<\/p>\n<p style=\"text-align: center;\">\n<p style=\"text-align: center;\"><a href=\"http:\/\/www.torilkremmervik.no\/blogg\/wp-content\/uploads\/2015\/10\/061015_rognbaertraer3.jpg\"><img loading=\"lazy\" decoding=\"async\" class=\"aligncenter size-full wp-image-4004\" title=\"061015_rognbaertraer3\" src=\"http:\/\/www.torilkremmervik.no\/blogg\/wp-content\/uploads\/2015\/10\/061015_rognbaertraer3.jpg\" alt=\"\" width=\"512\" height=\"417\" srcset=\"http:\/\/www.torilkremmervik.no\/blogg\/wp-content\/uploads\/2015\/10\/061015_rognbaertraer3.jpg 512w, http:\/\/www.torilkremmervik.no\/blogg\/wp-content\/uploads\/2015\/10\/061015_rognbaertraer3-300x244.jpg 300w\" sizes=\"auto, (max-width: 512px) 100vw, 512px\" \/><\/a>Bilde av rognb\u00e6rtr\u00e6rne som jeg tok i g\u00e5r p\u00e5 trimturen min \ud83d\ude42<\/p>\n<p style=\"text-align: center;\">\n<p style=\"text-align: center;\"><a href=\"http:\/\/www.torilkremmervik.no\/blogg\/wp-content\/uploads\/2015\/10\/061015_ender_dam6.jpg\"><img loading=\"lazy\" decoding=\"async\" class=\"aligncenter size-full wp-image-4005\" title=\"061015_ender_dam6\" src=\"http:\/\/www.torilkremmervik.no\/blogg\/wp-content\/uploads\/2015\/10\/061015_ender_dam6.jpg\" alt=\"\" width=\"640\" height=\"495\" srcset=\"http:\/\/www.torilkremmervik.no\/blogg\/wp-content\/uploads\/2015\/10\/061015_ender_dam6.jpg 640w, http:\/\/www.torilkremmervik.no\/blogg\/wp-content\/uploads\/2015\/10\/061015_ender_dam6-300x232.jpg 300w\" sizes=\"auto, (max-width: 640px) 100vw, 640px\" \/><\/a>I dammen som er i sykehusparken bor det to ender, og her er Donald og Dolly Duck \ud83d\ude42<\/p>\n<p style=\"text-align: center;\">\n<p style=\"text-align: center;\"><a href=\"http:\/\/www.torilkremmervik.no\/blogg\/wp-content\/uploads\/2015\/10\/061015_portal_sykehusparken3.jpg\"><img loading=\"lazy\" decoding=\"async\" class=\"aligncenter size-full wp-image-4006\" title=\"061015_portal_sykehusparken3\" src=\"http:\/\/www.torilkremmervik.no\/blogg\/wp-content\/uploads\/2015\/10\/061015_portal_sykehusparken3.jpg\" alt=\"\" width=\"512\" height=\"459\" srcset=\"http:\/\/www.torilkremmervik.no\/blogg\/wp-content\/uploads\/2015\/10\/061015_portal_sykehusparken3.jpg 512w, http:\/\/www.torilkremmervik.no\/blogg\/wp-content\/uploads\/2015\/10\/061015_portal_sykehusparken3-300x268.jpg 300w\" sizes=\"auto, (max-width: 512px) 100vw, 512px\" \/><\/a>H\u00f8stfargede tr\u00e6r som lener seg p\u00e5 hverandre \ud83d\ude42<\/p>\n<p>&nbsp;<\/p>\n<p style=\"text-align: left;\">Jeg \u00f8nsker dere alle sammen en kjempefin og god onsdag \ud83d\ude42 Ta godt vare p\u00e5 dere selv &lt;3 \ud83d\ude42<\/p>\n<p>&nbsp;<\/p>\n<p>&nbsp;<\/p>\n<p>&nbsp;<\/p>\n<p>&nbsp;<\/p>\n<p>&nbsp;<\/p>\n<p>&nbsp;<\/p>\n<div class=\"linkwithin_hook\" id=\"http:\/\/www.torilkremmervik.no\/blogg\/?p=4000\"><\/div><script>\n<!-- \/\/LinkWithinCodeStart\nvar linkwithin_site_id = 1303645;\nvar linkwithin_div_class = \"linkwithin_hook\";\n\/\/LinkWithinCodeEnd -->\n<\/script>\n<script src=\"http:\/\/www.linkwithin.com\/widget.js\"><\/script>\n<a href=\"http:\/\/www.linkwithin.com\/\"><img decoding=\"async\" src=\"http:\/\/www.linkwithin.com\/pixel.png\" alt=\"Related Posts Plugin for WordPress, Blogger...\" style=\"border: 0\" \/><\/a>","protected":false},"excerpt":{"rendered":"<p>Vi er godt i gang med oktober m\u00e5ned. Det er h\u00f8st, og det kjennes p\u00e5 temperaturen at h\u00f8sten er kommet. Jeg m\u00e5 \u00e6rlig innr\u00f8mme at jeg foretrekker v\u00e5r og sommer best, men h\u00f8sten er ikke borte vekk den heller \ud83d\ude42 &hellip; <a href=\"http:\/\/www.torilkremmervik.no\/blogg\/?p=4000\">Continue reading <span class=\"meta-nav\">&rarr;<\/span><\/a><\/p>\n<script>\n<!-- \/\/LinkWithinCodeStart\nvar linkwithin_site_id = 1303645;\nvar linkwithin_div_class = \"linkwithin_hook\";\n\/\/LinkWithinCodeEnd -->\n<\/script>\n<script src=\"http:\/\/www.linkwithin.com\/widget.js\"><\/script>\n<a href=\"http:\/\/www.linkwithin.com\/\"><img decoding=\"async\" src=\"http:\/\/www.linkwithin.com\/pixel.png\" alt=\"Related Posts Plugin for WordPress, Blogger...\" style=\"border: 0\" \/><\/a>","protected":false},"author":1,"featured_media":0,"comment_status":"open","ping_status":"open","sticky":false,"template":"","format":"standard","meta":{"footnotes":""},"categories":[980],"tags":[1160,1200,1231,981,910,972],"class_list":["post-4000","post","type-post","status-publish","format-standard","hentry","category-kjempefine-og-nydelige-hostdager","tag-bilder","tag-bloggoppdatering","tag-host","tag-hostfarger","tag-manedens-leser","tag-oktober"],"aioseo_notices":[],"_links":{"self":[{"href":"http:\/\/www.torilkremmervik.no\/blogg\/index.php?rest_route=\/wp\/v2\/posts\/4000","targetHints":{"allow":["GET"]}}],"collection":[{"href":"http:\/\/www.torilkremmervik.no\/blogg\/index.php?rest_route=\/wp\/v2\/posts"}],"about":[{"href":"http:\/\/www.torilkremmervik.no\/blogg\/index.php?rest_route=\/wp\/v2\/types\/post"}],"author":[{"embeddable":true,"href":"http:\/\/www.torilkremmervik.no\/blogg\/index.php?rest_route=\/wp\/v2\/users\/1"}],"replies":[{"embeddable":true,"href":"http:\/\/www.torilkremmervik.no\/blogg\/index.php?rest_route=%2Fwp%2Fv2%2Fcomments&post=4000"}],"version-history":[{"count":1,"href":"http:\/\/www.torilkremmervik.no\/blogg\/index.php?rest_route=\/wp\/v2\/posts\/4000\/revisions"}],"predecessor-version":[{"id":4007,"href":"http:\/\/www.torilkremmervik.no\/blogg\/index.php?rest_route=\/wp\/v2\/posts\/4000\/revisions\/4007"}],"wp:attachment":[{"href":"http:\/\/www.torilkremmervik.no\/blogg\/index.php?rest_route=%2Fwp%2Fv2%2Fmedia&parent=4000"}],"wp:term":[{"taxonomy":"category","embeddable":true,"href":"http:\/\/www.torilkremmervik.no\/blogg\/index.php?rest_route=%2Fwp%2Fv2%2Fcategories&post=4000"},{"taxonomy":"post_tag","embeddable":true,"href":"http:\/\/www.torilkremmervik.no\/blogg\/index.php?rest_route=%2Fwp%2Fv2%2Ftags&post=4000"}],"curies":[{"name":"wp","href":"https:\/\/api.w.org\/{rel}","templated":true}]}}