{"id":4445,"date":"2016-01-05T16:05:10","date_gmt":"2016-01-05T15:05:10","guid":{"rendered":"http:\/\/www.torilkremmervik.no\/blogg\/?p=4445"},"modified":"2018-01-31T18:12:02","modified_gmt":"2018-01-31T17:12:02","slug":"oppdatering-om-kattetrioen-min-en-julenisse-og-juletrekule-fattigere-etter-julen-og-elvis-skal-bli-pappa-i-februar","status":"publish","type":"post","link":"http:\/\/www.torilkremmervik.no\/blogg\/?p=4445","title":{"rendered":"OPPDATERING OM KATTETRIOEN MIN, EN JULENISSE OG JULETREKULE FATTIGERE ETTER JULEN, OG ELVIS SKAL BLI PAPPA I FEBRUAR <3 :)"},"content":{"rendered":"<p>Godt nytt \u00e5r kj\u00e6re blogglesere, bloggvenner og f\u00f8lgere! Jeg h\u00e5per at alle har hatt en kjempefin og god jule- og nytt\u00e5rsfeiring?<br \/>\n&nbsp;<br \/>\n&nbsp;<br \/>\nJulen har v\u00e6rt avslappende og kjempekoselig for b\u00e5de tobente og de tre firbente (Nadina, Dixie og Elvis).<br \/>\n&nbsp;<br \/>\n&nbsp;<br \/>\nFra f\u00f8r vet jeg at Dixie og Nadina ikke bryr seg om juletreet. Denne julen var jeg spent p\u00e5 hvordan Elvis kom til \u00e5 reagere p\u00e5 juletreet. Derfor satte vi opp juletreet og pyntet det l\u00f8rdag 19.12.2015.<br \/>\n&nbsp;<br \/>\n&nbsp;<br \/>\nTil tider har den lille r\u00f8de pelsen (Elvis) har v\u00e6rt den av kattene som har vist interesse for juletreet, og flere ganger har han klatret opp til midten av juletreet. Det er jo s\u00e5 mye spennende med glitteret, Norske flagg og dinglende julekuler og julehjerter.<br \/>\n&nbsp;<br \/>\n&nbsp;<br \/>\nTil n\u00e5 har en julenisse som hang p\u00e5 juletreet m\u00e5ttet b\u00f8te med livet, og en julekule ble knust. Mistanken mot Elvis er berettiget, og d\u00e8t med god grunn. Elvis sier: &#8220;D\u00e5rlig gjort matmor \u00e5 skylde p\u00e5 meg!&#8221; \ud83d\ude42<br \/>\n&nbsp;<br \/>\n&nbsp;<br \/>\nSiste utstillingen i 2015 var p\u00e5 Adelkatten sin juleutstilling 28.11 &#8211; 29.11.2015. Etter utstillingen ble Elvis med hjem til Moss til min abyssinervenninne Liss. Hun har en kjempefin bl\u00e5 abyssinerhunnkatt som heter Nubi. Nubi hadde l\u00f8petid, og vi bestemte at Elvis skulle f\u00e5 v\u00e6re med Liss og mannen hjem for \u00e5 pr\u00f8ve og pare seg \ud83d\ude42<br \/>\n&nbsp;<br \/>\n&nbsp;<br \/>\nElvis og lille Nubi ble kjempegode venner, og Elvis pr\u00f8vde \u00e5 pare seg flere ganger. L\u00f8petiden til Nubi varte til og med 01.12.2015. Elvis fikk v\u00e6re i Moss til og med 13.12.2015. Da kom Liss og mannen hennes opp til Trondheim med Elvis. Nubi hadde ikke hatt l\u00f8petiden etter 01.12.2015, og sp\u00f8rsm\u00e5let var om Nubi kom til \u00e5 f\u00e5 l\u00f8petiden etter at Elvis reiste.<br \/>\n&nbsp;<br \/>\n&nbsp;<br \/>\nL\u00f8petiden uteble den, og etter 3 uker sendte Liss et bilde av Nubi, for pattene til Nubi var rosa. Rosa patter er kjennetegnet p\u00e5 om en hunnkatt er drektig. Selvf\u00f8lgelig er man litt i tvil om hunnkatten er drektig selv om pattene er rosa, men Liss fortalte at Nubi ogs\u00e5 hadde lagt p\u00e5 seg \ud83d\ude42 Liss var kjempeglad, og ikke minst spent p\u00e5 om Nubi var drektig. Flere av v\u00e5re abyssinervenner mente med sikkerhet at Nubi m\u00e5tte v\u00e6re drektig.<br \/>\n&nbsp;<br \/>\n&nbsp;<\/p>\n<p style=\"text-align: center;\"><img loading=\"lazy\" decoding=\"async\" class=\"aligncenter size-full wp-image-2265\" src=\"http:\/\/hakrilas.no\/blogg\/wp-content\/uploads\/2016\/01\/pupper_til_nubi2.jpg\" alt=\"pupper_til_nubi2\" width=\"640\" height=\"375\" \/>Nubi sine patter som er rosa tre uker etter paring \ud83d\ude42 Foto: Liss Overgaard<\/p>\n<p>&nbsp;<br \/>\n&nbsp;<br \/>\nJeg foreslo at Liss kunne ta ultralyd av Nubi, men det m\u00e5 gj\u00f8res n\u00e5r hunnkatten er over 4 uker p\u00e5 vei i drektighetsperioden sin. Da f\u00e5r man som eier stadfestet om hunnkatten virkelig er drektig.<br \/>\n&nbsp;<br \/>\n&nbsp;<br \/>\nI dag 05.01.2016 var Liss og mannen hennes med Nubi p\u00e5 ultralyd, og gjett hva? Lille Nubi er drektig \ud83d\ude42 Det var i hvert fall to kattunger i magen om ikke flere \ud83d\ude42 Liss er kjempeglad, og det er jeg ogs\u00e5 \ud83d\ude42 Lille Elvis greide det p\u00e5 de to dagene \ud83d\ude42<br \/>\n&nbsp;<br \/>\n&nbsp;<\/p>\n<p style=\"text-align: center;\"><img loading=\"lazy\" decoding=\"async\" class=\"aligncenter size-full wp-image-2267\" src=\"http:\/\/hakrilas.no\/blogg\/wp-content\/uploads\/2016\/01\/050116_nubi2.jpg\" alt=\"050116_nubi2\" width=\"400\" height=\"727\" \/>Den kjempefine bl\u00e5 abyssinerhunnkatten (Nubi) som skal bli mamma i februar \ud83d\ude42 Eier: Liss Overgaard Oppdretter: Emelie Christina. Foto: Liss Overgaard<\/p>\n<p>&nbsp;<br \/>\n&nbsp;<br \/>\nJeg er kjempeglad over at jeg skal bli &#8220;bestemor&#8221;, og jeg er kjempeglad p\u00e5 Liss sine vegne som venter sitt f\u00f8rste kull under sitt eget oppdrett \ud83d\ude42 Kjenner igjen den f\u00f8lelsen av spenning, forventning og kribling i magen \ud83d\ude42<br \/>\n&nbsp;<br \/>\n&nbsp;<br \/>\nElvis elsker \u00e5 f\u00e5 kos, og han elsker \u00e5 hoppe opp i fanget, legge seg p\u00e5 brystkassen, eller legge seg i armkroken for \u00e5 f\u00e5 kos. Da maler han slik at han nesten sprekker \ud83d\ude42<br \/>\n&nbsp;<br \/>\n&nbsp;<br \/>\nDa Elvis kom hjem hadde Nadina l\u00f8petid, og Elvis var ikke sen om \u00e5 kjenne sin bes\u00f8kelsestid p\u00e5 Nadina. Jeg er 80% sikker p\u00e5 at Elvis og Nadina paret seg, men hos hunnkatter som har f\u00f8dt kattunger tidligere, er det vanskeligere \u00e5 se om hunnkatten har rosa patter enn det er p\u00e5 hunnkatter som venter kull for f\u00f8rste gang.<br \/>\n&nbsp;<br \/>\n&nbsp;<br \/>\nPlanen for v\u00e5ren 2016 er at Nadina og Dixie skal pare seg, men slike ting kan vi ikke planlegge. L\u00f8petiden til kattene kan ikke vi eiere styre. Jeg g\u00e5r en spennende v\u00e5r i m\u00f8te. Det er helt sikkert \ud83d\ude42<br \/>\n&nbsp;<br \/>\n&nbsp;<br \/>\nB\u00e5de Nadina og Dixie er kjempegode venner med Elvis, og Elvis er en av flokken. Av og til synes de nok at &#8220;lillebror&#8221; Elvis er litt vel slitsom, for han er sterk og litt vel hard i leken til tider. Det som er bra, er at de sier fra n\u00e5r nok er nok \ud83d\ude42<br \/>\n&nbsp;<br \/>\n&nbsp;<br \/>\nJeg er kjempeglad for at alle tre kosepusene mine g\u00e5r godt over ens med hverandre, og det har aldri skjedd at kattene mine har havnet i slosskamp med hverandre. Det kattene mine er flinke til er \u00e5 bruke blikket sitt n\u00e5r de sier i fra at nok er nok. Hvis f.eks. Elvis ligger i fanget til matfar, og Nadina har funnet ut at hun er den som skal ligge der, holder det for Nadina \u00e5 stirre Elvis inn i \u00f8ynene. Da vet Elvis at han m\u00e5 forlate matfars fang til fordel Nadina. Det samme skjer hvis Dixie ogs\u00e5 ligger i matfar sitt fang, og Nadina har bestemt seg for at det er hun som skal ligge der. Da setter Nadina seg ned, og hun stirrer Dixie inn i \u00f8ynene. Dixie reiser seg, og lar mamma Nadina f\u00e5 fanget til matfar.<br \/>\n&nbsp;<br \/>\n&nbsp;<br \/>\nDette er et eksempel p\u00e5 det sosiale samspillet i en katteflokk hvor de aksepterer at Nadina er dronningen. Det er n\u00e5r de andre kattene i en kattflokk ikke underkaster seg &#8220;dronningen&#8221; at det blir uro og slossing. Den hunnkatten som er dronning m\u00e5 v\u00e6re 100% sikker p\u00e5 at de andre kattene skj\u00f8nner at det er hun som er dronningen i katteflokken.<br \/>\n&nbsp;<br \/>\n&nbsp;<br \/>\nI en katteflokk skiftes det gjerne p\u00e5 hvem av hunnkattene som er dronning. Som regel er det den hunnkatten som har hatt kattunger sist som topper tronen. En hannkatt m\u00e5 bare innrette seg inn i rangordningen, og han vil v\u00e6re nederst p\u00e5 rangstigen.<br \/>\n&nbsp;<br \/>\n&nbsp;<br \/>\nKattene mine er avhengige av hverandre. Da jeg reiste med Elvis og Dixie til Adelkatten sin juleutstilling p\u00e5 Dal var det kun Nadina som var hjemme sammen matfar, men det var tydelig at Nadina savnet b\u00e5de Elvis og Dixie, for hun var rastl\u00f8s og kosesyk. Det samme merket jeg da jeg kom hjem mandag 30.11.2015 fra utstillingen. Da hadde jeg bare med meg Dixie hjem, for Elvis var i Moss p\u00e5 bes\u00f8k hos sin utk\u00e5rede. B\u00e5de Dixie og Nadina lette etter Elvis de f\u00f8rste dagene etter jeg kom hjem. De er vant til \u00e5 v\u00e6re tre, og n\u00e5r en i flokken er borte, merker de det. De savnet Elvis p\u00e5 sin m\u00e5te, for det la jeg godt merke til \ud83d\ude42<br \/>\n&nbsp;<br \/>\n&nbsp;<br \/>\nN\u00e5r kattetrioen min ligger og sover, ligger de alltid i n\u00e6rheten av hverandre i sofaen. Som regel ligger Nadina p\u00e5 en pelspute, Dixie liker \u00e5 ligge p\u00e5 sofaputen og Elvis i sofaen ved siden av Nadina \ud83d\ude42 Jeg blir kjemper\u00f8rt n\u00e5r jeg ser hvor sammensveiset kattene mine er, selv om de er selvstendige \ud83d\ude42<br \/>\n&nbsp;<br \/>\n&nbsp;<br \/>\nJeg elsker alle tre kattene mine, og kosepusene Elvis, Dixie og Nadina har hver sin kjempeherlige personlighet som jeg elsker kjempeh\u00f8yt \ud83d\ude42<br \/>\n&nbsp;<br \/>\n&nbsp;<br \/>\nJeg har noen utstillingsplaner for 2016. \u00c5rets f\u00f8rste utstilling blir p\u00e5 Tr\u00f8nderkatten sin utstilling i palmehelgen. Neste utstilling blir deretter i \u00d8stersund, s\u00e5 blir det Vestkystkatten i Kristiansund og siste utstilling v\u00e5ren 2016 blir min egen klubb sin utstilling 09.07 &#8211; 10.07.2015 \ud83d\ude42 Hvem av kattene som blir med p\u00e5 utstillingene denne v\u00e5ren vet jeg ikke, for alt kommer an p\u00e5 hvem som er drektig og ikke. En ting er sikkert. I hvert fall Elvis er den som blir med p\u00e5 utstillinger v\u00e5ren 2016 \ud83d\ude42<br \/>\n&nbsp;<br \/>\n&nbsp;<\/p>\n<p style=\"text-align: center;\"><img loading=\"lazy\" decoding=\"async\" class=\"aligncenter size-full wp-image-2269\" src=\"http:\/\/hakrilas.no\/blogg\/wp-content\/uploads\/2016\/01\/171215_nadina_bord5.jpg\" alt=\"171215_nadina_bord5\" width=\"400\" height=\"456\" \/>Godpusejenta dronning Ingave&#8217;s Nadina koser seg p\u00e5 spisebordet <3 :)<\/p>\n<p>&nbsp;<br \/>\n&nbsp;<\/p>\n<p style=\"text-align: center;\"><img loading=\"lazy\" decoding=\"async\" class=\"aligncenter size-full wp-image-2270\" src=\"http:\/\/hakrilas.no\/blogg\/wp-content\/uploads\/2016\/01\/171215_nadina_piano4.jpg\" alt=\"171215_nadina_piano4\" width=\"400\" height=\"487\" \/>Godpusejenta Nadina p\u00e5 pianoet <3 :)<\/p>\n<p>&nbsp;<br \/>\n&nbsp;<\/p>\n<p style=\"text-align: center;\"><img loading=\"lazy\" decoding=\"async\" class=\"aligncenter size-full wp-image-2272\" src=\"http:\/\/hakrilas.no\/blogg\/wp-content\/uploads\/2016\/01\/271115_dixie_seng5.jpg\" alt=\"271115_dixie_seng5\" width=\"640\" height=\"455\" \/>Godpusejenta prinsesse Dixie Rose slapper av i senga p\u00e5 hotellrommet hvor vi bodde da jeg var p\u00e5 Adelkatten sin juleutstilling i november <3 :)<\/p>\n<p>&nbsp;<br \/>\n&nbsp;<\/p>\n<p style=\"text-align: center;\"><img loading=\"lazy\" decoding=\"async\" class=\"aligncenter size-full wp-image-2273\" src=\"http:\/\/hakrilas.no\/blogg\/wp-content\/uploads\/2016\/01\/231215_dixie_slapper_av2.jpg\" alt=\"231215_dixie_slapper_av2\" width=\"640\" height=\"449\" \/>Godpusejenta Dixie Rose slapper av p\u00e5 plassen sin p\u00e5 sofaputa <3 :)<\/p>\n<p>&nbsp;<br \/>\n&nbsp;<\/p>\n<p style=\"text-align: center;\"><img loading=\"lazy\" decoding=\"async\" class=\"aligncenter size-full wp-image-2274\" src=\"http:\/\/hakrilas.no\/blogg\/wp-content\/uploads\/2016\/01\/041115_elvis_skulder3.jpg\" alt=\"041115_elvis_skulder3\" width=\"400\" height=\"595\" \/>Godpusegutten prins S*Skimmerdal&#8217;s Elvis trives kjempegodt p\u00e5 matfars skulder <3 :)<\/p>\n<p>&nbsp;<br \/>\n&nbsp;<\/p>\n<p style=\"text-align: center;\"><img loading=\"lazy\" decoding=\"async\" class=\"aligncenter size-full wp-image-2275\" src=\"http:\/\/hakrilas.no\/blogg\/wp-content\/uploads\/2016\/01\/171215_elvis_pute_sofa4.jpg\" alt=\"171215_elvis_pute_sofa4\" width=\"400\" height=\"371\" \/>Godpusegutten Elvis slapper av p\u00e5 puta i sofaen <3 :)<\/p>\n<div class=\"linkwithin_hook\" id=\"http:\/\/www.torilkremmervik.no\/blogg\/?p=4445\"><\/div><script>\n<!-- \/\/LinkWithinCodeStart\nvar linkwithin_site_id = 1303645;\nvar linkwithin_div_class = \"linkwithin_hook\";\n\/\/LinkWithinCodeEnd -->\n<\/script>\n<script src=\"http:\/\/www.linkwithin.com\/widget.js\"><\/script>\n<a href=\"http:\/\/www.linkwithin.com\/\"><img decoding=\"async\" src=\"http:\/\/www.linkwithin.com\/pixel.png\" alt=\"Related Posts Plugin for WordPress, Blogger...\" style=\"border: 0\" \/><\/a>","protected":false},"excerpt":{"rendered":"<p>Godt nytt \u00e5r kj\u00e6re blogglesere, bloggvenner og f\u00f8lgere! Jeg h\u00e5per at alle har hatt en kjempefin og god jule- og nytt\u00e5rsfeiring? &nbsp; &nbsp; Julen har v\u00e6rt avslappende og kjempekoselig for b\u00e5de tobente og de tre firbente (Nadina, Dixie og Elvis). &hellip; <a href=\"http:\/\/www.torilkremmervik.no\/blogg\/?p=4445\">Continue reading <span class=\"meta-nav\">&rarr;<\/span><\/a><\/p>\n<script>\n<!-- \/\/LinkWithinCodeStart\nvar linkwithin_site_id = 1303645;\nvar linkwithin_div_class = \"linkwithin_hook\";\n\/\/LinkWithinCodeEnd -->\n<\/script>\n<script src=\"http:\/\/www.linkwithin.com\/widget.js\"><\/script>\n<a href=\"http:\/\/www.linkwithin.com\/\"><img decoding=\"async\" src=\"http:\/\/www.linkwithin.com\/pixel.png\" alt=\"Related Posts Plugin for WordPress, Blogger...\" style=\"border: 0\" \/><\/a>","protected":false},"author":1,"featured_media":0,"comment_status":"open","ping_status":"open","sticky":false,"template":"","format":"standard","meta":{"footnotes":""},"categories":[1267],"tags":[864,1160,235,716,836,1268,1270,1169,912,1269],"class_list":["post-4445","post","type-post","status-publish","format-standard","hentry","category-oppdatering-og-nyheter-om-kattetrioen-min","tag-abyssinertrioen","tag-bilder","tag-dixie-rose","tag-drektighet","tag-elvis","tag-elvis-skal-bli-pappa-i-februar","tag-kjennetegn-pa-drektighet","tag-nadina","tag-oppdatering-om-kattene","tag-planer-for-varen-2016"],"aioseo_notices":[],"_links":{"self":[{"href":"http:\/\/www.torilkremmervik.no\/blogg\/index.php?rest_route=\/wp\/v2\/posts\/4445","targetHints":{"allow":["GET"]}}],"collection":[{"href":"http:\/\/www.torilkremmervik.no\/blogg\/index.php?rest_route=\/wp\/v2\/posts"}],"about":[{"href":"http:\/\/www.torilkremmervik.no\/blogg\/index.php?rest_route=\/wp\/v2\/types\/post"}],"author":[{"embeddable":true,"href":"http:\/\/www.torilkremmervik.no\/blogg\/index.php?rest_route=\/wp\/v2\/users\/1"}],"replies":[{"embeddable":true,"href":"http:\/\/www.torilkremmervik.no\/blogg\/index.php?rest_route=%2Fwp%2Fv2%2Fcomments&post=4445"}],"version-history":[{"count":2,"href":"http:\/\/www.torilkremmervik.no\/blogg\/index.php?rest_route=\/wp\/v2\/posts\/4445\/revisions"}],"predecessor-version":[{"id":6461,"href":"http:\/\/www.torilkremmervik.no\/blogg\/index.php?rest_route=\/wp\/v2\/posts\/4445\/revisions\/6461"}],"wp:attachment":[{"href":"http:\/\/www.torilkremmervik.no\/blogg\/index.php?rest_route=%2Fwp%2Fv2%2Fmedia&parent=4445"}],"wp:term":[{"taxonomy":"category","embeddable":true,"href":"http:\/\/www.torilkremmervik.no\/blogg\/index.php?rest_route=%2Fwp%2Fv2%2Fcategories&post=4445"},{"taxonomy":"post_tag","embeddable":true,"href":"http:\/\/www.torilkremmervik.no\/blogg\/index.php?rest_route=%2Fwp%2Fv2%2Ftags&post=4445"}],"curies":[{"name":"wp","href":"https:\/\/api.w.org\/{rel}","templated":true}]}}