{"id":4710,"date":"2016-06-17T19:50:37","date_gmt":"2016-06-17T17:50:37","guid":{"rendered":"http:\/\/www.torilkremmervik.no\/blogg\/?p=4710"},"modified":"2018-01-31T16:01:41","modified_gmt":"2018-01-31T15:01:41","slug":"hverdagsoppdatering-med-nye-bilder","status":"publish","type":"post","link":"http:\/\/www.torilkremmervik.no\/blogg\/?p=4710","title":{"rendered":"HVERDAGSOPPDATERING MED NYE BILDER :)"},"content":{"rendered":"<p>Vi har allerede kommet over halvveis av den f\u00f8rste sommerm\u00e5neden. De siste dagene har vi hatt kjempefin sommerv\u00e6r i Trondheim med mye sol og godt v\u00e6r \ud83d\ude42 Ikke noe er som \u00e5 sitte p\u00e5 verandaen med en god kopp kaffe, spise havregr\u00f8ten til frokost og lese avisen \ud83d\ude42 Da er sommermorgenen perfekt \ud83d\ude42<br \/>\n&nbsp;<br \/>\n&nbsp;<br \/>\nDet g\u00e5r fremover med foten etter operasjonen, og jeg har begynt \u00e5 trene opp foten til fysioterapeut to ganger i uka. Jeg g\u00e5r enda med skinne og krykker, og skinna skal jeg bruke i 1 uke til, men krykkene m\u00e5 jeg bruke fremover. Det har seg nemlig slik at jeg har f\u00e5tt betennelse i sceneplaten rett under h\u00e6len. Fysioterapeuten min fortalte meg at det er helt vanlig etter en ackillesoperasjon n\u00e5r ackillesscenen er blitt forlenget. Da vi scenen under h\u00e6len blir for stram. Jeg har time til ortopeden i august. Jeg m\u00e5 innstille meg p\u00e5 at jeg m\u00e5 igjennom en liten operasjon for \u00e5 slakke p\u00e5 sceneplaten. Det har jeg gjort f\u00f8r, og det er en grei og lett operasjon.<br \/>\n&nbsp;<br \/>\n&nbsp;<br \/>\nJeg savner det \u00e5 f\u00e5 g\u00e5 en tur n\u00e5 som det er sommer, men i og med at sceneplaten under h\u00e6len er betent m\u00e5 jeg ta det med ro, og bruke krykker for \u00e5 avlaste. Istedet trener jeg to ganger i uken til fysioterapeut, og jeg trener ogs\u00e5 med vekter for \u00e5 styrke kroppen \ud83d\ude42 Det er kjempegodt, og jeg f\u00e5r i hvert fall trent \ud83d\ude42<br \/>\n&nbsp;<br \/>\n&nbsp;<br \/>\nDet g\u00e5r mot sommerferie for meg n\u00e5. I koret hvor mannen min og jeg synger har vi sommeravslutning tirsdag 21.06.2016. Vi begynner f\u00f8rste kor\u00f8velsen i midten av august, for vi har en konsert i oktober vi m\u00e5 \u00f8ve til.<br \/>\n&nbsp;<br \/>\n&nbsp;<br \/>\nSiden jeg g\u00e5r p\u00e5 krykker, og bruker skinne p\u00e5 foten etter operasjonen f\u00e5r jeg ikke tatt noen spillejobber, men jeg f\u00e5r lov til \u00e5 ta av skinna om en uke, og jeg har booket spillejobber i tre bryllup samt to gudstjenester i juli m\u00e5ned. Det g\u00e5r fint an \u00e5 ta bussen med krykker til der hvor spillejobbene mine skal v\u00e6re.<br \/>\n&nbsp;<br \/>\n&nbsp;<br \/>\nSelv om det er sommerferie i koret og i redaksjonen i Bel Canto (koravisen i Norges Korforbund S\u00f8r-Tr\u00f8ndelag), har vi ikke sommerferie i katteklubben. 09.07 &#8211; 10.07.2016 skal vi i katteklubben jeg er med i arrangere v\u00e5r \u00e5rlige katteutstilling, og det gleder jeg meg kjempemasse til \ud83d\ude42 Av kattene mine skal jeg stille Elvis. To av kattungene etter Elvis og Dixie (F-kullet) skal v\u00e6re med p\u00e5 utstillingen, og to andre av Elvis sine kattunger (fra en oppdretter i Moss) skal ogs\u00e5 v\u00e6re med p\u00e5 utstillingen \ud83d\ude42 Det morsomste er at de konkurrerer i samme farge, og samme klasse. Elvis konkurrerer i klasse avlshannkatt p\u00e5 utstillingen \ud83d\ude42 Flere av mine kjempegode abyssinervenner kommer til Trondheim den helgen, og jeg gleder meg kjempemasse til \u00e5 treffe dem \ud83d\ude42<br \/>\n&nbsp;<br \/>\n&nbsp;<br \/>\nI sommerferien kommer mannen min og jeg til \u00e5 ta en tur opp til Grong i Namdalen til familien hans, og det gleder jeg meg til \ud83d\ude42 Vi snakket om \u00e5 dra p\u00e5 landstedet som familien til mannen min har, men der er trappen opp til 2.etg s\u00e5 bratt, og for meg med krykker blir det tungvint \u00e5 v\u00e6re der. Da blir det til at mannen min drar dit etter jeg reiser hjem, for han er blitt spurt om han kan tenke seg \u00e5 hjelpe til med litt oppussingsarbeid p\u00e5 landstedet.<br \/>\n&nbsp;<br \/>\n&nbsp;<br \/>\nI sommer er hovedm\u00e5let prioritere opptrening av foten til fysioterapeuten slik at jeg blir sterk nok i h\u00e6len frem til operasjonen jeg skal ha under h\u00e6len i l\u00f8pet av h\u00f8sten 2016. Vi kommer til \u00e5 bruke tiden p\u00e5 familie, venner, dra ut til et vann for \u00e5 grille hvis v\u00e6ret blir bra, lese, hekle, strikke, h\u00f8re p\u00e5 musikk, fotografere og bare nyte ferien for fult \ud83d\ude42 Det er en perfekt sommer for meg \ud83d\ude42<br \/>\n&nbsp;<br \/>\n&nbsp;<br \/>\nL\u00f8rdag 11.06.2016 var vi en venninnegjeng med ektefeller hos min tremenning og hennes mann p\u00e5 grillkveld, og det var kjempekoselig \ud83d\ude42 Det var kjempegod stemning, og vi koste oss, pratet og lo mye hele kvelden \ud83d\ude42 Slike vennekvelder er kjempekoselige, og vi er flinke til \u00e5 finne p\u00e5 slikt n\u00e5r det er sommer.<br \/>\n&nbsp;<br \/>\n&nbsp;<br \/>\n20.05.2016 flyttet min mor til en omsorgsbolig. Omsorgsboligen ligger i en bydel her i Trondheim. Det er 8 beboere der, og pleiere p\u00e5 vakt 24\/7. Min mor har en demenssykdom som kalles for Body Levydemens. Den rammer parkinsonsiden av hjernen, og medf\u00f8rer mye av de samme symptomene som parkinson med depresjoner, angst, hallusinasjoner, forvirring med dato, klokkeslett og dager og d\u00e5rlig motorikk. Denne demenssykdommen er en ny demensform, men den er ikke arvelig. Medisinering til pasienter med denne typen demens vil forsterke symptomene med mer hallusinasjoner, depresjon og angst, og derfor vil ikke legene gi disse pasientene dette.<br \/>\n&nbsp;<br \/>\n&nbsp;<br \/>\nS\u00f8steren min og jeg s\u00e5 hvor d\u00e5rlig til beins hun ble, og det var nesten slik at hun ikke kom seg opp trappen til leiligheten der hun bodde f\u00f8r. Hun kunne ringe opptil 10 ganger p\u00e5 en dag i sine verste perioder n\u00e5r hun var deprimert og hadde angst, og hun greide aldri \u00e5 slappe av. Det ble mye engstelse for henne. Hun engstet seg for n\u00e5r hjemmesykepleien kom, og engstet seg for om de hadde v\u00e6rt der. I tillegg var hun livredd for \u00e5 v\u00e6re alene, og hun greide ikke \u00e5 slappe av. Det var kjempetrist \u00e5 se henne slik, og jeg f\u00f8lte meg maktesl\u00f8s mange ganger \ud83d\ude41 Samme hva man sa til henne hjalp det ikke. Jeg kjente jeg ble sliten n\u00e5r hun ringte 10 ganger om dagen, men som datter ville jeg jo hjelpe henne ogs\u00e5! Spesielt tiden fra f\u00f8r jul og frem til hun flyttet var tussig, og det var ikke noe morsomt \u00e5 se min elskede mor slik. I januar ble min mor lagt inn p\u00e5 sykehuset, for hun fikk lungebetennelse. Dette satte henne tilbake, og det tok lang tid f\u00f8r hun begynte \u00e5 komme til hektene igjen.<br \/>\n&nbsp;<br \/>\n&nbsp;<br \/>\nEn ansatt fra kommunen var p\u00e5 bes\u00f8k til min mor sammen min s\u00f8ster, og hun s\u00e5 behovet for at mor kunne f\u00e5 en en omsorgsbolig hvor det var pleiere tilstede 24\/7. Disse omsorgsboligene vokser ikke p\u00e5 tr\u00e6r i kommunen, men mor var kjempeheldig \u00e5 fikk tildelt omsorgsbolig 19.05.2016. Den takket hun ja til. Hun flyttet inn 20.05.2016!<br \/>\n&nbsp;<br \/>\n&nbsp;<br \/>\nMin mor stortrives p\u00e5 omsorgsboligen, og hun er mye roligere enn hva hun har v\u00e6rt p\u00e5 1 1\/2 \u00e5r! Raten av telefonsamtaler p\u00e5 10 telefoner p\u00e5 \u00e8n dag har g\u00e5tt ned til en eller kanskje ingen. Hun sier selv at hun f\u00f8ler at angsten ikke er s\u00e5 ille som f\u00f8r, og hun sier selv at hun f\u00f8ler trygghet ved \u00e5 ha folk rundt seg hele d\u00f8gnet. Ikke noe er bedre enn det, og som jeg har sagt til min mor er det viktigste at hun har det bra, f\u00f8ler seg trygg og trives p\u00e5 omsorgsboligen \ud83d\ude42 Jeg har det godt n\u00e5r min mor har det bra. Det viktigste er at min mor kan f\u00e5 noen gode og trygge \u00e5r de siste \u00e5rene hun har igjen, og det fortjener hun inderlig \ud83d\ude42 Det er kjempegodt for s\u00f8steren min og meg \u00e5 se at hun trives.<br \/>\n&nbsp;<br \/>\n&nbsp;<br \/>\nJeg synes det er kjempetrist \u00e5 se at foreldrene v\u00e5re som vi elsker s\u00e5 inderlig h\u00f8yt blir syke, for det er jo de som har v\u00e6rt de sterke. De har v\u00e6rt der for oss da vi var barn, ten\u00e5ring og i begynnelsen av voksenlivet. Plutselig blir rollene snudd helt om, og for meg er det en selvf\u00f8lge at jeg vil v\u00e6re der for min kj\u00e6re mor.<br \/>\n&nbsp;<br \/>\n&nbsp;<br \/>\nEt godt r\u00e5d er \u00e5 ta vare p\u00e5 hver eneste dag, og ta godt vare p\u00e5 menneskene rundt som man elsker \ud83d\ude42 Selv s\u00e5 er jeg kjempeglad for at jeg har familien min, mannen min, slekten min og mine kjempegode venner \ud83d\ude42<br \/>\n&nbsp;<br \/>\n&nbsp;<br \/>\nMange sier til meg: &#8220;\u00c5h stakkars deg som sliter med reumatisme med betennelser i leddene, og m\u00e5 operere s\u00e5 mye!&#8221;. Til dem svarer jeg at det er ikke det minste synd p\u00e5 meg, for det finnes de som har det mye verre! N\u00e5r jeg ikke synes synd p\u00e5 meg selv skal heller ikke andre synes synd p\u00e5 meg. Det handler om at jeg har l\u00e6rt meg \u00e5 leve med reumatismen min! Selvsagt har jeg dager hvor jeg har mye smerter i leddene mine, men p\u00e5 de d\u00e5rlige dagene er det viktig at jeg holder p\u00e5 med aktiviteter som tar fokus bort fra at det verker i leddene mine.<br \/>\n&nbsp;<br \/>\n&nbsp;<br \/>\nI dag er det fredag, og det er helg \ud83d\ude42 Jeg har mer enn nok planer i helga. M\u00e5let mitt frem til utstillingen er \u00e5 hekle 40 lekemus til katt som folk kan f\u00e5 kj\u00f8pe til katten sin. Jeg fyller musen med noe som heter valerinafr\u00f8, og jeg skal hilse \u00e5 se at musene er popul\u00e6re til kattene. Kattene blir helt ville n\u00e5r de f\u00e5r musen. Hjemme hos oss varer ikke en slik mus mer enn noen f\u00e5 dager f\u00f8r den er partert i sine enkelte deler \ud83d\ude42<br \/>\n&nbsp;<br \/>\n&nbsp;<br \/>\nJeg har selvf\u00f8lgelig tatt noen bilder som jeg \u00f8nsker \u00e5 dele med dere, og h\u00e5per dere liker dem \ud83d\ude42 \u00d8nsker alle mine kj\u00e6re blogglesere og bloggvenner en kjempefin fredag, og ei kjempefin og god helg \ud83d\ude42<br \/>\n&nbsp;<br \/>\n&nbsp;<\/p>\n<p style=\"text-align: center;\"><strong>NOEN NYE BILDER TATT DE SISTE DAGENE:<\/strong><\/p>\n<p>&nbsp;<br \/>\n&nbsp;<\/p>\n<p style=\"text-align: center;\"><img loading=\"lazy\" decoding=\"async\" src=\"http:\/\/www.torilkremmervik.no\/blogg\/wp-content\/uploads\/2016\/06\/110616_toril2.jpg\" alt=\"110616_toril2\" width=\"400\" height=\"493\" class=\"aligncenter size-full wp-image-4714\" srcset=\"http:\/\/www.torilkremmervik.no\/blogg\/wp-content\/uploads\/2016\/06\/110616_toril2.jpg 400w, http:\/\/www.torilkremmervik.no\/blogg\/wp-content\/uploads\/2016\/06\/110616_toril2-243x300.jpg 243w\" sizes=\"auto, (max-width: 400px) 100vw, 400px\" \/><\/p>\n<p style=\"text-align: center;\">Meg selv. <\/p>\n<p>&nbsp;<br \/>\n&nbsp;<\/p>\n<p style=\"text-align: center;\"><img loading=\"lazy\" decoding=\"async\" src=\"http:\/\/www.torilkremmervik.no\/blogg\/wp-content\/uploads\/2016\/06\/130616_strikkede_grytekluter4.jpg\" alt=\"130616_strikkede_grytekluter4\" width=\"400\" height=\"411\" class=\"aligncenter size-full wp-image-4715\" srcset=\"http:\/\/www.torilkremmervik.no\/blogg\/wp-content\/uploads\/2016\/06\/130616_strikkede_grytekluter4.jpg 400w, http:\/\/www.torilkremmervik.no\/blogg\/wp-content\/uploads\/2016\/06\/130616_strikkede_grytekluter4-292x300.jpg 292w\" sizes=\"auto, (max-width: 400px) 100vw, 400px\" \/><\/p>\n<p style=\"text-align: center;\">To par grytekluter (dobbeltstrikk) ferdig \ud83d\ude42 <\/p>\n<p>&nbsp;<br \/>\n&nbsp;<\/p>\n<p style=\"text-align: center;\"><img loading=\"lazy\" decoding=\"async\" src=\"http:\/\/www.torilkremmervik.no\/blogg\/wp-content\/uploads\/2016\/06\/160616_trening_fysioterapeut2.jpg\" alt=\"160616_trening_fysioterapeut1\" width=\"640\" height=\"449\" class=\"aligncenter size-full wp-image-4716\" \/><\/p>\n<p style=\"text-align: center;\">Sykling til fysioterapeuten som oppvarming \ud83d\ude42 <\/p>\n<p>&nbsp;<br \/>\n&nbsp;<\/p>\n<p style=\"text-align: center;\"><img loading=\"lazy\" decoding=\"async\" src=\"http:\/\/www.torilkremmervik.no\/blogg\/wp-content\/uploads\/2016\/06\/160616_blomsterkrukke_med_blomster8.jpg\" alt=\"160616_blomsterkrukke_med_blomster8\" width=\"512\" height=\"419\" class=\"aligncenter size-full wp-image-4717\" srcset=\"http:\/\/www.torilkremmervik.no\/blogg\/wp-content\/uploads\/2016\/06\/160616_blomsterkrukke_med_blomster8.jpg 512w, http:\/\/www.torilkremmervik.no\/blogg\/wp-content\/uploads\/2016\/06\/160616_blomsterkrukke_med_blomster8-300x246.jpg 300w\" sizes=\"auto, (max-width: 512px) 100vw, 512px\" \/><\/p>\n<p style=\"text-align: center;\">V\u00e5ren og sommeren er tid for blomster, og jeg elsker kjempefine sommerblomster. Her er noen kjempefine blomster i en krukke jeg m\u00e5tte ta bilde av \ud83d\ude42 <\/p>\n<p>&nbsp;<br \/>\n&nbsp;<\/p>\n<p style=\"text-align: center;\"><img loading=\"lazy\" decoding=\"async\" src=\"http:\/\/www.torilkremmervik.no\/blogg\/wp-content\/uploads\/2016\/06\/160616_kveldshimmel9.jpg\" alt=\"160616_kveldshimmel9\" width=\"640\" height=\"466\" class=\"aligncenter size-full wp-image-4718\" srcset=\"http:\/\/www.torilkremmervik.no\/blogg\/wp-content\/uploads\/2016\/06\/160616_kveldshimmel9.jpg 640w, http:\/\/www.torilkremmervik.no\/blogg\/wp-content\/uploads\/2016\/06\/160616_kveldshimmel9-300x218.jpg 300w\" sizes=\"auto, (max-width: 640px) 100vw, 640px\" \/><\/p>\n<p style=\"text-align: center;\">Kjempefin kveldshimmel over Trondheim kl.23.05 i g\u00e5r g\u00e5r kveld 16.06.2016 \ud83d\ude42 <\/p>\n<p>&nbsp;<br \/>\n&nbsp;<\/p>\n<p style=\"text-align: center;\"><img loading=\"lazy\" decoding=\"async\" src=\"http:\/\/www.torilkremmervik.no\/blogg\/wp-content\/uploads\/2016\/06\/160616_kveldshimmel10.jpg\" alt=\"160616_kveldshimmel10\" width=\"640\" height=\"485\" class=\"aligncenter size-full wp-image-4719\" srcset=\"http:\/\/www.torilkremmervik.no\/blogg\/wp-content\/uploads\/2016\/06\/160616_kveldshimmel10.jpg 640w, http:\/\/www.torilkremmervik.no\/blogg\/wp-content\/uploads\/2016\/06\/160616_kveldshimmel10-300x227.jpg 300w\" sizes=\"auto, (max-width: 640px) 100vw, 640px\" \/><\/p>\n<p style=\"text-align: center;\">Kveldshimmelen over Trondheim kl.23.31 i g\u00e5r kveld 16.06.2016 \ud83d\ude42 <\/p>\n<div class=\"linkwithin_hook\" id=\"http:\/\/www.torilkremmervik.no\/blogg\/?p=4710\"><\/div><script>\n<!-- \/\/LinkWithinCodeStart\nvar linkwithin_site_id = 1303645;\nvar linkwithin_div_class = \"linkwithin_hook\";\n\/\/LinkWithinCodeEnd -->\n<\/script>\n<script src=\"http:\/\/www.linkwithin.com\/widget.js\"><\/script>\n<a href=\"http:\/\/www.linkwithin.com\/\"><img decoding=\"async\" src=\"http:\/\/www.linkwithin.com\/pixel.png\" alt=\"Related Posts Plugin for WordPress, Blogger...\" style=\"border: 0\" \/><\/a>","protected":false},"excerpt":{"rendered":"<p>Vi har allerede kommet over halvveis av den f\u00f8rste sommerm\u00e5neden. De siste dagene har vi hatt kjempefin sommerv\u00e6r i Trondheim med mye sol og godt v\u00e6r \ud83d\ude42 Ikke noe er som \u00e5 sitte p\u00e5 verandaen med en god kopp kaffe, &hellip; <a href=\"http:\/\/www.torilkremmervik.no\/blogg\/?p=4710\">Continue reading <span class=\"meta-nav\">&rarr;<\/span><\/a><\/p>\n<script>\n<!-- \/\/LinkWithinCodeStart\nvar linkwithin_site_id = 1303645;\nvar linkwithin_div_class = \"linkwithin_hook\";\n\/\/LinkWithinCodeEnd -->\n<\/script>\n<script src=\"http:\/\/www.linkwithin.com\/widget.js\"><\/script>\n<a href=\"http:\/\/www.linkwithin.com\/\"><img decoding=\"async\" src=\"http:\/\/www.linkwithin.com\/pixel.png\" alt=\"Related Posts Plugin for WordPress, Blogger...\" style=\"border: 0\" \/><\/a>","protected":false},"author":1,"featured_media":0,"comment_status":"open","ping_status":"open","sticky":false,"template":"","format":"standard","meta":{"footnotes":""},"categories":[1439],"tags":[1440,557,184,869],"class_list":["post-4710","post","type-post","status-publish","format-standard","hentry","category-hverdagsoppdatering-med-nye-bidler","tag-hverdagsoppdatering","tag-nye-bilder","tag-sommer","tag-sommerferie-2"],"aioseo_notices":[],"_links":{"self":[{"href":"http:\/\/www.torilkremmervik.no\/blogg\/index.php?rest_route=\/wp\/v2\/posts\/4710","targetHints":{"allow":["GET"]}}],"collection":[{"href":"http:\/\/www.torilkremmervik.no\/blogg\/index.php?rest_route=\/wp\/v2\/posts"}],"about":[{"href":"http:\/\/www.torilkremmervik.no\/blogg\/index.php?rest_route=\/wp\/v2\/types\/post"}],"author":[{"embeddable":true,"href":"http:\/\/www.torilkremmervik.no\/blogg\/index.php?rest_route=\/wp\/v2\/users\/1"}],"replies":[{"embeddable":true,"href":"http:\/\/www.torilkremmervik.no\/blogg\/index.php?rest_route=%2Fwp%2Fv2%2Fcomments&post=4710"}],"version-history":[{"count":8,"href":"http:\/\/www.torilkremmervik.no\/blogg\/index.php?rest_route=\/wp\/v2\/posts\/4710\/revisions"}],"predecessor-version":[{"id":6405,"href":"http:\/\/www.torilkremmervik.no\/blogg\/index.php?rest_route=\/wp\/v2\/posts\/4710\/revisions\/6405"}],"wp:attachment":[{"href":"http:\/\/www.torilkremmervik.no\/blogg\/index.php?rest_route=%2Fwp%2Fv2%2Fmedia&parent=4710"}],"wp:term":[{"taxonomy":"category","embeddable":true,"href":"http:\/\/www.torilkremmervik.no\/blogg\/index.php?rest_route=%2Fwp%2Fv2%2Fcategories&post=4710"},{"taxonomy":"post_tag","embeddable":true,"href":"http:\/\/www.torilkremmervik.no\/blogg\/index.php?rest_route=%2Fwp%2Fv2%2Ftags&post=4710"}],"curies":[{"name":"wp","href":"https:\/\/api.w.org\/{rel}","templated":true}]}}