{"id":4796,"date":"2016-08-08T23:32:06","date_gmt":"2016-08-08T21:32:06","guid":{"rendered":"http:\/\/www.torilkremmervik.no\/blogg\/?p=4796"},"modified":"2018-01-31T15:42:33","modified_gmt":"2018-01-31T14:42:33","slug":"kjempeherlig-og-avslappende-sommerferie","status":"publish","type":"post","link":"http:\/\/www.torilkremmervik.no\/blogg\/?p=4796","title":{"rendered":"KJEMPEHERLIG OG AVSLAPPENDE SOMMERFERIE :)"},"content":{"rendered":"<p>August m\u00e5ned er i gang, men sommeren er ikke p\u00e5 langt n\u00e6r ferdig enda \ud83d\ude42 Heldigvis \ud83d\ude42 I Trondheim har vi hatt en kjempefin sommer v\u00e6rmessig sett. Det har for det meste v\u00e6rt oppholdv\u00e6r, og flere dager med sol og varme. Sommeren 2015 var det mye regn, og slik har det ikke v\u00e6rt i \u00e5r. Heldigvis \ud83d\ude42<br \/>\n&nbsp;<br \/>\n&nbsp;<br \/>\nP\u00e5 grunn av betennelsen under h\u00e6len min har jeg ikke f\u00e5tt lov til \u00e5 g\u00e5 turer. Jeg har gjennom hele sommeren trent to ganger i uka styrketrening til fysioterapeut, og det er kjempeherlig \ud83d\ude42 Etter operasjonen f\u00e5r jeg 6 m\u00e5neder gratis opptrening, men siden jeg har kronisk betennelsesreumatisme f\u00e5r jeg gratis fysioterapeut ut \u00e5ret i hvert fall. Kanskje det kommer nye regler p\u00e5 ny\u00e5ret 2017. Det f\u00e5r jeg ta da.<br \/>\n&nbsp;<br \/>\n&nbsp;<br \/>\nJeg bruker krykker n\u00e5r jeg g\u00e5r ute, men innend\u00f8rs g\u00e5r jeg uten krykker. N\u00e5 har jeg f\u00e5tt meg kjempegode adidasslippers som er gode \u00e5 ha p\u00e5 seg, og det blir ikke s\u00e5 mye press p\u00e5 h\u00e6len.<br \/>\n&nbsp;<br \/>\n&nbsp;<br \/>\nOrtopeden er ikke tilbake fra ferie f\u00f8r i slutten av august, og da m\u00e5 jeg kontakte ham snarest slik at han f\u00e5r tatt en konsultasjon p\u00e5 h\u00e6len min. Det er kraftig sceneplatebetennelse som jeg har. Fysioterapeuten min har gitt meg styrke\u00f8velser som ikke belaster sceneplaten.<br \/>\n&nbsp;<br \/>\n&nbsp;<br \/>\nDet er kjempegodt \u00e5 trene styrke til fysioterapeuten, og jeg merker formstigning \ud83d\ude42<br \/>\n&nbsp;<br \/>\n&nbsp;<br \/>\nSommeren har v\u00e6rt kjempeherlig \ud83d\ude42 Jeg har truffet mange av de kjempegode vennene mine. Siden jeg g\u00e5r med krykker har vennene mine enten hentet meg, og vi har dratt p\u00e5 en kaf\u00e8\/pub hvor vi har sittet og pratet, eller s\u00e5 har vi v\u00e6rt samlet her til en kopp kaffe \ud83d\ude42 Ikke noe er som \u00e5 v\u00e6re sammen med kjempegode venner \ud83d\ude42 Jeg setter kjempestor pris p\u00e5 hver og en av vennene mine \ud83d\ude42<br \/>\n&nbsp;<br \/>\n&nbsp;<br \/>\nI sommer har ogs\u00e5 mannen min og jeg v\u00e6rt sosiale med v\u00e5re felles omgangsvenner og familie\/slekt, og det har v\u00e6rt kjempekoselig \ud83d\ude42<br \/>\n&nbsp;<br \/>\n&nbsp;<br \/>\nMannen min var i Namdalen i 1 1\/2 uke, for han gjorde litt snekkerarbeid p\u00e5 landstedet som familien hans har der. Siden jeg har betennelse under h\u00e6len og m\u00e5 bruke krykker var det tungvint for meg \u00e5 bli med nordover denne gangen. I huset p\u00e5 landstedet er trappen opp til soverommene s\u00e5 bratt, og det er ikke lett \u00e5 g\u00e5 med krykker i trappene. En dag kan jeg v\u00e6re smertefri under h\u00e6len, men neste dag kan jeg har smerter. Jeg prioriterte \u00e5 trene til fysioterapeut to dager i uka etter fysioterapeutens anbefaling.<br \/>\n&nbsp;<br \/>\n&nbsp;<br \/>\nI tillegg var ogs\u00e5 s\u00f8steren min p\u00e5 ferie, og da var det en trygghet for min mor \u00e5 ha noen i byen som hun kunne kontakte hvis det skulle v\u00e6re noe. Selv om hun bor i omsorgsbolig med pleie 24\/7, er hun utrygg hvis b\u00e5de s\u00f8steren min og jeg er bortreist samtidig. Det er forst\u00e5elig.<br \/>\n&nbsp;<br \/>\n&nbsp;<br \/>\nI tillegg har jeg jeg 3 kattunger som snart flytter til sine nye hjem, og jeg reiser ikke fra kattungene flere dager. Normalt sett n\u00e5r vi har voksenkattene (Elvis, Dixie og Nadina), kan vi reise bort noen dager. Da har vi ogs\u00e5 noen som l\u00e5ser seg inn i leiligheten v\u00e5r, gir kattene mat, koser med dem og tar opp av kattetoalettene.<br \/>\n&nbsp;<br \/>\n&nbsp;<br \/>\nI uken her begynner jeg p\u00e5 med freelancejobbene mine med \u00e5 spille fl\u00f8yte. Jeg har to spillejobber denne uken. Siden jeg ikke f\u00e5r lov til \u00e5 kj\u00f8re bil pga sceneplatebetennelsen, f\u00e5r jeg dekket taxi til og fra spillejobbene. Det er kjempegodt \u00e5 komme seg i gang igjen, for jeg har savnet spillejobbene mine kjempemasse \ud83d\ude42<br \/>\n&nbsp;<br \/>\n&nbsp;<br \/>\nL\u00f8rdag 13.08.2016 skal koret hvor vi synger synge under vielsesseremonien i kirka n\u00e5r en gutt i koret skal gifte seg \ud83d\ude42 Det blir kjempekoselig \ud83d\ude42 Hvis v\u00e6ret blir bra i helgen, tenker vi \u00e5 kj\u00f8re en tur til fj\u00e6ra for \u00e5 tenne b\u00e5l og kose oss \ud83d\ude42<br \/>\n&nbsp;<br \/>\n&nbsp;<br \/>\nVi begynner h\u00f8stsemesteret i koret 16.08.2016, og det blir kjempeg\u00f8y \u00e5 se igjen folkene i koret \ud83d\ude42<br \/>\n&nbsp;<br \/>\n&nbsp;<br \/>\nJeg har virkelig kost meg i sommer, lest b\u00f8ker, lest blader, jobbet med billedredigering, kost meg med kaffe ute p\u00e5 verandaen, heklet og strikket, \u00f8vd p\u00e5 fl\u00f8yta, spilt piano, h\u00f8rt p\u00e5 musikk, v\u00e6rt sosial med familie, slekt og venner og kost med kattene \ud83d\ude42 Perfekt og avslappet sommerferie \ud83d\ude42<br \/>\n&nbsp;<br \/>\n&nbsp;<br \/>\nSiden jeg ikke har f\u00e5tt g\u00e5tt turer i sommer, har jeg heller ikke f\u00e5tt tatt s\u00e5 mange bilder som jeg vanligvis har gjort. En dag m\u00e5tte jeg ta bilder av et kommunalt blomsterbed ikke s\u00e5 langt fra oss. Da jeg s\u00e5 blomstene i bedet tidligere i sommer, sa jeg til meg selv: &#8220;Disse skal jeg ta bilder av senere i sommer&#8221;, og det gjorde jeg \ud83d\ude42 Blomstene i bedet var noe det fineste jeg har sett \ud83d\ude42 H\u00e5per dere dere liker bildene \ud83d\ude42<br \/>\n&nbsp;<br \/>\n&nbsp;<\/p>\n<p style=\"text-align: center;\"><img loading=\"lazy\" decoding=\"async\" src=\"http:\/\/www.torilkremmervik.no\/blogg\/wp-content\/uploads\/2016\/08\/010816_nydelig_blomsterbed3.jpg\" alt=\"010816_nydelig_blomsterbed3\" width=\"640\" height=\"390\" class=\"aligncenter size-full wp-image-4797\" srcset=\"http:\/\/www.torilkremmervik.no\/blogg\/wp-content\/uploads\/2016\/08\/010816_nydelig_blomsterbed3.jpg 640w, http:\/\/www.torilkremmervik.no\/blogg\/wp-content\/uploads\/2016\/08\/010816_nydelig_blomsterbed3-300x183.jpg 300w\" sizes=\"auto, (max-width: 640px) 100vw, 640px\" \/><\/p>\n<p style=\"text-align: center;\">Det kommunale blomsterbedet med kjempefine blomster i \ud83d\ude42 <\/p>\n<p>&nbsp;<br \/>\n&nbsp;<\/p>\n<p style=\"text-align: center;\"><img loading=\"lazy\" decoding=\"async\" src=\"http:\/\/www.torilkremmervik.no\/blogg\/wp-content\/uploads\/2016\/08\/010816_blomster_bed3.jpg\" alt=\"010816_blomster_bed3\" width=\"640\" height=\"403\" class=\"aligncenter size-full wp-image-4798\" srcset=\"http:\/\/www.torilkremmervik.no\/blogg\/wp-content\/uploads\/2016\/08\/010816_blomster_bed3.jpg 640w, http:\/\/www.torilkremmervik.no\/blogg\/wp-content\/uploads\/2016\/08\/010816_blomster_bed3-300x189.jpg 300w\" sizes=\"auto, (max-width: 640px) 100vw, 640px\" \/><\/p>\n<p style=\"text-align: center;\">Disse georginerne forelsket jeg meg i f\u00f8rste gangen jeg s\u00e5 dem i det kommunale bedet \ud83d\ude42 Jeg synes fargen p\u00e5 georginene er kjempefin \ud83d\ude42<\/p>\n<p>&nbsp;<br \/>\n&nbsp;<\/p>\n<p style=\"text-align: center;\"><img loading=\"lazy\" decoding=\"async\" src=\"http:\/\/www.torilkremmervik.no\/blogg\/wp-content\/uploads\/2016\/08\/010816_nydelig_blomst6-1.jpg\" alt=\"010816_nydelig_blomst6\" width=\"400\" height=\"473\" class=\"aligncenter size-full wp-image-4799\" srcset=\"http:\/\/www.torilkremmervik.no\/blogg\/wp-content\/uploads\/2016\/08\/010816_nydelig_blomst6-1.jpg 400w, http:\/\/www.torilkremmervik.no\/blogg\/wp-content\/uploads\/2016\/08\/010816_nydelig_blomst6-1-254x300.jpg 254w\" sizes=\"auto, (max-width: 400px) 100vw, 400px\" \/><\/p>\n<p style=\"text-align: center;\">N\u00e6rbilde av georginerblomsten \ud83d\ude42 <\/p>\n<p>&nbsp;<br \/>\n&nbsp;<\/p>\n<p style=\"text-align: center;\"><img loading=\"lazy\" decoding=\"async\" src=\"http:\/\/www.torilkremmervik.no\/blogg\/wp-content\/uploads\/2016\/08\/010816_nydelig_blomst_med_humle2.jpg\" alt=\"010816_nydelig_blomst_med_humle2\" width=\"400\" height=\"518\" class=\"aligncenter size-full wp-image-4800\" srcset=\"http:\/\/www.torilkremmervik.no\/blogg\/wp-content\/uploads\/2016\/08\/010816_nydelig_blomst_med_humle2.jpg 400w, http:\/\/www.torilkremmervik.no\/blogg\/wp-content\/uploads\/2016\/08\/010816_nydelig_blomst_med_humle2-232x300.jpg 232w\" sizes=\"auto, (max-width: 400px) 100vw, 400px\" \/><\/p>\n<p style=\"text-align: center;\">La humla suse \ud83d\ude42 <\/p>\n<p>&nbsp;<br \/>\n&nbsp;<\/p>\n<p style=\"text-align: center;\"><img loading=\"lazy\" decoding=\"async\" src=\"http:\/\/www.torilkremmervik.no\/blogg\/wp-content\/uploads\/2016\/08\/010816_gule_blomster4.jpg\" alt=\"010816_gule_blomster4\" width=\"640\" height=\"480\" class=\"aligncenter size-full wp-image-4801\" srcset=\"http:\/\/www.torilkremmervik.no\/blogg\/wp-content\/uploads\/2016\/08\/010816_gule_blomster4.jpg 640w, http:\/\/www.torilkremmervik.no\/blogg\/wp-content\/uploads\/2016\/08\/010816_gule_blomster4-300x225.jpg 300w\" sizes=\"auto, (max-width: 640px) 100vw, 640px\" \/><\/p>\n<p style=\"text-align: center;\">Kjempefine potentillablomster p\u00e5 busken utenfor huset hvor vi bor \ud83d\ude42 <\/p >\n&nbsp;<br \/>\n&nbsp;<\/p>\n<p style=\"text-align: center;\"><img loading=\"lazy\" decoding=\"async\" src=\"http:\/\/www.torilkremmervik.no\/blogg\/wp-content\/uploads\/2016\/08\/010816_gul_blomst2.jpg\" alt=\"010816_gul_blomst2\" width=\"512\" height=\"476\" class=\"aligncenter size-full wp-image-4802\" srcset=\"http:\/\/www.torilkremmervik.no\/blogg\/wp-content\/uploads\/2016\/08\/010816_gul_blomst2.jpg 512w, http:\/\/www.torilkremmervik.no\/blogg\/wp-content\/uploads\/2016\/08\/010816_gul_blomst2-300x279.jpg 300w\" sizes=\"auto, (max-width: 512px) 100vw, 512px\" \/><\/p>\n<p style=\"text-align: center;\">N\u00e6rbilde av potentillablomst p\u00e5 busken \ud83d\ude42 <\/p>\n<div class=\"linkwithin_hook\" id=\"http:\/\/www.torilkremmervik.no\/blogg\/?p=4796\"><\/div><script>\n<!-- \/\/LinkWithinCodeStart\nvar linkwithin_site_id = 1303645;\nvar linkwithin_div_class = \"linkwithin_hook\";\n\/\/LinkWithinCodeEnd -->\n<\/script>\n<script src=\"http:\/\/www.linkwithin.com\/widget.js\"><\/script>\n<a href=\"http:\/\/www.linkwithin.com\/\"><img decoding=\"async\" src=\"http:\/\/www.linkwithin.com\/pixel.png\" alt=\"Related Posts Plugin for WordPress, Blogger...\" style=\"border: 0\" \/><\/a>","protected":false},"excerpt":{"rendered":"<p>August m\u00e5ned er i gang, men sommeren er ikke p\u00e5 langt n\u00e6r ferdig enda \ud83d\ude42 Heldigvis \ud83d\ude42 I Trondheim har vi hatt en kjempefin sommer v\u00e6rmessig sett. Det har for det meste v\u00e6rt oppholdv\u00e6r, og flere dager med sol og &hellip; <a href=\"http:\/\/www.torilkremmervik.no\/blogg\/?p=4796\">Continue reading <span class=\"meta-nav\">&rarr;<\/span><\/a><\/p>\n<script>\n<!-- \/\/LinkWithinCodeStart\nvar linkwithin_site_id = 1303645;\nvar linkwithin_div_class = \"linkwithin_hook\";\n\/\/LinkWithinCodeEnd -->\n<\/script>\n<script src=\"http:\/\/www.linkwithin.com\/widget.js\"><\/script>\n<a href=\"http:\/\/www.linkwithin.com\/\"><img decoding=\"async\" src=\"http:\/\/www.linkwithin.com\/pixel.png\" alt=\"Related Posts Plugin for WordPress, Blogger...\" style=\"border: 0\" \/><\/a>","protected":false},"author":1,"featured_media":0,"comment_status":"open","ping_status":"open","sticky":false,"template":"","format":"standard","meta":{"footnotes":""},"categories":[1478],"tags":[1160,1174,1482,1163,1481,1479,869,1480],"class_list":["post-4796","post","type-post","status-publish","format-standard","hentry","category-sommerferien-2016","tag-bilder","tag-blomster","tag-kjempekoselig-sommerferie","tag-oppdatering","tag-oppdatering-om-sommereferien","tag-sceneplatebetennelse","tag-sommerferie-2","tag-trening-til-fysioterapeut"],"aioseo_notices":[],"_links":{"self":[{"href":"http:\/\/www.torilkremmervik.no\/blogg\/index.php?rest_route=\/wp\/v2\/posts\/4796","targetHints":{"allow":["GET"]}}],"collection":[{"href":"http:\/\/www.torilkremmervik.no\/blogg\/index.php?rest_route=\/wp\/v2\/posts"}],"about":[{"href":"http:\/\/www.torilkremmervik.no\/blogg\/index.php?rest_route=\/wp\/v2\/types\/post"}],"author":[{"embeddable":true,"href":"http:\/\/www.torilkremmervik.no\/blogg\/index.php?rest_route=\/wp\/v2\/users\/1"}],"replies":[{"embeddable":true,"href":"http:\/\/www.torilkremmervik.no\/blogg\/index.php?rest_route=%2Fwp%2Fv2%2Fcomments&post=4796"}],"version-history":[{"count":3,"href":"http:\/\/www.torilkremmervik.no\/blogg\/index.php?rest_route=\/wp\/v2\/posts\/4796\/revisions"}],"predecessor-version":[{"id":6391,"href":"http:\/\/www.torilkremmervik.no\/blogg\/index.php?rest_route=\/wp\/v2\/posts\/4796\/revisions\/6391"}],"wp:attachment":[{"href":"http:\/\/www.torilkremmervik.no\/blogg\/index.php?rest_route=%2Fwp%2Fv2%2Fmedia&parent=4796"}],"wp:term":[{"taxonomy":"category","embeddable":true,"href":"http:\/\/www.torilkremmervik.no\/blogg\/index.php?rest_route=%2Fwp%2Fv2%2Fcategories&post=4796"},{"taxonomy":"post_tag","embeddable":true,"href":"http:\/\/www.torilkremmervik.no\/blogg\/index.php?rest_route=%2Fwp%2Fv2%2Ftags&post=4796"}],"curies":[{"name":"wp","href":"https:\/\/api.w.org\/{rel}","templated":true}]}}