{"id":5262,"date":"2017-01-04T17:00:24","date_gmt":"2017-01-04T16:00:24","guid":{"rendered":"http:\/\/www.torilkremmervik.no\/blogg\/?p=5262"},"modified":"2017-01-04T17:00:24","modified_gmt":"2017-01-04T16:00:24","slug":"godt-nytt-ar-til-alle-sammen-bloggoppdatering-om-jule-og-nyttarsfeiringen-i-ord-og-bilder","status":"publish","type":"post","link":"http:\/\/www.torilkremmervik.no\/blogg\/?p=5262","title":{"rendered":"GODT NYTT \u00c5R TIL ALLE SAMMEN :) BLOGGOPPDATERING OM JULE- OG NYTT\u00c5RSFEIRINGEN I ORD OG BILDER :)"},"content":{"rendered":"<p>Godt nytt \u00e5r kj\u00e6re blogglesere, bloggvenner og bloggf\u00f8lgere \ud83d\ude42 2017 er i gang, og \u00e5ret st\u00e5r foran oss med blanke ark og fargestifter til. Hva ligger i begrepet &#8220;godt nytt \u00e5r&#8221;? Er det bare frase man er l\u00e6rt opp til \u00e5 si n\u00e5r vi g\u00e5r inn i ett nytt \u00e5r, eller mener vi det innerst inne? Vi har jo alltid sagt det hver nytt\u00e5rsaften kl.24.00, og dagene etter nytt\u00e5rsaften.<br \/>\n&nbsp;<br \/>\n&nbsp;<br \/>\nN\u00e5r jeg \u00f8nsker familie, slekt og venner et &#8220;godt nytt \u00e5r&#8221;, h\u00e5per jeg av hele mitt hjerte at \u00e5ret deres blir et fint \u00e5r med mange gode minner \u00e5 ha med seg videre i livet. Samtidig kan begrepet &#8220;godt nytt \u00e5r&#8221; virke som en innl\u00e6rt frase, men for meg er det ikke bare en frase jeg sier.<br \/>\n&nbsp;<br \/>\n&nbsp;<br \/>\nEt nytt \u00e5r er som et kapittel i en bok. Vi vet ikke hva \u00e5ret vil bringe, Et nytt \u00e5r s\u00e5 har de aller fleste av oss m\u00e5l, forventninger, dr\u00f8mmer og h\u00e5p. Det gjelder \u00e5 ta vare p\u00e5 m\u00e5lene, forventningene, dr\u00f8mmene og h\u00e5pet. Kanskje g\u00e5r \u00e5ret ikke helt som vi hadde h\u00e5pet fordi vi m\u00e5tte endre v\u00e5re m\u00e5l. Satte vi oss for h\u00f8ye m\u00e5l? Jeg tror det hele handler om justeringer underveis. Det handler om \u00e5 gj\u00f8re de justeringene p\u00e5 best mulig m\u00e5te for oss selv, og for andre mennesker som vi omg\u00e5s med.<br \/>\n&nbsp;<br \/>\n&nbsp;<br \/>\nJeg h\u00e5per alle sammen har hatt en fin og god jul? Det har jeg hatt s\u00e5 absolutt \ud83d\ude42 14.12.2016 ble jeg operert i min h\u00f8yre fot. Det ble fjernet betennelser og arrvev fra sceneplaten, og ortopeden m\u00e5tte l\u00f8sne p\u00e5 h\u00e6lbeinet for f\u00e5 bort gammelt gruff. Ortopeden fortalte at jeg fikk store bl\u00f8dninger pga det, og jeg fikk klar beskjed om at det var p\u00e5 h\u00f8y tid at dette ble gjort. Jeg hadde g\u00e5tt alt for lenge med dette her. Ortopeden s\u00e5 p\u00e5 MR-bilder av min venstre fot, og det er akkurat det samme der. Planen er \u00e5 f\u00e5 operert den f\u00f8r sommerferien 2017. F\u00f8rst skal jeg trene opp foten til fysioterapeut. Jeg skal trene to ganger i uka, og begynner torsdag om en uke. Torsdag 29.12.2016 tok jeg stingene, men jeg skal avlaste med en krykke frem til neste uke. I tillegg m\u00e5 jeg ha bandasje p\u00e5 foten for \u00e5 f\u00e5 ned hevelsen. Det som er s\u00e5 positivt er at ubehaget jeg hadde under h\u00e6len er borte, og det betyr at operasjonen var vellykket \ud83d\ude42<br \/>\n&nbsp;<br \/>\n&nbsp;<br \/>\nLillejulaften var s\u00f8steren min, min svoger, min yngste nev\u00f8, mannen min og jeg hjemme hos min mor p\u00e5 v\u00e5r lillejulaftenstradisjon med sirupskake, sylte og sjokolade. Det var kjempekoselig \ud83d\ude42 Den tradisjonen har vi hatt siden vi var sm\u00e5, og h\u00f8rer med i jula for oss \ud83d\ude42<br \/>\n&nbsp;<br \/>\n&nbsp;<br \/>\nJulaften stod vi tidlig opp, slappet av med &#8220;Julemorgen&#8221; p\u00e5 TV, og alle de kjempekoselige julefilemene som &#8220;Tre n\u00f8tter til Askepott&#8221;, &#8220;Reisen til julestjernen&#8221; og &#8220;Disney&#8221; \ud83d\ude42 Det er en perfekt julaftens morgen for meg \ud83d\ude42 Kl.14.30 kom nev\u00f8en min med min mor, for hun skulle feire julaften hos oss. Siden jeg ikke fikk lov til \u00e5 belaste foten etter operasjonen kunne jeg ikke hjelpe mannen min med julemiddagen, men mannen min er nok den flinkeste ribbestekeren av oss to \ud83d\ude42<br \/>\nVi spiste middag kl.18.00, og etterp\u00e5 slappet vi av f\u00f8r vi drakk kaffe og \u00e5pnet pressangene.<br \/>\n&nbsp;<br \/>\n&nbsp;<br \/>\nEgentlig skulle mannen min ha reist opp til Namdal 1.juledag, men han fikk et virus med utslett (h\u00e5nd, fot og munn). Dermed ville ikke familien hans at han skulle komme hjem. N\u00e5 er dette viruset smittsomt f\u00f8r utslettene kommer, men siden svigermor skal p\u00e5 en unders\u00f8kelse p\u00e5 sykehuset ville hun holde seg frisk. Dermed ble planene for 1.juledag endret. 1.juledag var vi hjemme p\u00e5 pinnekj\u00f8ttmiddag hjemme til s\u00f8steren min sammen min mor, min niese, hennes mann og min grandnev\u00f8. Det var kjempekoselig \ud83d\ude42<br \/>\n&nbsp;<br \/>\n&nbsp;<br \/>\n4.juledag sang koret mannen min og jeg synger i p\u00e5 romjulskonsert. De andre akt\u00f8rene som deltok p\u00e5 romjulskonserten var Heimdal Musikkorps og en familiegruppe som heter for &#8220;Segtetten&#8221;. Kirka var i \u00e5r som alle \u00e5r stappfull med publikummere \ud83d\ude42 Etter konserten hadde vi i koret kurvfest hjemme hos en i koret, og det var kjempekoselig \ud83d\ude42<br \/>\n&nbsp;<br \/>\n&nbsp;<br \/>\nNytt\u00e5rsaften har jeg kun en tanke, og det er \u00e5 v\u00e6re sammen kattene n\u00e5r rakettene smeller som verst. Jeg er kjempelgad for at kattene mine har god psyke, men jeg ser at de reagerer p\u00e5 smellene, selv om de utad virker avslappet.<br \/>\n&nbsp;<br \/>\n&nbsp;<br \/>\nElvis var den litt sm\u00e5nysgjerrig og litt stressa. Da rakettoppskytingen begynte \u00e5 tilspisse seg hoppet han opp i vinduskarmen, satt der og s\u00e5 ut, hoppet ned, l\u00f8p litt rundt og forsikret seg at alt stod bra til for s\u00e5 \u00e5 hoppe opp i vinduskarmen for \u00e5 se ut.<br \/>\n&nbsp;<br \/>\n&nbsp;<br \/>\nDixie l\u00e5 og slappet av ved PC&#8217;n, og tok livet helt med ro.<br \/>\n&nbsp;<br \/>\n&nbsp;<br \/>\nNadina liker ikke raketter i det hele tatt, og hun gjemmer seg alltid i et hj\u00f8rne p\u00e5 stua, i kroken ved sofaen eller p\u00e5 stolen under spisebordet. Utad virker Nadina rolig, men hun m\u00e5 f\u00e5 lov til \u00e5 gjemme seg bort frem til rakettene har roet seg.<br \/>\n&nbsp;<br \/>\n&nbsp;<br \/>\nN\u00e5r jeg har dyr, tar jeg ansvar for dem p\u00e5 nytt\u00e5rsaften, og da vil jeg v\u00e6re hjemme n\u00e5r tiden for rakettoppskytning n\u00e6rmer seg. P\u00e5 nytt\u00e5rsaften spiste vi kalkunmiddag inne hos naboene v\u00e5re, og det var kjempegodt \ud83d\ude42 Etter middagen gikk vi inn til oss hvor vi drakk kaffe og koste oss med julekaker. Mannen min gikk bort p\u00e5 Elgeseterbrua og tittet p\u00e5 rakettene. Etterp\u00e5 slappet vi av, og la oss ca.kl.01.30.<br \/>\n&nbsp;<br \/>\n&nbsp;<br \/>\n1.nytt\u00e5rsdag hentet vi mor hit, og vi spiste nytt\u00e5rsmiddag sammen. P\u00e5 menyet stod det juleskinke, gr\u00f8nnsaker og potetmos. Det smakte kjempegodt \ud83d\ude42 Vi koste oss og slappet av \ud83d\ude42<br \/>\n&nbsp;<br \/>\n&nbsp;<br \/>\nDet har v\u00e6rt kjempegodt \u00e5 slappe av i jula. Jeg har g\u00e5tt i pysjen til langt ut p\u00e5 dag, sett p\u00e5 kjempekoselige julefilmer som jeg m\u00e5 se hvert \u00e5r, lest blader, strikket og bare ladet opp batteriene \ud83d\ude42 En slik juleferie er kjempegodt \ud83d\ude42<br \/>\n&nbsp;<br \/>\n&nbsp;<br \/>\nN\u00e5 er hverdagen her igjen, og jeg tar vare p\u00e5 hver eneste dag \ud83d\ude42 Jeg gleder meg til \u00e5 begynne med treningen til fysioterapeuten neste uke, og jeg kan begynne \u00e5 ta spillejobber p\u00e5 fl\u00f8yta igjen i februar. Koret begynner v\u00e5rsemesteret 10.01.2017 \ud83d\ude42<br \/>\n&nbsp;<br \/>\n&nbsp;<br \/>\nIkke minst s\u00e5 venter Dixie Rose kattunger fra 11.01 &#8211; 19.01.2017 \ud83d\ude42 Det blir kjempespennedne \ud83d\ude42 Jeg merker ekstra stor spenning foran den kommende kattungef\u00f8dselen, men det skal bli kjempeherlig med kattunger i huset igjen \ud83d\ude42 Krysser fingre, t\u00e6r og alt jeg har for at alt g\u00e5r bra \ud83d\ude42 Jeg skal hilse \u00e5 si det er liv i magen hennes, og man skulle tro at det er et helt fotballag som holder p\u00e5 \ud83d\ude42 Jeg vet med sikkerhet at det er to, og da tar jeg h\u00f8yde for to aktive abyssinerkattunger \ud83d\ude42 Kommer det en bonuskattunge, er det helt i orden \ud83d\ude42<br \/>\n&nbsp;<br \/>\n&nbsp;<br \/>\nV\u00e6ret i jula var s\u00e5 som s\u00e5. Det var regn, gr\u00e5v\u00e6r og en del vind, men den etterlengtet julesneen som vi h\u00e5per p\u00e5 skal komme i desember kom en m\u00e5ned for sent. Selv er jeg over hodet ikke et vintermenneske, men bittelitt julesn\u00f8 gj\u00f8r advent og julen stemningfylt \ud83d\ude42 I g\u00e5r sn\u00f8dde det, og det var kaos p\u00e5 veiene. Flere vogntog fikk problemer med \u00e5 kj\u00f8re i oppoverbakker. Br\u00f8ytemannskapene hadde nok \u00e5 gj\u00f8re.<br \/>\n&nbsp;<br \/>\n&nbsp;<br \/>\nLitt sn\u00f8 gj\u00f8r det mye lysere ute. N\u00e5 er det meldt kaldt v\u00e6r noen dager f\u00f8r mildv\u00e6ret kommer tilbake.<br \/>\n&nbsp;<br \/>\n&nbsp;<br \/>\nJeg \u00f8nsker \u00e5 dele noen bilder som jeg har tatt f\u00f8r jul og underveis i julen \ud83d\ude42 H\u00e5per dere liker bildene mine \ud83d\ude42<br \/>\n&nbsp;<br \/>\n&nbsp;<\/p>\n<p style=\"text-align: center\"><strong>BILDER TATT F\u00d8R JUL:<\/strong><\/p>\n<p>&nbsp;<br \/>\n&nbsp;<\/p>\n<p style=\"text-align: center\"><img loading=\"lazy\" decoding=\"async\" src=\"http:\/\/www.torilkremmervik.no\/blogg\/wp-content\/uploads\/2017\/01\/141216_nyoperert_fot3.jpg\" alt=\"141216_nyoperert_fot3\" width=\"400\" height=\"400\" class=\"aligncenter size-full wp-image-5263\" srcset=\"http:\/\/www.torilkremmervik.no\/blogg\/wp-content\/uploads\/2017\/01\/141216_nyoperert_fot3.jpg 400w, http:\/\/www.torilkremmervik.no\/blogg\/wp-content\/uploads\/2017\/01\/141216_nyoperert_fot3-150x150.jpg 150w, http:\/\/www.torilkremmervik.no\/blogg\/wp-content\/uploads\/2017\/01\/141216_nyoperert_fot3-300x300.jpg 300w\" sizes=\"auto, (max-width: 400px) 100vw, 400px\" \/><\/p>\n<p style=\"text-align: center\">Nyoperert fot grunnet betennelse under scneplaten. Jeg fikk klar beskjed fra ortopeden om \u00e5 ikke belaste foten min p\u00e5 to uker etter operasjonen. De siste dagene f\u00f8r jul og i julen satt jeg i sofaen med foten p\u00e5 ei pute. Det skal jeg hilse \u00e5 si er kjedelig! <\/p>\n<p>&nbsp;<br \/>\n&nbsp;<\/p>\n<p style=\"text-align: center\"><img loading=\"lazy\" decoding=\"async\" src=\"http:\/\/www.torilkremmervik.no\/blogg\/wp-content\/uploads\/2017\/01\/171216_program_konsert_ndgk3.jpg\" alt=\"171216_program_konsert_ndgk3\" width=\"400\" height=\"566\" class=\"aligncenter size-full wp-image-5264\" srcset=\"http:\/\/www.torilkremmervik.no\/blogg\/wp-content\/uploads\/2017\/01\/171216_program_konsert_ndgk3.jpg 400w, http:\/\/www.torilkremmervik.no\/blogg\/wp-content\/uploads\/2017\/01\/171216_program_konsert_ndgk3-212x300.jpg 212w\" sizes=\"auto, (max-width: 400px) 100vw, 400px\" \/><\/p>\n<p style=\"text-align: center\">17.12.2016 var vi i Nidarosdomen og h\u00f8rte p\u00e5 Trondheimssolistene, Arve Tellefsen og Nidarosdomens Guttekor, og det var balsam for sjel og \u00f8rer <3 :) <\/p>\n<p>&nbsp;<br \/>\n&nbsp;<\/p>\n<p style=\"text-align: center\"><img loading=\"lazy\" decoding=\"async\" src=\"http:\/\/www.torilkremmervik.no\/blogg\/wp-content\/uploads\/2017\/01\/181216_handballjentene_europamestere4.jpg\" alt=\"181216_handballjentene_europamestere4\" width=\"400\" height=\"424\" class=\"aligncenter size-full wp-image-5266\" srcset=\"http:\/\/www.torilkremmervik.no\/blogg\/wp-content\/uploads\/2017\/01\/181216_handballjentene_europamestere4.jpg 400w, http:\/\/www.torilkremmervik.no\/blogg\/wp-content\/uploads\/2017\/01\/181216_handballjentene_europamestere4-283x300.jpg 283w\" sizes=\"auto, (max-width: 400px) 100vw, 400px\" \/><\/p>\n<p style=\"text-align: center\">Det skal ikke stikkes under en stol \u00e5 si at jeg er h\u00e5ndballinteressert, og desember hvert \u00e5r s\u00e5 benker jeg meg foran TV&#8217;n og ser h\u00e5ndballkampene. Kjempemoro og vel fortjent at de ble Europamesteren 2016 \ud83d\ude42 <\/p>\n<p>&nbsp;<br \/>\n&nbsp;<\/p>\n<p style=\"text-align: center\"><img loading=\"lazy\" decoding=\"async\" src=\"http:\/\/www.torilkremmervik.no\/blogg\/wp-content\/uploads\/2017\/01\/221216_julepynt_piano4.jpg\" alt=\"221216_julepynt_piano4\" width=\"640\" height=\"437\" class=\"aligncenter size-full wp-image-5267\" srcset=\"http:\/\/www.torilkremmervik.no\/blogg\/wp-content\/uploads\/2017\/01\/221216_julepynt_piano4.jpg 640w, http:\/\/www.torilkremmervik.no\/blogg\/wp-content\/uploads\/2017\/01\/221216_julepynt_piano4-300x205.jpg 300w\" sizes=\"auto, (max-width: 640px) 100vw, 640px\" \/><\/p>\n<p style=\"text-align: center\">22.12.2016 pyntet vi opp til jul i leiligheten v\u00e5r. Her er julepynten p\u00e5 pianoet \ud83d\ude42 <\/p>\n<p>&nbsp;<br \/>\n&nbsp;<\/p>\n<p style=\"text-align: center\"><img loading=\"lazy\" decoding=\"async\" src=\"http:\/\/www.torilkremmervik.no\/blogg\/wp-content\/uploads\/2017\/01\/221216_julepynt_stuevindu4.jpg\" alt=\"221216_julepynt_stuevindu4\" width=\"640\" height=\"405\" class=\"aligncenter size-full wp-image-5268\" srcset=\"http:\/\/www.torilkremmervik.no\/blogg\/wp-content\/uploads\/2017\/01\/221216_julepynt_stuevindu4.jpg 640w, http:\/\/www.torilkremmervik.no\/blogg\/wp-content\/uploads\/2017\/01\/221216_julepynt_stuevindu4-300x190.jpg 300w\" sizes=\"auto, (max-width: 640px) 100vw, 640px\" \/><\/p>\n<p style=\"text-align: center\">Julepynten i den ene vinduskarmen v\u00e5r p\u00e5 stua v\u00e5r. <\/p>\n<p>&nbsp;<br \/>\n&nbsp;<\/p>\n<p style=\"text-align: center\"><img loading=\"lazy\" decoding=\"async\" src=\"http:\/\/www.torilkremmervik.no\/blogg\/wp-content\/uploads\/2017\/01\/221216_julepynt_bokreol4.jpg\" alt=\"221216_julepynt_bokreol4\" width=\"512\" height=\"413\" class=\"aligncenter size-full wp-image-5269\" srcset=\"http:\/\/www.torilkremmervik.no\/blogg\/wp-content\/uploads\/2017\/01\/221216_julepynt_bokreol4.jpg 512w, http:\/\/www.torilkremmervik.no\/blogg\/wp-content\/uploads\/2017\/01\/221216_julepynt_bokreol4-300x242.jpg 300w\" sizes=\"auto, (max-width: 512px) 100vw, 512px\" \/><\/p>\n<p style=\"text-align: center\">Julepynt p\u00e5 den ene bokreolen p\u00e5 stua, og nissen er h\u00e5ndlaget av min rasekattvenninne som er med i samme katteklubb som meg \ud83d\ude42 <\/p>\n<p>&nbsp;<br \/>\n&nbsp;<\/p>\n<p style=\"text-align: center\"><img loading=\"lazy\" decoding=\"async\" src=\"http:\/\/www.torilkremmervik.no\/blogg\/wp-content\/uploads\/2017\/01\/221216_julepynt_laget_av_oss2.jpg\" alt=\"221216_julepynt_laget_av_oss2\" width=\"400\" height=\"497\" class=\"aligncenter size-full wp-image-5270\" srcset=\"http:\/\/www.torilkremmervik.no\/blogg\/wp-content\/uploads\/2017\/01\/221216_julepynt_laget_av_oss2.jpg 400w, http:\/\/www.torilkremmervik.no\/blogg\/wp-content\/uploads\/2017\/01\/221216_julepynt_laget_av_oss2-241x300.jpg 241w\" sizes=\"auto, (max-width: 400px) 100vw, 400px\" \/><\/p>\n<p style=\"text-align: center\">Kunstveggen v\u00e5r med selvlagede julepynt. Mannen min laget garnnissen p\u00e5 barneskolen, og jeg laget klokkestrengen \ud83d\ude42 <\/p>\n<p>&nbsp;<br \/>\n&nbsp;<\/p>\n<p style=\"text-align: center\"><img loading=\"lazy\" decoding=\"async\" src=\"http:\/\/www.torilkremmervik.no\/blogg\/wp-content\/uploads\/2017\/01\/221216_juletreet7.jpg\" alt=\"221216_juletreet7\" width=\"400\" height=\"486\" class=\"aligncenter size-full wp-image-5271\" srcset=\"http:\/\/www.torilkremmervik.no\/blogg\/wp-content\/uploads\/2017\/01\/221216_juletreet7.jpg 400w, http:\/\/www.torilkremmervik.no\/blogg\/wp-content\/uploads\/2017\/01\/221216_juletreet7-247x300.jpg 247w\" sizes=\"auto, (max-width: 400px) 100vw, 400px\" \/><\/p>\n<p style=\"text-align: center\">Juletreet ferdigpyntet, og tjoret fast til bokreolen for \u00e5 gj\u00f8re det kattesikkert \ud83d\ude42 <\/p>\n<p>&nbsp;<br \/>\n&nbsp;<\/p>\n<p style=\"text-align: center\"><img loading=\"lazy\" decoding=\"async\" src=\"http:\/\/www.torilkremmervik.no\/blogg\/wp-content\/uploads\/2017\/01\/221216_julekule_juletre5.jpg\" alt=\"221216_julekule_juletre5\" width=\"512\" height=\"445\" class=\"aligncenter size-full wp-image-5273\" srcset=\"http:\/\/www.torilkremmervik.no\/blogg\/wp-content\/uploads\/2017\/01\/221216_julekule_juletre5.jpg 512w, http:\/\/www.torilkremmervik.no\/blogg\/wp-content\/uploads\/2017\/01\/221216_julekule_juletre5-300x261.jpg 300w\" sizes=\"auto, (max-width: 512px) 100vw, 512px\" \/><\/p>\n<p style=\"text-align: center\">Den ene julekulen p\u00e5 juletreet. <\/p>\n<p>&nbsp;<br \/>\n&nbsp;<\/p>\n<p style=\"text-align: center\"><img loading=\"lazy\" decoding=\"async\" src=\"http:\/\/www.torilkremmervik.no\/blogg\/wp-content\/uploads\/2017\/01\/221216_julekulepynt_juletre5.jpg\" alt=\"221216_julekulepynt_juletre5\" width=\"400\" height=\"386\" class=\"aligncenter size-full wp-image-5274\" srcset=\"http:\/\/www.torilkremmervik.no\/blogg\/wp-content\/uploads\/2017\/01\/221216_julekulepynt_juletre5.jpg 400w, http:\/\/www.torilkremmervik.no\/blogg\/wp-content\/uploads\/2017\/01\/221216_julekulepynt_juletre5-300x290.jpg 300w\" sizes=\"auto, (max-width: 400px) 100vw, 400px\" \/><\/p>\n<p style=\"text-align: center\">Julepynten p\u00e5 juletreet \ud83d\ude42 <\/p>\n<p>&nbsp;<br \/>\n&nbsp;<\/p>\n<p style=\"text-align: center\"><strong>BILDER TATT LILLEJULAFTEN OG JULAFTEN:<\/strong><\/p>\n<p>&nbsp;<br \/>\n&nbsp;<\/p>\n<p style=\"text-align: center\"><img loading=\"lazy\" decoding=\"async\" src=\"http:\/\/www.torilkremmervik.no\/blogg\/wp-content\/uploads\/2017\/01\/231216_julelyspynt3.jpg\" alt=\"231216_julelyspynt3\" width=\"320\" height=\"499\" class=\"aligncenter size-full wp-image-5275\" srcset=\"http:\/\/www.torilkremmervik.no\/blogg\/wp-content\/uploads\/2017\/01\/231216_julelyspynt3.jpg 320w, http:\/\/www.torilkremmervik.no\/blogg\/wp-content\/uploads\/2017\/01\/231216_julelyspynt3-192x300.jpg 192w\" sizes=\"auto, (max-width: 320px) 100vw, 320px\" \/><\/p>\n<p style=\"text-align: center\">Lillejulaften tente jeg levende lys, og jeg pleier \u00e5 pynte glasskoblen men noen julekuler for \u00e5 gj\u00f8re den julefin \ud83d\ude42 <\/p>\n<p>&nbsp;<br \/>\n&nbsp;<\/p>\n<p style=\"text-align: center\"><img loading=\"lazy\" decoding=\"async\" src=\"http:\/\/www.torilkremmervik.no\/blogg\/wp-content\/uploads\/2017\/01\/231216_grevinnen_og_hovmesteren4.jpg\" alt=\"231216_grevinnen_og_hovmesteren4\" width=\"640\" height=\"494\" class=\"aligncenter size-full wp-image-5276\" srcset=\"http:\/\/www.torilkremmervik.no\/blogg\/wp-content\/uploads\/2017\/01\/231216_grevinnen_og_hovmesteren4.jpg 640w, http:\/\/www.torilkremmervik.no\/blogg\/wp-content\/uploads\/2017\/01\/231216_grevinnen_og_hovmesteren4-300x232.jpg 300w\" sizes=\"auto, (max-width: 640px) 100vw, 640px\" \/><\/p>\n<p style=\"text-align: center\">Filmen &#8220;Grevinnen og hovmesteren&#8221; er et &#8220;must&#8221; p\u00e5 lillejulaften \ud83d\ude42 <\/p>\n<p>&nbsp;<br \/>\n&nbsp;<\/p>\n<p style=\"text-align: center\"><img loading=\"lazy\" decoding=\"async\" src=\"http:\/\/www.torilkremmervik.no\/blogg\/wp-content\/uploads\/2017\/01\/241216_tre_noetter_til_askepott9.jpg\" alt=\"241216_tre_noetter_til_askepott9\" width=\"512\" height=\"417\" class=\"aligncenter size-full wp-image-5277\" srcset=\"http:\/\/www.torilkremmervik.no\/blogg\/wp-content\/uploads\/2017\/01\/241216_tre_noetter_til_askepott9.jpg 512w, http:\/\/www.torilkremmervik.no\/blogg\/wp-content\/uploads\/2017\/01\/241216_tre_noetter_til_askepott9-300x244.jpg 300w\" sizes=\"auto, (max-width: 512px) 100vw, 512px\" \/><\/p>\n<p style=\"text-align: center\">Julaftensmorgen m\u00e5 jeg se filmen &#8220;Tre n\u00f8tter til Askepott&#8221; \ud83d\ude42 <\/p>\n<p>&nbsp;<br \/>\n&nbsp;<\/p>\n<p style=\"text-align: center\"><img loading=\"lazy\" decoding=\"async\" src=\"http:\/\/www.torilkremmervik.no\/blogg\/wp-content\/uploads\/2017\/01\/241216_tre_noetter_til_askepott10.jpg\" alt=\"241216_tre_noetter_til_askepott10\" width=\"512\" height=\"441\" class=\"aligncenter size-full wp-image-5278\" srcset=\"http:\/\/www.torilkremmervik.no\/blogg\/wp-content\/uploads\/2017\/01\/241216_tre_noetter_til_askepott10.jpg 512w, http:\/\/www.torilkremmervik.no\/blogg\/wp-content\/uploads\/2017\/01\/241216_tre_noetter_til_askepott10-300x258.jpg 300w\" sizes=\"auto, (max-width: 512px) 100vw, 512px\" \/><\/p>\n<p style=\"text-align: center\">I \u00e5r som i fjor og \u00e5rene f\u00f8r der fikk Askepott sin prins \ud83d\ude42 <\/p>\n<p>&nbsp;<br \/>\n&nbsp;<\/p>\n<p style=\"text-align: center\"><img loading=\"lazy\" decoding=\"async\" src=\"http:\/\/www.torilkremmervik.no\/blogg\/wp-content\/uploads\/2017\/01\/241216_dekket_middagsbord4.jpg\" alt=\"241216_dekket_middagsbord4\" width=\"640\" height=\"474\" class=\"aligncenter size-full wp-image-5279\" srcset=\"http:\/\/www.torilkremmervik.no\/blogg\/wp-content\/uploads\/2017\/01\/241216_dekket_middagsbord4.jpg 640w, http:\/\/www.torilkremmervik.no\/blogg\/wp-content\/uploads\/2017\/01\/241216_dekket_middagsbord4-300x222.jpg 300w\" sizes=\"auto, (max-width: 640px) 100vw, 640px\" \/><\/p>\n<p style=\"text-align: center\">Dekket middagsbord, og snart klar for julemiddag \ud83d\ude42 <\/p>\n<p>&nbsp;<br \/>\n&nbsp;<\/p>\n<p style=\"text-align: center\"><img loading=\"lazy\" decoding=\"async\" src=\"http:\/\/www.torilkremmervik.no\/blogg\/wp-content\/uploads\/2017\/01\/241216_ribbemiddag3.jpg\" alt=\"241216_ribbemiddag3\" width=\"400\" height=\"408\" class=\"aligncenter size-full wp-image-5280\" srcset=\"http:\/\/www.torilkremmervik.no\/blogg\/wp-content\/uploads\/2017\/01\/241216_ribbemiddag3.jpg 400w, http:\/\/www.torilkremmervik.no\/blogg\/wp-content\/uploads\/2017\/01\/241216_ribbemiddag3-294x300.jpg 294w\" sizes=\"auto, (max-width: 400px) 100vw, 400px\" \/><\/p>\n<p style=\"text-align: center\">Til middag p\u00e5 julaften pleier vi \u00e5 spise ribbe \ud83d\ude42 <\/p>\n<p>&nbsp;<br \/>\n&nbsp;<\/p>\n<p style=\"text-align: center\"><img loading=\"lazy\" decoding=\"async\" src=\"http:\/\/www.torilkremmervik.no\/blogg\/wp-content\/uploads\/2017\/01\/071216_toril3-1.jpg\" alt=\"071216_toril3\" width=\"400\" height=\"443\" class=\"aligncenter size-full wp-image-5281\" srcset=\"http:\/\/www.torilkremmervik.no\/blogg\/wp-content\/uploads\/2017\/01\/071216_toril3-1.jpg 400w, http:\/\/www.torilkremmervik.no\/blogg\/wp-content\/uploads\/2017\/01\/071216_toril3-1-271x300.jpg 271w\" sizes=\"auto, (max-width: 400px) 100vw, 400px\" \/><\/p>\n<p style=\"text-align: center\">Meg selv julaften 2016. <\/p>\n<p>&nbsp;<br \/>\n&nbsp;<\/p>\n<p style=\"text-align: center\"><img loading=\"lazy\" decoding=\"async\" src=\"http:\/\/www.torilkremmervik.no\/blogg\/wp-content\/uploads\/2017\/01\/241216_kreative_julegaver3.jpg\" alt=\"241216_kreative_julegaver3\" width=\"400\" height=\"392\" class=\"aligncenter size-full wp-image-5282\" srcset=\"http:\/\/www.torilkremmervik.no\/blogg\/wp-content\/uploads\/2017\/01\/241216_kreative_julegaver3.jpg 400w, http:\/\/www.torilkremmervik.no\/blogg\/wp-content\/uploads\/2017\/01\/241216_kreative_julegaver3-300x294.jpg 300w\" sizes=\"auto, (max-width: 400px) 100vw, 400px\" \/><\/p>\n<p style=\"text-align: center\">Julaftens mest kreative julegave var det mannen min sin bror som stod for. Vi fikk h\u00e5ndduker som vi \u00f8nsket oss, men i pakken med h\u00e5nddukene hadde han puttet dette \ud83d\ude00 <\/p>\n<p>&nbsp;<br \/>\n&nbsp;<\/p>\n<p style=\"text-align: center\"><img loading=\"lazy\" decoding=\"async\" src=\"http:\/\/www.torilkremmervik.no\/blogg\/wp-content\/uploads\/2017\/01\/241216_julegavene_mine4.jpg\" alt=\"241216_julegavene_mine4\" width=\"512\" height=\"471\" class=\"aligncenter size-full wp-image-5283\" srcset=\"http:\/\/www.torilkremmervik.no\/blogg\/wp-content\/uploads\/2017\/01\/241216_julegavene_mine4.jpg 512w, http:\/\/www.torilkremmervik.no\/blogg\/wp-content\/uploads\/2017\/01\/241216_julegavene_mine4-300x276.jpg 300w\" sizes=\"auto, (max-width: 512px) 100vw, 512px\" \/><\/p>\n<p style=\"text-align: center\">Julegavene som jeg fikk julen 2016 \ud83d\ude42 <\/p>\n<div class=\"linkwithin_hook\" id=\"http:\/\/www.torilkremmervik.no\/blogg\/?p=5262\"><\/div><script>\n<!-- \/\/LinkWithinCodeStart\nvar linkwithin_site_id = 1303645;\nvar linkwithin_div_class = \"linkwithin_hook\";\n\/\/LinkWithinCodeEnd -->\n<\/script>\n<script src=\"http:\/\/www.linkwithin.com\/widget.js\"><\/script>\n<a href=\"http:\/\/www.linkwithin.com\/\"><img decoding=\"async\" src=\"http:\/\/www.linkwithin.com\/pixel.png\" alt=\"Related Posts Plugin for WordPress, Blogger...\" style=\"border: 0\" \/><\/a>","protected":false},"excerpt":{"rendered":"<p>Godt nytt \u00e5r kj\u00e6re blogglesere, bloggvenner og bloggf\u00f8lgere \ud83d\ude42 2017 er i gang, og \u00e5ret st\u00e5r foran oss med blanke ark og fargestifter til. Hva ligger i begrepet &#8220;godt nytt \u00e5r&#8221;? Er det bare frase man er l\u00e6rt opp til &hellip; <a href=\"http:\/\/www.torilkremmervik.no\/blogg\/?p=5262\">Continue reading <span class=\"meta-nav\">&rarr;<\/span><\/a><\/p>\n<script>\n<!-- \/\/LinkWithinCodeStart\nvar linkwithin_site_id = 1303645;\nvar linkwithin_div_class = \"linkwithin_hook\";\n\/\/LinkWithinCodeEnd -->\n<\/script>\n<script src=\"http:\/\/www.linkwithin.com\/widget.js\"><\/script>\n<a href=\"http:\/\/www.linkwithin.com\/\"><img decoding=\"async\" src=\"http:\/\/www.linkwithin.com\/pixel.png\" alt=\"Related Posts Plugin for WordPress, Blogger...\" style=\"border: 0\" \/><\/a>","protected":false},"author":1,"featured_media":0,"comment_status":"open","ping_status":"open","sticky":false,"template":"","format":"standard","meta":{"footnotes":""},"categories":[1701],"tags":[1705,1160,1200,1185,1175,1704,1702,319,1706,1703],"class_list":["post-5262","post","type-post","status-publish","format-standard","hentry","category-godt-nytt-ar-med-bilder-fra-julen-2016","tag-1-juledag-2016","tag-bilder","tag-bloggoppdatering","tag-forjulsbilder","tag-godt-nytt-ar","tag-julaften-2016","tag-julebilder","tag-julepynt","tag-nyttarsaften-2016","tag-nyttarsoppdatering-om-julen"],"aioseo_notices":[],"_links":{"self":[{"href":"http:\/\/www.torilkremmervik.no\/blogg\/index.php?rest_route=\/wp\/v2\/posts\/5262","targetHints":{"allow":["GET"]}}],"collection":[{"href":"http:\/\/www.torilkremmervik.no\/blogg\/index.php?rest_route=\/wp\/v2\/posts"}],"about":[{"href":"http:\/\/www.torilkremmervik.no\/blogg\/index.php?rest_route=\/wp\/v2\/types\/post"}],"author":[{"embeddable":true,"href":"http:\/\/www.torilkremmervik.no\/blogg\/index.php?rest_route=\/wp\/v2\/users\/1"}],"replies":[{"embeddable":true,"href":"http:\/\/www.torilkremmervik.no\/blogg\/index.php?rest_route=%2Fwp%2Fv2%2Fcomments&post=5262"}],"version-history":[{"count":1,"href":"http:\/\/www.torilkremmervik.no\/blogg\/index.php?rest_route=\/wp\/v2\/posts\/5262\/revisions"}],"predecessor-version":[{"id":5284,"href":"http:\/\/www.torilkremmervik.no\/blogg\/index.php?rest_route=\/wp\/v2\/posts\/5262\/revisions\/5284"}],"wp:attachment":[{"href":"http:\/\/www.torilkremmervik.no\/blogg\/index.php?rest_route=%2Fwp%2Fv2%2Fmedia&parent=5262"}],"wp:term":[{"taxonomy":"category","embeddable":true,"href":"http:\/\/www.torilkremmervik.no\/blogg\/index.php?rest_route=%2Fwp%2Fv2%2Fcategories&post=5262"},{"taxonomy":"post_tag","embeddable":true,"href":"http:\/\/www.torilkremmervik.no\/blogg\/index.php?rest_route=%2Fwp%2Fv2%2Ftags&post=5262"}],"curies":[{"name":"wp","href":"https:\/\/api.w.org\/{rel}","templated":true}]}}