{"id":5603,"date":"2017-06-29T19:12:53","date_gmt":"2017-06-29T17:12:53","guid":{"rendered":"http:\/\/www.torilkremmervik.no\/blogg\/?p=5603"},"modified":"2017-06-29T19:12:53","modified_gmt":"2017-06-29T17:12:53","slug":"provde-a-jage-viruset-langt-til-havs-men","status":"publish","type":"post","link":"http:\/\/www.torilkremmervik.no\/blogg\/?p=5603","title":{"rendered":"PR\u00d8VDE \u00c5 JAGE VIRUSET LANGT TIL HAVS, MEN&#8230;"},"content":{"rendered":"<p>Juni m\u00e5ned g\u00e5r fort mot slutten, og det er en dag igjen av juni.<br \/>\n&nbsp;<br \/>\n&nbsp;<br \/>\nHele forrige uke var det gr\u00e5tt v\u00e6r og regn. Det gjorde egentlig ikke s\u00e5 mye, for jeg hadde avtaler nesten hver dag med spillejobber p\u00e5 fl\u00f8yta, sommeravslutning i koret og styrem\u00f8ter.<br \/>\n&nbsp;<br \/>\n&nbsp;<br \/>\n20.06.2017 var det sommeravslutning i koret, og n\u00e5 har vi sommerferie frem til 22.08.2017. Det er kjempegodt de f\u00f8rste ukene, men s\u00e5 begynner det \u00e5 krible i sangstemmen etter \u00e5 komme i gang igjen n\u00e5r august m\u00e5ned n\u00e6rmer seg \ud83d\ude42 Vi har kjempemasse morsomt \u00e5 se frem til h\u00f8sten 2017 i koret \ud83d\ude42<br \/>\n&nbsp;<br \/>\n&nbsp;<br \/>\nSommeravslutningen var kjempekoselig \ud83d\ude42 Vi hadde kurvfest, og alle sammen tok med seg den maten de \u00f8nsket \u00e5 spise, og s\u00e5 satte vi alt p\u00e5 et koldtbord \ud83d\ude42 Lederen oppsummerte korhalv\u00e5ret, og fortalte oss at stevnekritikken av koret hadde kommet, og den var vi kjempeforn\u00f8yde med \ud83d\ude42 Det var ogs\u00e5 quiz og allsang.<br \/>\n&nbsp;<br \/>\n&nbsp;<br \/>\nTorsdag etter jeg var ferdig med spillejobben p\u00e5 fl\u00f8yta var jeg p\u00e5 styrem\u00f8te og medlemsm\u00f8te i katteklubben jeg er med i, og vi holder p\u00e5 \u00e5 forberede katteutstillingen vi skal arrangere 08.07 &#8211; 09.07.2017 \ud83d\ude42<br \/>\n&nbsp;<br \/>\n&nbsp;<br \/>\nJeg f\u00f8lte meg ikke helg i 100% toppform da jeg kom hjem, og jeg hadde vondt i halsen. Kjente p\u00e5 kroppen at jeg holdt p\u00e5 \u00e5 brygge p\u00e5 en forkj\u00f8lelse. Bak i bordet jeg har ikke v\u00e6rt forkj\u00f8lt p\u00e5 ett \u00e5r!<br \/>\n&nbsp;<br \/>\n&nbsp;<br \/>\nFredag 23.06.2017 om morgenen da jeg v\u00e5knet hadde jeg litt forkj\u00f8lelsesfeber. Jeg ringte fysioterapeuten min, og hun ba meg ta det med ro med treningen n\u00e5r jeg var forkj\u00f8lt og hadde feber. Det er ikke lurt \u00e5 trene n\u00e5r man er forkj\u00f8lt med feber, og det er kropens signal at man skal ta det med ro.<br \/>\n&nbsp;<br \/>\n&nbsp;<br \/>\nJeg l\u00e5 p\u00e5 sofaen for det meste hele dagen og slappet av, s\u00e5 p\u00e5 TV og h\u00f8rte musikk. Mannen min reiste p\u00e5 hytta til s\u00f8steren min og mannen hennes sammen min svigerbror og min yngst nev\u00f8. De skulle f\u00e5 ferdig taket p\u00e5 anekset.<br \/>\n&nbsp;<br \/>\n&nbsp;<br \/>\nL\u00f8rdag 24.06.2017 l\u00e5 jeg p\u00e5 sofaen under pleddet hele dagen, og jeg sov for det meste gjennom hele dagen. V\u00e5knet kl.08.00. Gikk p\u00e5 stua og la meg. Sov til kl.12.00, og stod s\u00e5 opp og laget meg en gr\u00f8nn smoothie (vitaminbombe) f\u00f8r jeg la meg igjen. Deretter sov jeg til kl.17.00 f\u00f8r jeg stod opp og tok meg en dusj. Om ettermiddagen satt jeg i sofaen under pleddet, s\u00e5 p\u00e5 TV&#8217;n og tok livet helt med ro. La meg i rett tid p\u00e5 l\u00f8rdagskvelden. Jeg er den personen som sover mye n\u00e5r jeg har lett feber og er forkj\u00f8lt<br \/>\n&nbsp;<br \/>\n&nbsp;<br \/>\nS\u00f8ndag 25.06.2017 kjente jeg meg i bra form p\u00e5 dagen, og takket ja til \u00e5 v\u00e6re med s\u00f8steren min p\u00e5 bes\u00f8k til moren v\u00e5r. Vi hadde et par kjempekoselige timer hos min mor \ud83d\ude42 Om ettermiddagen kom mannen min hjem fra hytta. Jeg var egentlig i ok form hele s\u00f8ndag, og jeg hadde planen klar for \u00e5 dra og trene p\u00e5 tirsdag!<br \/>\n&nbsp;<br \/>\n&nbsp;<br \/>\nMandag 26.06.2017 hadde jeg litt sm\u00e5feber hele dagen. Jeg fant fort ut at kroppen hadde ikke godt av \u00e5 trene. Fysioterapeuten min sier at man skal ikke trene n\u00e5r man har feber. I tillegg begynte jeg \u00e5 hoste. Om kvelden hadde vi i Abyssiner- og somaliringen (interesseklubben for oss som har abyssinere og somali) styrem\u00f8te p\u00e5 Skype. Styrem\u00f8tet gikk kjempebra \ud83d\ude42<br \/>\n&nbsp;<br \/>\n&nbsp;<br \/>\nJeg har hatt feber litt opp og litt ned, og jeg har tendens til l\u00f8s bronkitthoste. I morgen skal jeg f\u00e5 se og f\u00e5 kommet meg til fastlegen min. Jeg mistenker at det er bronkitt. Etter at jeg tok mandlene h\u00f8sten 2002 f\u00e5r jeg alltid bronkitt n\u00e5r jeg blir forkj\u00f8lt. Bedre \u00e5 f\u00e5 det unders\u00f8kt f\u00f8r vi begynner helgen.<br \/>\n&nbsp;<br \/>\n&nbsp;<br \/>\nI dag 29.06.2017 var vi fire stk fra styret i katteklubben jeg er med i som m\u00f8tte opp i studioet i Radio Trondheim kl.08.30. Vi hadde med oss en katt hver. Lederen i klubben hadde med seg sin maine coon hunnkatt, det ene styremedlemmet hadde med seg ragdollen sin og devon rexen sin og jeg hadde valgt ut Dixie Rose til \u00e5 bli med. Vi snakket om katteklubben v\u00e5r, reklamerte for katteutstillingen vi skal ha neste helg og litt om rasene v\u00e5re \ud83d\ude42<br \/>\n&nbsp;<br \/>\n&nbsp;<br \/>\nHvis dere \u00f8nsker kan dere h\u00f8re intervjuet her: <a href=\"https:\/\/soundcloud.com\/radiotrondheim\/katteklubben-midt-norge-pa-besok\">https:\/\/soundcloud.com\/radiotrondheim\/katteklubben-midt-norge-pa-besok<\/a><br \/>\n&nbsp;<br \/>\n&nbsp;<br \/>\nJeg kom hjem kl.10.00. N\u00e5r jeg kom hjem \u00f8vde jeg p\u00e5 fl\u00f8yta, men det m\u00e5tte jeg gi opp, for jeg hostet mer enn hva jeg fikk frem en tone. Har kost meg ute p\u00e5 verandaen. V\u00e6ret er kjempefint, og vi har hatt det kjempefint i 2-3 dager n\u00e5 \ud83d\ude42 Sommeren er kjempeherlig \ud83d\ude42 Det er tungt \u00e5 v\u00e6re forkj\u00f8let med sm\u00e5feber n\u00e5r det er sommer, men jeg priser meg lykkelig at endelig f\u00e5r vi sommer, sol og varme \ud83d\ude42<br \/>\n&nbsp;<br \/>\n&nbsp;<br \/>\nL\u00f8rdag 01.07.2017 st\u00e5r det dusjing av kattene mine f\u00f8r utstillingen neste helg. S\u00f8ndag 02.07.2017 kl.15.00 skal vi 5 \u00e5rs dag til gammeltanteungen min \ud83d\ude42<br \/>\n&nbsp;<br \/>\n&nbsp;<br \/>\nN\u00e5 nyter jeg de kjempeherlige sommerdagene, for jeg elsker sommeren \ud83d\ude42 Det er ogs\u00e5 kjempekoselig \u00e5 sitte ute p\u00e5 verandaen en varm og fin sommerkveld, og se p\u00e5 solnedgangen \ud83d\ude42<br \/>\n&nbsp;<br \/>\n&nbsp;<br \/>\nJeg har ikke f\u00e5tt fotografert s\u00e5 mye den siste uken, men noen nye bilder skal dere f\u00e5 se likevel \ud83d\ude42 H\u00e5per dere liker dem \ud83d\ude42<br \/>\n&nbsp;<br \/>\n&nbsp;<\/p>\n<p style=\"text-align: center;\"><img loading=\"lazy\" decoding=\"async\" src=\"http:\/\/www.torilkremmervik.no\/blogg\/wp-content\/uploads\/2017\/06\/200617_kurvfest_mat_heimklang3.jpg\" alt=\"\" width=\"640\" height=\"480\" class=\"aligncenter size-full wp-image-5605\" \/><\/p>\n<p style=\"text-align: center;\">Maten p\u00e5 kurvfesten til koret tirsdag 20.06.2017 \ud83d\ude42 S\u00e5 ikke dette godt ut eller? <\/p>\n<p>&nbsp;<br \/>\n&nbsp;<\/p>\n<p style=\"text-align: center;\"><img loading=\"lazy\" decoding=\"async\" src=\"http:\/\/www.torilkremmervik.no\/blogg\/wp-content\/uploads\/2017\/06\/220617_groenn_smoothie2.jpg\" alt=\"\" width=\"400\" height=\"507\" class=\"aligncenter size-full wp-image-5606\" \/><\/p>\n<p style=\"text-align: center;\">Gr\u00f8nn smoothie med masse vitaminer opp i: Saften av 1 1\/2 appelsin, saften av 1\/2 sitron, k\u00e5lblader, ett helt eple (alt etter hvilken sort eple du liker), 4 biter frossen spinat og ingef\u00e6r etter smak og behag. <\/p>\n<p>&nbsp;<br \/>\n&nbsp;<\/p>\n<p style=\"text-align: center;\"><img loading=\"lazy\" decoding=\"async\" src=\"http:\/\/www.torilkremmervik.no\/blogg\/wp-content\/uploads\/2017\/06\/230617_rekvisitter_mot_forkjoelelse2.jpg\" alt=\"\" width=\"512\" height=\"427\" class=\"aligncenter size-full wp-image-5607\" \/><\/p>\n<p style=\"text-align: center;\">Remedier til \u00e5 pr\u00f8ve og jage forkj\u00f8lelsesviruset langt til havs! <\/p>\n<div class=\"linkwithin_hook\" id=\"http:\/\/www.torilkremmervik.no\/blogg\/?p=5603\"><\/div><script>\n<!-- \/\/LinkWithinCodeStart\nvar linkwithin_site_id = 1303645;\nvar linkwithin_div_class = \"linkwithin_hook\";\n\/\/LinkWithinCodeEnd -->\n<\/script>\n<script src=\"http:\/\/www.linkwithin.com\/widget.js\"><\/script>\n<a href=\"http:\/\/www.linkwithin.com\/\"><img decoding=\"async\" src=\"http:\/\/www.linkwithin.com\/pixel.png\" alt=\"Related Posts Plugin for WordPress, Blogger...\" style=\"border: 0\" \/><\/a>","protected":false},"excerpt":{"rendered":"<p>Juni m\u00e5ned g\u00e5r fort mot slutten, og det er en dag igjen av juni. &nbsp; &nbsp; Hele forrige uke var det gr\u00e5tt v\u00e6r og regn. Det gjorde egentlig ikke s\u00e5 mye, for jeg hadde avtaler nesten hver dag med spillejobber &hellip; <a href=\"http:\/\/www.torilkremmervik.no\/blogg\/?p=5603\">Continue reading <span class=\"meta-nav\">&rarr;<\/span><\/a><\/p>\n<script>\n<!-- \/\/LinkWithinCodeStart\nvar linkwithin_site_id = 1303645;\nvar linkwithin_div_class = \"linkwithin_hook\";\n\/\/LinkWithinCodeEnd -->\n<\/script>\n<script src=\"http:\/\/www.linkwithin.com\/widget.js\"><\/script>\n<a href=\"http:\/\/www.linkwithin.com\/\"><img decoding=\"async\" src=\"http:\/\/www.linkwithin.com\/pixel.png\" alt=\"Related Posts Plugin for WordPress, Blogger...\" style=\"border: 0\" \/><\/a>","protected":false},"author":1,"featured_media":0,"comment_status":"open","ping_status":"open","sticky":false,"template":"","format":"standard","meta":{"footnotes":""},"categories":[1839],"tags":[1844,1160,1842,646,1440,1845,1841,1843,184,1840,1538],"class_list":["post-5603","post","type-post","status-publish","format-standard","hentry","category-hverdagsoppdatering-og-forkjolelsesvirus","tag-besok-i-radio-trondheim","tag-bilder","tag-feber","tag-forkjolelse","tag-hverdagsoppdatering","tag-juli","tag-kurvfest","tag-snart-katteutstilling","tag-sommer","tag-sommeravslutning-i-koret","tag-styremoter"],"aioseo_notices":[],"_links":{"self":[{"href":"http:\/\/www.torilkremmervik.no\/blogg\/index.php?rest_route=\/wp\/v2\/posts\/5603","targetHints":{"allow":["GET"]}}],"collection":[{"href":"http:\/\/www.torilkremmervik.no\/blogg\/index.php?rest_route=\/wp\/v2\/posts"}],"about":[{"href":"http:\/\/www.torilkremmervik.no\/blogg\/index.php?rest_route=\/wp\/v2\/types\/post"}],"author":[{"embeddable":true,"href":"http:\/\/www.torilkremmervik.no\/blogg\/index.php?rest_route=\/wp\/v2\/users\/1"}],"replies":[{"embeddable":true,"href":"http:\/\/www.torilkremmervik.no\/blogg\/index.php?rest_route=%2Fwp%2Fv2%2Fcomments&post=5603"}],"version-history":[{"count":2,"href":"http:\/\/www.torilkremmervik.no\/blogg\/index.php?rest_route=\/wp\/v2\/posts\/5603\/revisions"}],"predecessor-version":[{"id":5608,"href":"http:\/\/www.torilkremmervik.no\/blogg\/index.php?rest_route=\/wp\/v2\/posts\/5603\/revisions\/5608"}],"wp:attachment":[{"href":"http:\/\/www.torilkremmervik.no\/blogg\/index.php?rest_route=%2Fwp%2Fv2%2Fmedia&parent=5603"}],"wp:term":[{"taxonomy":"category","embeddable":true,"href":"http:\/\/www.torilkremmervik.no\/blogg\/index.php?rest_route=%2Fwp%2Fv2%2Fcategories&post=5603"},{"taxonomy":"post_tag","embeddable":true,"href":"http:\/\/www.torilkremmervik.no\/blogg\/index.php?rest_route=%2Fwp%2Fv2%2Ftags&post=5603"}],"curies":[{"name":"wp","href":"https:\/\/api.w.org\/{rel}","templated":true}]}}