{"id":6626,"date":"2018-03-21T11:27:47","date_gmt":"2018-03-21T10:27:47","guid":{"rendered":"http:\/\/www.torilkremmervik.no\/blogg\/?p=6626"},"modified":"2018-03-21T11:27:47","modified_gmt":"2018-03-21T10:27:47","slug":"huff-da-stakkars-listhaug-som-er-et-stakkars-offer-offerrollen-kler-ingen","status":"publish","type":"post","link":"http:\/\/www.torilkremmervik.no\/blogg\/?p=6626","title":{"rendered":"HUFF DA STAKKARS LISTHAUG SOM ER ET &#8220;STAKKARS&#8221; OFFER&#8230;. OFFERROLLEN KLER INGEN"},"content":{"rendered":"<p>De siste dagene har det stormet i Norsk politikk. Det\u00a0var ene og alene Sylvi Listhaug som begynte det hele. Sylvi Listhaug beskyldte offentlig p\u00e5 facebook AP (Arbeiderpartiet) for \u00e5 &#8220;sette terroristers rettigheter for nasjonens sikkerhet&#8221;\u00a0Kilde:\u00a0<a href=\"https:\/\/www.dagsavisen.no\/innenriks\/slik-skapte-frp-statsrad-sylvi-listhaug-krise-for-solberg-regjeringen-1.1117388\">https:\/\/www.dagsavisen.no\/innenriks\/slik-skapte-frp-statsrad-sylvi-listhaug-krise-for-solberg-regjeringen-1.1117388<\/a>\u00a0Uttalelsen fra Listhaug skjedde samme dag som filmen om Ut\u00f8ya hadde premiere p\u00e5 kino!<br \/>\n&nbsp;<br \/>\n&nbsp;<br \/>\nListhaug sine uttalelser vekker naturlig nok kraftige reaksjoner. Ikke bare ovenfor politikere, men ogs\u00e5 Nordmenn flest!<br \/>\n&nbsp;<br \/>\n&nbsp;<br \/>\nL\u00f8rdag 10.03.2018 g\u00e5r AP-leder Jonas Gahr St\u00f8re ut hvor han ber Statsminister Erna Solberg komme p\u00e5 banen. Statsministeren tok ikke selvkritikk, og etter mitt syn har statsminister Erna Solberg holdt seg feig gjennom hele denne saken!\u00a0<br \/>\n&nbsp;<br \/>\n&nbsp;<br \/>\nFrp-leder og statsr\u00e5d Siv Jensen tar Listhaug i forsvar, og hun kaller det hele \u00aben diskusjon om ord\u00bb. Frp beskylder Ap for \u00e5 piske opp terrordebatten og mener Ap selv er skyld i koblingen til 22. juli-terroren. St\u00f8re mener Listhaug bidrar til Ap-hat. Kilde:\u00a0<a href=\"https:\/\/www.dagsavisen.no\/innenriks\/slik-skapte-frp-statsrad-sylvi-listhaug-krise-for-solberg-regjeringen-1.1117388\">https:\/\/www.dagsavisen.no\/innenriks\/slik-skapte-frp-statsrad-sylvi-listhaug-krise-for-solberg-regjeringen-1.1117388<\/a><br \/>\n&nbsp;<br \/>\n&nbsp;<br \/>\nTirsdag 13.03.2018 kommer H\u00f8yres nestleder og statsr\u00e5d Jan Tore Sanner p\u00e5 banen, og han kaller Listhaug sitt spr\u00e5kbruk uakseptabel! KrF krever at regjeringen beklager i Stortinget. Listhaug p\u00e5 sin side nekter \u00e5 la seg intervjue, men Listhaug fjerner ikke den omstridte facebookposten.\u00a0<br \/>\n&nbsp;<br \/>\n&nbsp;<br \/>\nOnsdag 14.03.2018 fjerner Listhaug den omstridte facebookposten. R\u00f8dt fremmer mistillitsforslag mot Listhaug. DN melder at Erna Solberg ba Sylvi Listhaug om \u00e5 fjerne bildet allerede l\u00f8rdag 10.03.2018 uten at Listhaug lyttet!\u00a0<br \/>\n&nbsp;<br \/>\n&nbsp;<br \/>\nTorsdag 15.03.2018 kommer det frem at det er et klart flertall for et SV-forslag om \u00e5 vedta sterk kritikk av Listhaug. Statsminister Erna Solberg sier at Sylvi Listhaug vil komme til Stortinget for \u00e5 beklage. Statsr\u00e5den Jan Tore Sanner kommer ogs\u00e5 til Stortinget, og han gjentar ogs\u00e5 regjeringens unnskyldning. P\u00e5 Stortingen i l\u00f8pet av formiddagen klarer ikke Sylvi Listhaug unnskylde for at saken p\u00e5 en m\u00e5te opposisjonen finner troverdig. Arbeiderpartiets leder Jonas Gahr St\u00f8re varsler at de st\u00f8tter R\u00f8dt sitt mistillitsforslag mot Sylvi Listhaug.\u00a0<br \/>\n&nbsp;<br \/>\n&nbsp;<br \/>\nFredag 16.03.2018 gj\u00f8r Senterpartiet det klart at de vil st\u00f8tte mistillitsforslaget. KrF kommer ikke med noen konklusjon, men varsler om et ekstraordin\u00e6rt landsstyrem\u00f8te mandag 19.03.2018.\u00a0<br \/>\n&nbsp;<br \/>\n&nbsp;<br \/>\nErna Solberg bekrefter at hun fremdeles har tillit til Sylvi Listhaug. Sylvi Listhaug arrangerte et pressetreff i Justisdepartementet hvor hun viste fram en mengde blomsterbuketter som ble sendt til henne fra st\u00f8ttespillere. Samtidig nektet hun \u00e5 svare p\u00e5 kritiske sp\u00f8rsm\u00e5l, og hun nektet adgang til journalister som ikke ville f\u00f8ye seg. Det ble klart at innvandringsfiendtlige facebookgrupper var bidragsytere i blomsteraksjonen!\u00a0<br \/>\n&nbsp;<br \/>\n&nbsp;<br \/>\nS\u00f8ndag 18.03.2018 kom det frem at Erna Solberg ville stille kabinettsp\u00f8rsm\u00e5l ved \u00e5 true med \u00e5 g\u00e5 av dersom det ble flertall i Stortinget for mistillitsforslaget mot Listhaug.\u00a0<br \/>\n&nbsp;<br \/>\n&nbsp;<br \/>\nMandag 19.03.2018 vedtok KrF at de ogs\u00e5 hadde mistillit mot Sylvi Listhaug. Dermed var det flertall til mistillitsforslaget mot Sylvi Listhaug.\u00a0<br \/>\n&nbsp;<br \/>\n&nbsp;<br \/>\nI dag 20..03.2018 var de fleste av oss Nordmenn spente p\u00e5 hva som kom til \u00e5 bli utfallet av dette. Sylvi Listhaug valgte \u00e5 trekke seg fra posten sin som justisminister i regjeringen. Det var det klokeste hun kunne ha gjort, for de f\u00e6rreste p\u00e5 Stortinget hadde tillit til Sylvi Listhaug etter hennes utspill p\u00e5 facebook.\u00a0<br \/>\n&nbsp;<br \/>\n&nbsp;<br \/>\nJeg reagerte kraftig p\u00e5 det Sylvi Listhaug sa i sin avskjedstale. Talen var preget hat mot Jonas Gahr St\u00f8re, og hun kunne spart seg en del av de uttalelsene sine som hun kom med!\u00a0<br \/>\n&nbsp;<br \/>\n&nbsp;<br \/>\nI nyhetene p\u00e5 Dagsrevyen n\u00e5 nettopp uttalte Sylvi Listhaug at hun slett ikke kommer til \u00e5 sitte stille \u00e5 se p\u00e5, og hun kommer til \u00e5 gj\u00f8re alt for at Jonas Gahr St\u00f8re ikke skal f\u00e5 bli statsminister. Hun uttalte at Jonas Garh St\u00f8re ikke er egnet til \u00e5 v\u00e6re statsminister! En politiker som Sylvi Listhaug burde v\u00e6re sv\u00e6rt forsiktig g\u00e5 til personangrep mot andre politikere!\u00a0<br \/>\n&nbsp;<br \/>\n&nbsp;<br \/>\nListhaug sin posting p\u00e5 facebook var usmakelig, og s\u00e6rlig i kraft av den ministerposten hun hadde som justisminister.<br \/>\n&nbsp;<br \/>\n&nbsp;<br \/>\nS\u00e5 kommer man til sp\u00f8rsm\u00e5let om regjeringsmedlemmer ikke skal f\u00e5 poste ting p\u00e5 facebook. N\u00e5r er de privatpersoner og n\u00e5r er det offentlige personer?<br \/>\n&nbsp;<br \/>\n&nbsp;<br \/>\nRegjeringsmedlemmer som sitter i regjering er etter mitt syn ikke privatpersoner i likhet med\u00a0deg og meg. De har privatliv de ogs\u00e5, og det har de krav p\u00e5. Selvf\u00f8lgelig vil deres postinger p\u00e5 facebook bli lagt merke til hvis de skriver eller poster noe som er kontroversielt. En kontroversiell ytring skrevet offentlig p\u00e5 facebook skrevet av en justisminister er absolutt ikke forenelig i kraft av hans\/hennes verv som minister!\u00a0<br \/>\n&nbsp;<br \/>\n&nbsp;<br \/>\nSylvi Listhaug selv mente at ytringsfriheten hennes var kneblet. Ytringsfriheten til Listhaug ble slett ikke kneblet. Politikere og ogs\u00e5 privatpersoner reagerte kraftig\u00a0p\u00e5 det som Listhaug publiserte p\u00e5 facebook, og b\u00e5de politikere og privatpersoner\u00a0sa fra hva de mente om Listhaug sitt utspill!\u00a0Det er ikke og har aldri v\u00e6rt det \u00e5 kneble noen ytringsfrihet! Akkurat det handler om \u00e5 si fra hva som forventes av en politiker, og i hvert fall en justisminister!\u00a0<br \/>\n&nbsp;<br \/>\n&nbsp;<br \/>\nDet verste midt opp i det hele er at Sylvi Listhaug tar p\u00e5 seg en stakkarslig offerrolle, og hun legger skylden p\u00e5 andre! Her viser Listhaug en arroganse ut av en annen verden!\u00a0<br \/>\n&nbsp;<br \/>\n&nbsp;<br \/>\nErna Solbereg har i mine \u00f8yne vist seg som en feig leder. Hun burde ha kommet p\u00e5 banen mye tidligere, og sagt klart i fra til Listhaug at postingen p\u00e5 facebook ikke var forenelig med ministerposten som Sylvi Listhaug hadde som justisminister!\u00a0<br \/>\n&nbsp;<br \/>\n&nbsp;<br \/>\nPerosnlig har jeg aldri hatt sansen for FrP, og den ble ytterlige svekket for meg personlig!<br \/>\n&nbsp;<br \/>\n&nbsp;<\/p>\n<p style=\"text-align: center;\"><img loading=\"lazy\" decoding=\"async\" src=\"http:\/\/www.torilkremmervik.no\/blogg\/wp-content\/uploads\/2018\/03\/listhaug_facebook2.jpg\" alt=\"\" width=\"512\" height=\"295\" class=\"aligncenter size-full wp-image-6628\" srcset=\"http:\/\/www.torilkremmervik.no\/blogg\/wp-content\/uploads\/2018\/03\/listhaug_facebook2.jpg 512w, http:\/\/www.torilkremmervik.no\/blogg\/wp-content\/uploads\/2018\/03\/listhaug_facebook2-300x173.jpg 300w\" sizes=\"auto, (max-width: 512px) 100vw, 512px\" \/><\/p>\n<p style=\"text-align: center;\">Bildet l\u00e5nt fra denne nettsiden:\u00a0<a href=\"https:\/\/www.dagsavisen.no\/innenriks\/slik-skapte-frp-statsrad-sylvi-listhaug-krise-for-solberg-regjeringen-1.1117388\">https:\/\/www.dagsavisen.no\/innenriks\/slik-skapte-frp-statsrad-sylvi-listhaug-krise-for-solberg-regjeringen-1.1117388<\/a>\u00a0<\/p>\n<div class=\"linkwithin_hook\" id=\"http:\/\/www.torilkremmervik.no\/blogg\/?p=6626\"><\/div><script>\n<!-- \/\/LinkWithinCodeStart\nvar linkwithin_site_id = 1303645;\nvar linkwithin_div_class = \"linkwithin_hook\";\n\/\/LinkWithinCodeEnd -->\n<\/script>\n<script src=\"http:\/\/www.linkwithin.com\/widget.js\"><\/script>\n<a href=\"http:\/\/www.linkwithin.com\/\"><img decoding=\"async\" src=\"http:\/\/www.linkwithin.com\/pixel.png\" alt=\"Related Posts Plugin for WordPress, Blogger...\" style=\"border: 0\" \/><\/a>","protected":false},"excerpt":{"rendered":"<p>De siste dagene har det stormet i Norsk politikk. Det\u00a0var ene og alene Sylvi Listhaug som begynte det hele. Sylvi Listhaug beskyldte offentlig p\u00e5 facebook AP (Arbeiderpartiet) for \u00e5 &#8220;sette terroristers rettigheter for nasjonens sikkerhet&#8221;\u00a0Kilde:\u00a0https:\/\/www.dagsavisen.no\/innenriks\/slik-skapte-frp-statsrad-sylvi-listhaug-krise-for-solberg-regjeringen-1.1117388\u00a0Uttalelsen fra Listhaug skjedde samme dag &hellip; <a href=\"http:\/\/www.torilkremmervik.no\/blogg\/?p=6626\">Continue reading <span class=\"meta-nav\">&rarr;<\/span><\/a><\/p>\n<script>\n<!-- \/\/LinkWithinCodeStart\nvar linkwithin_site_id = 1303645;\nvar linkwithin_div_class = \"linkwithin_hook\";\n\/\/LinkWithinCodeEnd -->\n<\/script>\n<script src=\"http:\/\/www.linkwithin.com\/widget.js\"><\/script>\n<a href=\"http:\/\/www.linkwithin.com\/\"><img decoding=\"async\" src=\"http:\/\/www.linkwithin.com\/pixel.png\" alt=\"Related Posts Plugin for WordPress, Blogger...\" style=\"border: 0\" \/><\/a>","protected":false},"author":1,"featured_media":0,"comment_status":"open","ping_status":"open","sticky":false,"template":"","format":"standard","meta":{"footnotes":""},"categories":[2184],"tags":[1234,2185,2191,2190,2187,2193,2189,2192,2186,2188],"class_list":["post-6626","post","type-post","status-publish","format-standard","hentry","category-listhaugsaken-i-media","tag-diskusjon","tag-frp","tag-nar-er-politikere-offisielle-personer","tag-nar-er-politikere-privatpersoner","tag-politikere","tag-politikk","tag-posting-pa-facebook","tag-samfunn","tag-sylvi-listhaug","tag-utspill-pa-facebook"],"aioseo_notices":[],"_links":{"self":[{"href":"http:\/\/www.torilkremmervik.no\/blogg\/index.php?rest_route=\/wp\/v2\/posts\/6626","targetHints":{"allow":["GET"]}}],"collection":[{"href":"http:\/\/www.torilkremmervik.no\/blogg\/index.php?rest_route=\/wp\/v2\/posts"}],"about":[{"href":"http:\/\/www.torilkremmervik.no\/blogg\/index.php?rest_route=\/wp\/v2\/types\/post"}],"author":[{"embeddable":true,"href":"http:\/\/www.torilkremmervik.no\/blogg\/index.php?rest_route=\/wp\/v2\/users\/1"}],"replies":[{"embeddable":true,"href":"http:\/\/www.torilkremmervik.no\/blogg\/index.php?rest_route=%2Fwp%2Fv2%2Fcomments&post=6626"}],"version-history":[{"count":2,"href":"http:\/\/www.torilkremmervik.no\/blogg\/index.php?rest_route=\/wp\/v2\/posts\/6626\/revisions"}],"predecessor-version":[{"id":6629,"href":"http:\/\/www.torilkremmervik.no\/blogg\/index.php?rest_route=\/wp\/v2\/posts\/6626\/revisions\/6629"}],"wp:attachment":[{"href":"http:\/\/www.torilkremmervik.no\/blogg\/index.php?rest_route=%2Fwp%2Fv2%2Fmedia&parent=6626"}],"wp:term":[{"taxonomy":"category","embeddable":true,"href":"http:\/\/www.torilkremmervik.no\/blogg\/index.php?rest_route=%2Fwp%2Fv2%2Fcategories&post=6626"},{"taxonomy":"post_tag","embeddable":true,"href":"http:\/\/www.torilkremmervik.no\/blogg\/index.php?rest_route=%2Fwp%2Fv2%2Ftags&post=6626"}],"curies":[{"name":"wp","href":"https:\/\/api.w.org\/{rel}","templated":true}]}}