{"id":9235,"date":"2020-10-29T19:31:00","date_gmt":"2020-10-29T18:31:00","guid":{"rendered":"http:\/\/www.torilkremmervik.no\/blogg\/?p=9235"},"modified":"2020-10-29T19:31:00","modified_gmt":"2020-10-29T18:31:00","slug":"jeg-som-kan-vaere-i-risikogruppen-ma-ta-smittevernsregler-pa-alvor-som-alle-andre-i-samfunnet","status":"publish","type":"post","link":"http:\/\/www.torilkremmervik.no\/blogg\/?p=9235","title":{"rendered":"JEG SOM KAN V\u00c6RE I RISIKOGRUPPEN M\u00c5 TA SMITTEVERNSREGLER P\u00c5 ALVOR SOM ALLE ANDRE I SAMFUNNET!"},"content":{"rendered":"<p>Jeg blir skremt n\u00e5r jeg ser p\u00e5 smitteutviklingen i Norge og andre land av Covid-19.<br \/>\n&nbsp;<br \/>\n&nbsp;<br \/>\nDerfor provoserer det meg voldsomt at noen hevder med fullt alvor at Covid-19 er som \u00e5 sammenlikne med vanlig influensa. Har disse fulgt med i timen og sett hvor syke mange mennesker har blitt av Covid-19.<br \/>\n&nbsp;<br \/>\n&nbsp;<br \/>\nDet var kjempef\u00e6lt \u00e5 se p\u00e5 nyhetene tidligere i \u00e5r da man s\u00e5 hvordan sykepleierne og legene kjempet og kjempet p\u00e5 sykehusene rundt om i verden og Europa for \u00e5 holde holde de alvorlig syke i live. Ett skrekksenario var det vi var vitne til!<br \/>\n&nbsp;<br \/>\n&nbsp;<br \/>\nN\u00e5 er det nytt utbrudd av Covid-19, og flere og flere land stenger n\u00e5 ned for 2 gang!<br \/>\n&nbsp;<br \/>\n&nbsp;<br \/>\nI Norge har vi ogs\u00e5 \u00f8kt smitte av Covid-19, og Norge har satt i gang strengere smitteverntiltak b\u00e5de Nasjonalt. Lokalt som i Bergen og Oslo har de laget lokale smitteverntiltak for \u00e5 f\u00e5 bukt med den \u00f8kte smitten av Covid-19. Kurven av smittede har \u00f8kt de siste ukene. De lokale tiltakene i f.eks. i Oslo er at alle skal b\u00e6re munnbind n\u00e5r de er p\u00e5 offentlige steder hvor man ikke kan overholde 1 meters avstand. P\u00e5 puber, barer og restauranter skal gjestene b\u00e6re munnbind. Den regelen har vi ikke i Trondheim hvor jeg bor.<br \/>\n&nbsp;<br \/>\n&nbsp;<br \/>\nEt annet smitteverntiltak er f.eks: <em>&#8220;I Oslo Kommune er det innf\u00f8rt et midlertidig forbud mot \u00e5 arrangere eller delta p\u00e5 private sammenkomster med flere enn 10 personer til stede&#8221;.<\/em> Kilde: <a href=\"https:\/\/www.oslo.kommune.no\/koronavirus\/rad-og-regler-i-oslo\/arrangementer-og-private-samlinger\/\">https:\/\/www.oslo.kommune.no\/koronavirus\/rad-og-regler-i-oslo\/arrangementer-og-private-samlinger\/<\/a><br \/>\n&nbsp;<br \/>\n&nbsp;<br \/>\nI Trondheim hvor jeg bor f\u00f8lger vi Nasjonale smittevernsregler, men vi har ingen p\u00e5bud om \u00e5 ha munnbind, men mange bruker munnbind likevel. Jeg ser flere og flere som g\u00e5r med munnbind, og en applaus til yngre mennesker. De er kjempeflinke til \u00e5 g\u00e5 med munnbind \ud83d\ude42<br \/>\n&nbsp;<br \/>\n&nbsp;<br \/>\nDer sitter det noen som hardnakket hevder at <strong>vanlig<\/strong> influensa er like ille. \u00c6rlig talt! Det \u00e5 komme med en slik uttalelse offentlig i et kommentarfelt viser at vedkommende ikke har f\u00e5tt med seg noe av hvor smittsomt og alvorlig Covid-19 er!<br \/>\n&nbsp;<br \/>\n&nbsp;<br \/>\nN\u00e5 i ettertid sitter vedkommende p\u00e5 sin egen blogg og beskylder andre bloggere for \u00e5 v\u00e6re koronapoliti! Jeg skal med glede stille meg i rekken sammen koronapolitiet, for dette med \u00e5 ta Covid-19 p\u00e5 alvor er noe jeg brenner for!<br \/>\n&nbsp;<br \/>\n&nbsp;<br \/>\nMan kan sp\u00f8rre seg om hvorfor vi har f\u00e5tt \u00f8kt smitte av Covid-19. Det ble jo sp\u00e5dd i mars\/april at det ville komme en smitte\u00f8kning mot jul. \u00c5rsakene kan v\u00e6re mange, og jeg vil komme med mine antakelser om hvorfor det har v\u00e6rt mer smitte\u00f8kning.<br \/>\n&nbsp;<br \/>\n&nbsp;<br \/>\nNorge \u00e5pnet for tidlig for utenlandsreiser (men stengte igjen etter kort tid). Etter hvert som tiden gikk ble folk mer og mer avslappet, og det virket som om folk glemte at vi hadde en p\u00e5g\u00e5ende pandemi p\u00e5 gang. Det har jeg selv v\u00e6rt vitne til i butikker.<br \/>\n&nbsp;<br \/>\n&nbsp;<br \/>\nJeg har sett at noen ikke har spritet hendene sine f\u00f8r de har g\u00e5tt inn p\u00e5 butikken. Har ogs\u00e5 opplevd \u00e5 v\u00e6re vitne til at folk ikke overholder 1 meters regelen, og da s\u00e6rlig ved kasseomr\u00e5det hvor det er merket opp med &#8220;Hold avstannd&#8221;. Jeg har opplevd at det har st\u00e5tt folk bak meg tett innp\u00e5 meg, og klaget p\u00e5 meg for at jeg ikke gikk n\u00e6rmere kunden f\u00f8r meg. Da har jeg sagt i fra at jeg overholder 1 meters avstanden. Samme har skjedd hvis jeg har st\u00e5tt ved frysedisken, og da har jeg opplevd at noen st\u00e5r tett ved siden av eg. Da g\u00e5r jeg bevisst lengre unna.<br \/>\n&nbsp;<br \/>\n&nbsp;<br \/>\nS\u00e5 har vi der hvor smitten har spredd seg mest nemlig ved puber og barer. Puber og barer har jo hatt klare smittevernsregler. Dessverre virker det som om mange glemmer smittevernsreglene som \u00e5 holde avstand n\u00e5r de har f\u00e5tt litt for mye innabords. Derfor mener jeg personlig at puber og barer skulle stengt alkoholserveringen mye tidligere enn de har gjort hittil. Jeg forst\u00e5r at serveringsstedene trenger inntekt, men n\u00e5r alkoholen gj\u00f8r at man glemmer smitteverntiltakene er ikke det bra.<br \/>\n&nbsp;<br \/>\n&nbsp;<br \/>\nGjester p\u00e5 puber, barer og restauranter skal oppgi navn og mobilnummer n\u00e5r de kommer slik at smittesporing skal skje raskt. N\u00e5r de oppgir navnet p\u00e5 hunden sier det mye om at de ikke har forst\u00e5tt alvoret av Covid-19-pandemien og smittevernsreglene!<br \/>\n&nbsp;<br \/>\n&nbsp;<br \/>\nHva er det som er s\u00e5 vanskelig med smittevernsreglene? Har man enda ikke forst\u00e5tt at man skal holde 1 meter avstand, sprite og vanske hendene sine og v\u00e6re forsiktige med hvor mange vi har sosial kontakt med.<br \/>\n&nbsp;<br \/>\n&nbsp;<br \/>\nVi er egentlig kjempeheldige i Norge som f\u00e5r lov til \u00e5 leve noks\u00e5 normalt liv der vi f\u00e5r lov til \u00e5 holde p\u00e5 med v\u00e5re fritidsaktiviteter med klare og tydelige smitteverntiltak. Her f\u00e5r vi dra p\u00e5 treningssenteret \u00e5 trene, men vi m\u00e5 passe godt p\u00e5 \u00e5 sprite hendene v\u00e5re samt rengj\u00f8re treningsutstyret etter bruk.<br \/>\n&nbsp;<br \/>\n&nbsp;<br \/>\nFolk f\u00e5r dra p\u00e5 jobb og skole. Vi kan dra ut p\u00e5 en restaurant, pub eller bar hvor de har smitteverntiltak. Kino, konserter og teater er \u00e5pnet for oss med smitteverntiltak. De har ogs\u00e5 \u00e5pnet for noen f\u00e5 publikummere p\u00e5 idrettsarrangementer. Sport og idrett har \u00e5pnet igjen. Ja, vi lever forholdsvis som normalt med tydelige smittevernstiltak. Alle sammen har vi ansvar og plikt til \u00e5 f\u00f8lge smittevernstiltakene som er oppgitt av helsemyndighetene. Jeg kaller det at vi har et felles samfunnsansvar. Vi har et samfunnsansvar ovenfor hverandre slik at vi klarer \u00e5 stoppe Covid-19-viruet! Da nytter det det ikke \u00e5 v\u00e6re egoistisk der vi kun tenker p\u00e5 oss selv.<br \/>\n&nbsp;<br \/>\n&nbsp;<br \/>\nI fjor v\u00e5r ble det oppdaget at jeg hadde en lungepropp som f\u00f8lge av en blodpropp i foten etter en operasjon. Det vil si at jeg kan v\u00e6re i risikogruppen. Selv om jeg kan v\u00e6re i risikogruppen har jeg <strong>ansvar<\/strong> og <strong>plikt<\/strong> for \u00e5 forholde meg til smittevernsreglene som alle andre i samfunnet!<br \/>\n&nbsp;<br \/>\n&nbsp;<br \/>\nJeg krever <strong>ikke<\/strong> at andre skal ta hensyn til meg, men jeg forventer at andre folk er n\u00f8ye med smitteverntiltakene nettopp med tanke p\u00e5 de som er i risikogruppene. Du vet <strong>aldri<\/strong> om den ved siden av deg p\u00e5 butikken er i risikogruppen.<br \/>\n&nbsp;<br \/>\n&nbsp;<br \/>\nHvis jeg skal p\u00e5 butikken, s\u00e5 g\u00e5r jeg p\u00e5 butikken n\u00e5r det ikke er fullt av kunder der. Det er for \u00e5 beskytte meg selv.<br \/>\n&nbsp;<br \/>\n&nbsp;<br \/>\nSelv m\u00e5 jeg kjenne p\u00e5 hva jeg vil prioritere \u00e5 v\u00e6re med p\u00e5 av aktiviteter, og Jeg har <strong>personlig<\/strong> valgt \u00e5 delta p\u00e5 fritidsaktiviteter som kor og trening p\u00e5 treningsstudio og trening hos fysioterapeut.<br \/>\n&nbsp;<br \/>\n&nbsp;<br \/>\nP\u00e5 treningssenteret og hos fysioterapeuten er det strenge smittevernstiltak, og der f\u00f8ler jeg meg trygg for at smittevern blir ivaretatt.<br \/>\n&nbsp;<br \/>\n&nbsp;<br \/>\nI koret har vi ogs\u00e5 strenge smittevernstiltak som jeg f\u00f8ler meg trygg p\u00e5. Vi sitter 1,5 m (sidelengs) fra hverandre og 2 m (for- og bakover) fra hverandre. F\u00f8r vi kommer sprites alle stoler, d\u00f8rh\u00e5ndtak og overflater. N\u00e5r vi kommer m\u00e5 vi signere oss inn med navn og telefonnummer, og det samme n\u00e5r vi forlater. Etter kor\u00f8velsens slutt skal alle bord, stoler, toalett, d\u00f8rh\u00e5ndtak og overflater rengj\u00f8res grundig.<br \/>\n&nbsp;<br \/>\n&nbsp;<br \/>\nJeg f\u00f8ler meg personlig mye mer usikker p\u00e5 smittevernet i butikkene! Unng\u00e5r \u00e5 g\u00e5 p\u00e5 kj\u00f8pesenter hvor det er mye folk og trengsel, og hvis jeg skal p\u00e5 et kj\u00f8pesenter s\u00e5 pr\u00f8ver jeg \u00e5 dra dit n\u00e5r det er minst mulig folk tilstede.<br \/>\n&nbsp;<br \/>\n&nbsp;<br \/>\nSelv om jeg kan v\u00e6re i risikogruppen har jeg <strong>ene<\/strong> og <strong>alene<\/strong> ansvar for mitt <strong>eget<\/strong> liv, og jeg som <strong>alle<\/strong> andre i samfunnet m\u00e5 ta ansvar for \u00e5 holde meg til smittevernsreglene FHI har satt opp for oss!<br \/>\n&nbsp;<br \/>\n&nbsp;<br \/>\nHvis jeg som kan v\u00e6re i risikogruppen ikke overholder smittevernstiltakene som er gjeldene er jeg kjempestor egoist. Det gjelder ogs\u00e5 de som ikke er i risikogruppen som ikke overholder smittevernstiltakene!<br \/>\n&nbsp;<br \/>\n&nbsp;<br \/>\nHvis vi n\u00e5 ikke f\u00e5r stoppet den \u00f8kende Covid-19-smitten er jeg stygt redd for at Norge m\u00e5 stenge ned igjen som de har gjort i andre land. Da kan vi takke oss selv for at vi har v\u00e6rt noen store egoister under denne pandemien!<br \/>\n&nbsp;<br \/>\n&nbsp;<br \/>\nTil de av dem som g\u00e5r rundt og tror at Covid-19 er som en vanlig influensa vil jeg si les dere opp, og slutt \u00e5 uttale dere om noe dere tydelig ikke har peiling p\u00e5!<br \/>\n&nbsp;<br \/>\n&nbsp;<br \/>\nJa, jeg er et stolt koronapoliti fordi jeg tar et samfunnsansvar!<br \/>\n&nbsp;<br \/>\n&nbsp;<\/p>\n<p style=\"text-align: center\"><img loading=\"lazy\" decoding=\"async\" src=\"https:\/\/cdn.blogg.no\/content\/uploads\/sites\/430\/2020\/08\/07205104\/190620_sol_i_hender4a-500x395.jpg\" alt=\"\" width=\"500\" height=\"395\" class=\"alignnone size-medium wp-image-3186\"><\/p>\n<p style=\"text-align: center\">Ta vare p\u00e5 hverandre, og husk smittevernstiltakene &lt;3 &lt;3 &lt;3<\/p>\n<div class=\"linkwithin_hook\" id=\"http:\/\/www.torilkremmervik.no\/blogg\/?p=9235\"><\/div><script>\n<!-- \/\/LinkWithinCodeStart\nvar linkwithin_site_id = 1303645;\nvar linkwithin_div_class = \"linkwithin_hook\";\n\/\/LinkWithinCodeEnd -->\n<\/script>\n<script src=\"http:\/\/www.linkwithin.com\/widget.js\"><\/script>\n<a href=\"http:\/\/www.linkwithin.com\/\"><img decoding=\"async\" src=\"http:\/\/www.linkwithin.com\/pixel.png\" alt=\"Related Posts Plugin for WordPress, Blogger...\" style=\"border: 0\" \/><\/a>","protected":false},"excerpt":{"rendered":"<p>Jeg blir skremt n\u00e5r jeg ser p\u00e5 smitteutviklingen i Norge og andre land av Covid-19. &nbsp; &nbsp; Derfor provoserer det meg voldsomt at noen hevder med fullt alvor at Covid-19 er som \u00e5 sammenlikne med vanlig influensa. Har disse fulgt &hellip; <a href=\"http:\/\/www.torilkremmervik.no\/blogg\/?p=9235\">Continue reading <span class=\"meta-nav\">&rarr;<\/span><\/a><\/p>\n<script>\n<!-- \/\/LinkWithinCodeStart\nvar linkwithin_site_id = 1303645;\nvar linkwithin_div_class = \"linkwithin_hook\";\n\/\/LinkWithinCodeEnd -->\n<\/script>\n<script src=\"http:\/\/www.linkwithin.com\/widget.js\"><\/script>\n<a href=\"http:\/\/www.linkwithin.com\/\"><img decoding=\"async\" src=\"http:\/\/www.linkwithin.com\/pixel.png\" alt=\"Related Posts Plugin for WordPress, Blogger...\" style=\"border: 0\" \/><\/a>","protected":false},"author":1,"featured_media":0,"comment_status":"open","ping_status":"open","sticky":false,"template":"","format":"standard","meta":{"footnotes":""},"categories":[3418],"tags":[3427,3421,3424,3422,3419,3426,3423,3425,3420],"class_list":["post-9235","post","type-post","status-publish","format-standard","hentry","category-risikogruppe-og-stolt-koronapoliti","tag-covd-19-er-ikke-vanlig-influensa","tag-covid-19","tag-felles-ansvar-og-plikt","tag-korona","tag-koronapandemi","tag-koronapoliti","tag-nasjonale-og-lokale-smittevernstiltak","tag-risikogruppe","tag-smittevernstiltak"],"aioseo_notices":[],"_links":{"self":[{"href":"http:\/\/www.torilkremmervik.no\/blogg\/index.php?rest_route=\/wp\/v2\/posts\/9235","targetHints":{"allow":["GET"]}}],"collection":[{"href":"http:\/\/www.torilkremmervik.no\/blogg\/index.php?rest_route=\/wp\/v2\/posts"}],"about":[{"href":"http:\/\/www.torilkremmervik.no\/blogg\/index.php?rest_route=\/wp\/v2\/types\/post"}],"author":[{"embeddable":true,"href":"http:\/\/www.torilkremmervik.no\/blogg\/index.php?rest_route=\/wp\/v2\/users\/1"}],"replies":[{"embeddable":true,"href":"http:\/\/www.torilkremmervik.no\/blogg\/index.php?rest_route=%2Fwp%2Fv2%2Fcomments&post=9235"}],"version-history":[{"count":1,"href":"http:\/\/www.torilkremmervik.no\/blogg\/index.php?rest_route=\/wp\/v2\/posts\/9235\/revisions"}],"predecessor-version":[{"id":9236,"href":"http:\/\/www.torilkremmervik.no\/blogg\/index.php?rest_route=\/wp\/v2\/posts\/9235\/revisions\/9236"}],"wp:attachment":[{"href":"http:\/\/www.torilkremmervik.no\/blogg\/index.php?rest_route=%2Fwp%2Fv2%2Fmedia&parent=9235"}],"wp:term":[{"taxonomy":"category","embeddable":true,"href":"http:\/\/www.torilkremmervik.no\/blogg\/index.php?rest_route=%2Fwp%2Fv2%2Fcategories&post=9235"},{"taxonomy":"post_tag","embeddable":true,"href":"http:\/\/www.torilkremmervik.no\/blogg\/index.php?rest_route=%2Fwp%2Fv2%2Ftags&post=9235"}],"curies":[{"name":"wp","href":"https:\/\/api.w.org\/{rel}","templated":true}]}}