{"id":9260,"date":"2020-11-13T18:33:58","date_gmt":"2020-11-13T17:33:58","guid":{"rendered":"http:\/\/www.torilkremmervik.no\/blogg\/?p=9260"},"modified":"2020-11-13T18:33:58","modified_gmt":"2020-11-13T17:33:58","slug":"donald-trump-er-utvalgt-av-gud","status":"publish","type":"post","link":"http:\/\/www.torilkremmervik.no\/blogg\/?p=9260","title":{"rendered":"DONALD TRUMP ER UTVALGT AV GUD?&#8230;.."},"content":{"rendered":"<p>Innenfor alle religioner finnes det ytterligg\u00e5ende retninger. Da mener jeg alle religioner.<br \/>\n&nbsp;<br \/>\n&nbsp;<br \/>\nAlle sammen m\u00e5 f\u00e5 tro og mene det de vil, men da forventer jeg at det skal v\u00e6re gjensidig respekt for hverandre.<br \/>\n&nbsp;<br \/>\n&nbsp;<br \/>\nEtter presidentvalget i USA skrev jeg mine personlige tanker om hva jeg mente om Donald Trump. Flere av mine facebookvenner var helt enige med meg.<br \/>\n&nbsp;<br \/>\n&nbsp;<br \/>\nDet gikk ikke lang tid f\u00f8r en person som jeg har p\u00e5 min venneliste kom inn og skrev sin mening under facebookinnlegget mitt, og det var tydelig av vedkommende var Trumptilhenger. Vedkommende tilh\u00f8rer en menighet som har g\u00e5tt ut av pinsevennene, og har en del ekstrem holdninger til abort og homofili. Vi \u00f8nsket at Donald Trump skulle tape ble stemplet som mordere, fordi vi st\u00f8ttet Joe Biden som er demokrat. Det \u00e5 st\u00f8tte Joe Biden var det samme som \u00e5 v\u00e6re for abort og for homofili.<br \/>\n&nbsp;<br \/>\n&nbsp;<br \/>\nDiskusjonen gikk hett for seg, og til slutt m\u00e5tte jeg stenge denne &#8220;Trumptilhengeren&#8221; ute fra kommentarfeltet, for hun var s\u00e5 ford\u00f8mmende mot oss som \u00f8nsket at Joe Biden skulle vinne, og mente at vi var ukristelige. Hun sa i klartekst at Donald Trump var utvalgt av Gud!<br \/>\n&nbsp;<br \/>\n&nbsp;<br \/>\nHun la inn link til en artikkel fra den kristne avisen &#8220;Dagen&#8221; i kommentarfeltet som handler om hvor flink Donald Trump er, og hvor god kristen person han er.<br \/>\n&nbsp;<br \/>\n&nbsp;<br \/>\nJeg ble rett og slett skremt av \u00e5 lese hvordan den artikkelen i Dagen skryter Donald Trump opp i skyene. De mener han er en kjempegod kristen person! Det er ikke slik jeg har l\u00e6rt hvordan kristendommen og Bibelen er. Kristendommen for meg er: Budskap om nestekj\u00e6rlighet, neste kj\u00e6rlighet for andre mennesker, toleranse og aksept for andre mennesker og jeg har l\u00e6rt gjennom Bibelen at vi mennesker ikke skal d\u00f8mme hverandre. Det st\u00e5r i Bibelen at man ikke skal d\u00f8mme andre, for da blir man selv d\u00f8mt, og det st\u00e5r at man ser flisen i andres \u00f8ye, men bjelken i eget \u00f8ye ser vi ikke.<br \/>\n&nbsp;<br \/>\n&nbsp;<br \/>\nJeg \u00f8nsker \u00e5 vise dere artikkelen som stod skrevet i Dagen slik at dere kan f\u00e5 lese den:<br \/>\n&nbsp;<br \/>\n&nbsp;<\/p>\n<p style=\"text-align: center\"><img loading=\"lazy\" decoding=\"async\" src=\"https:\/\/cdn.blogg.no\/content\/uploads\/sites\/430\/2020\/11\/13182216\/avisartikkel1-500x285.jpg\" alt=\"\" width=\"500\" height=\"285\" class=\"alignnone size-medium wp-image-3906\"><\/p>\n<p style=\"text-align: center\">\n<p>&nbsp;<br \/>\n&nbsp;<\/p>\n<p style=\"text-align: center\"><img loading=\"lazy\" decoding=\"async\" src=\"https:\/\/cdn.blogg.no\/content\/uploads\/sites\/430\/2020\/11\/13182226\/avisartikkel2-500x333.jpg\" alt=\"\" width=\"500\" height=\"333\" class=\"alignnone size-medium wp-image-3907\"><\/p>\n<p style=\"text-align: center\">\n<p>&nbsp;<br \/>\n&nbsp;<\/p>\n<p style=\"text-align: center\"><img loading=\"lazy\" decoding=\"async\" src=\"https:\/\/cdn.blogg.no\/content\/uploads\/sites\/430\/2020\/11\/13182235\/avisartikkel3-500x325.jpg\" alt=\"\" width=\"500\" height=\"325\" class=\"alignnone size-medium wp-image-3908\"><\/p>\n<p style=\"text-align: center\">\n<p>&nbsp;<br \/>\n&nbsp;<\/p>\n<p style=\"text-align: center\"><img loading=\"lazy\" decoding=\"async\" src=\"https:\/\/cdn.blogg.no\/content\/uploads\/sites\/430\/2020\/11\/13182244\/avisartikkel4-500x400.jpg\" alt=\"\" width=\"500\" height=\"400\" class=\"alignnone size-medium wp-image-3909\"><\/p>\n<p style=\"text-align: center\">\n<p>&nbsp;<br \/>\n&nbsp;<\/p>\n<p style=\"text-align: center\"><img loading=\"lazy\" decoding=\"async\" src=\"https:\/\/cdn.blogg.no\/content\/uploads\/sites\/430\/2020\/11\/13182252\/avisartikkel5-500x364.jpg\" alt=\"\" width=\"500\" height=\"364\" class=\"alignnone size-medium wp-image-3910\"><\/p>\n<p style=\"text-align: center\">\n<p>&nbsp;<br \/>\n&nbsp;<\/p>\n<p style=\"text-align: center\">Kilde: <a href=\"https:\/\/www.dagen.no\/meninger\/debatt\/2020-11-03\/Kristnes-karakterdrap-av-president-Trump-951990.html?fbclid=IwAR3rX61YAzefaVvzjNR9pdzmJ477V-10eOB53mXB-SQ5MXS7uj6DQORaHfo\">https:\/\/www.dagen.no\/meninger\/debatt\/2020-11-03\/Kristnes-karakterdrap-av-president-Trump-951990.html?fbclid=IwAR3rX61YAzefaVvzjNR9pdzmJ477V-10eOB53mXB-SQ5MXS7uj6DQORaHfo<\/a><\/p>\n<p>&nbsp;<br \/>\n&nbsp;<\/p>\n<p style=\"text-align: center\"><img loading=\"lazy\" decoding=\"async\" src=\"https:\/\/cdn.blogg.no\/content\/uploads\/sites\/430\/2020\/11\/13182300\/donald_trump1-500x320.jpg\" alt=\"\" width=\"500\" height=\"320\" class=\"alignnone size-medium wp-image-3911\"><\/p>\n<p style=\"text-align: center\">Bildet l\u00e5nt fra: <a href=\"https:\/\/www.tv2.no\/nyheter\/11761212\/\">https:\/\/www.tv2.no\/nyheter\/11761212\/<\/a><\/p>\n<div class=\"linkwithin_hook\" id=\"http:\/\/www.torilkremmervik.no\/blogg\/?p=9260\"><\/div><script>\n<!-- \/\/LinkWithinCodeStart\nvar linkwithin_site_id = 1303645;\nvar linkwithin_div_class = \"linkwithin_hook\";\n\/\/LinkWithinCodeEnd -->\n<\/script>\n<script src=\"http:\/\/www.linkwithin.com\/widget.js\"><\/script>\n<a href=\"http:\/\/www.linkwithin.com\/\"><img decoding=\"async\" src=\"http:\/\/www.linkwithin.com\/pixel.png\" alt=\"Related Posts Plugin for WordPress, Blogger...\" style=\"border: 0\" \/><\/a>","protected":false},"excerpt":{"rendered":"<p>Innenfor alle religioner finnes det ytterligg\u00e5ende retninger. Da mener jeg alle religioner. &nbsp; &nbsp; Alle sammen m\u00e5 f\u00e5 tro og mene det de vil, men da forventer jeg at det skal v\u00e6re gjensidig respekt for hverandre. &nbsp; &nbsp; Etter presidentvalget &hellip; <a href=\"http:\/\/www.torilkremmervik.no\/blogg\/?p=9260\">Continue reading <span class=\"meta-nav\">&rarr;<\/span><\/a><\/p>\n<script>\n<!-- \/\/LinkWithinCodeStart\nvar linkwithin_site_id = 1303645;\nvar linkwithin_div_class = \"linkwithin_hook\";\n\/\/LinkWithinCodeEnd -->\n<\/script>\n<script src=\"http:\/\/www.linkwithin.com\/widget.js\"><\/script>\n<a href=\"http:\/\/www.linkwithin.com\/\"><img decoding=\"async\" src=\"http:\/\/www.linkwithin.com\/pixel.png\" alt=\"Related Posts Plugin for WordPress, Blogger...\" style=\"border: 0\" \/><\/a>","protected":false},"author":1,"featured_media":0,"comment_status":"open","ping_status":"open","sticky":false,"template":"","format":"standard","meta":{"footnotes":""},"categories":[3441],"tags":[3444,1586,3445,3443,3442],"class_list":["post-9260","post","type-post","status-publish","format-standard","hentry","category-donald-trump-utvalgt-av-gud","tag-avisa-dagen","tag-donald-trump","tag-donald-trump-som-kristen","tag-donald-trump-utvalgt-av-gud","tag-meninger-om-donald-trump"],"aioseo_notices":[],"_links":{"self":[{"href":"http:\/\/www.torilkremmervik.no\/blogg\/index.php?rest_route=\/wp\/v2\/posts\/9260","targetHints":{"allow":["GET"]}}],"collection":[{"href":"http:\/\/www.torilkremmervik.no\/blogg\/index.php?rest_route=\/wp\/v2\/posts"}],"about":[{"href":"http:\/\/www.torilkremmervik.no\/blogg\/index.php?rest_route=\/wp\/v2\/types\/post"}],"author":[{"embeddable":true,"href":"http:\/\/www.torilkremmervik.no\/blogg\/index.php?rest_route=\/wp\/v2\/users\/1"}],"replies":[{"embeddable":true,"href":"http:\/\/www.torilkremmervik.no\/blogg\/index.php?rest_route=%2Fwp%2Fv2%2Fcomments&post=9260"}],"version-history":[{"count":1,"href":"http:\/\/www.torilkremmervik.no\/blogg\/index.php?rest_route=\/wp\/v2\/posts\/9260\/revisions"}],"predecessor-version":[{"id":9261,"href":"http:\/\/www.torilkremmervik.no\/blogg\/index.php?rest_route=\/wp\/v2\/posts\/9260\/revisions\/9261"}],"wp:attachment":[{"href":"http:\/\/www.torilkremmervik.no\/blogg\/index.php?rest_route=%2Fwp%2Fv2%2Fmedia&parent=9260"}],"wp:term":[{"taxonomy":"category","embeddable":true,"href":"http:\/\/www.torilkremmervik.no\/blogg\/index.php?rest_route=%2Fwp%2Fv2%2Fcategories&post=9260"},{"taxonomy":"post_tag","embeddable":true,"href":"http:\/\/www.torilkremmervik.no\/blogg\/index.php?rest_route=%2Fwp%2Fv2%2Ftags&post=9260"}],"curies":[{"name":"wp","href":"https:\/\/api.w.org\/{rel}","templated":true}]}}