{"id":9580,"date":"2021-05-20T17:08:53","date_gmt":"2021-05-20T15:08:53","guid":{"rendered":"http:\/\/www.torilkremmervik.no\/blogg\/?p=9580"},"modified":"2021-05-20T17:08:56","modified_gmt":"2021-05-20T15:08:56","slug":"ungene-blir-pavirket-om-foreldrenes-holdninger-til-17-mai","status":"publish","type":"post","link":"http:\/\/www.torilkremmervik.no\/blogg\/?p=9580","title":{"rendered":"UNGENE BLIR P\u00c5VIRKET OM FORELDRENES HOLDNINGER TIL 17.MAI!"},"content":{"rendered":"<p>Mannen min og jeg har vennepar som har unger i skolealder, og vi er tante og onkel til nieser og nev\u00f8er som selv har unger. Selv har jeg jobbet som fagl\u00e6rer p\u00e5 ungdomsskole. Det \u00e5 jobbe med unger og ungdom var s\u00e5 meningsfylt jobb som jeg virkelig elsket, og det gav meg s\u00e5 mye \u2764\ud83d\ude0a 17.mai for dem er en travel dag med programmet fullt. Slik er det for alle foreldre som har unger i skolealder.<br \/>\n&nbsp;<br \/>\n&nbsp;<br \/>\nN\u00e5 er 17.mai forbi. !7.mai er jo Norges nasjonaldag. Den dagen vi feirer at grunnloven ble stiftet i 1814 p\u00e5 Eidsvoll. Vi feirer at vi f\u00e5r lov til \u00e5 bo et fritt land, at vi slipper \u00e5 oppleve krig, sult og n\u00f8d og vi har ytringsfrihet. 17.mai er en gledes dag, og vi gratulerer hverandre med dagen. Vi svarer: &#8220;Takk i like m\u00e5te&#8221; \ud83d\ude0a N\u00e5r vi m\u00f8tes er det glede \u00e5 spore i \u00f8ynene til andre.<br \/>\n&nbsp;<br \/>\n&nbsp;<br \/>\nF\u00f8r 17.mai hvert \u00e5r er mange engasjerte i ulike diskusjoner om v\u00e5re nye landsmenn kan f\u00e5 bruke bunad hvis de b\u00e6rer hijab. Noen hisser seg opp at de nesten flyr i taket bare ved tanken p\u00e5 at en fremmedkulturell vil b\u00e6re en bunad. Da er man sv\u00e6rt s\u00e5 st\u00f8ttende til 17.mai som nasjonaldag. Hm&#8230;. Er vi etnisk Norske nordmenn virkelig s\u00e5 trofaste mot nasjonaldagen v\u00e5r 17.mai som vi vil ha det til?<br \/>\n&nbsp;<br \/>\n&nbsp;<br \/>\nNoe jeg reagerer p\u00e5 er n\u00e5r jeg h\u00f8rer at <strong>voksne<\/strong> nordmenn sier at de ikke orker eller gidder \u00e5 feiere 17.mai. De bare misliker 17.mai. Av ren h\u00f8flighet henger de opp det Norske flagget bare for \u00e5 markere at det er Norges nasjonaldag. Disse vet \u00e5 flagge sin misn\u00f8ye h\u00f8yt ogs\u00e5. Jeg aksepterer deres meninger fullt ut s\u00e5 lenge de ikke har unger. Da har de ingen andre enn seg selv \u00e5 ta hensyn til.<br \/>\n&nbsp;<br \/>\n&nbsp;<br \/>\nNoe jeg personlig reagerer reagerer p\u00e5, er n\u00e5r jeg h\u00f8rer etnisk Norske foreldre i n\u00e6rv\u00e6r av sine unger si at de misliker 17.mai sterkt. De n\u00e6rmest h\u00f8ylytt sukker og st\u00f8nner over tanken p\u00e5 17.mai.<br \/>\n&nbsp;<br \/>\n&nbsp;<br \/>\nKanskje har de flere unger som skal g\u00e5 i skoletog, og kanskje de har en oppgave p\u00e5 skolens 17-mai-tilstelning som de m\u00e5 gj\u00f8re. Klart det blir en travel og stressende dag for de fleste foreldre p\u00e5 en slik dag. Likevel m\u00e5 de v\u00e6re klar over at unger observerer foreldrenes holdninger, og unger oppdager og skj\u00f8nner fort at foreldrene ikke liker dagen.<br \/>\n&nbsp;<br \/>\n&nbsp;<br \/>\nS\u00e5 har jeg h\u00f8rt mange Norske unger fra de er 10-11 \u00e5r gamle som sier at de ikke orker eller gidder \u00e5 g\u00e5 i skoletoget. Har ogs\u00e5 h\u00f8rt at noen sier at ikke bryr seg om 17.mai-feiring. Jeg spurte en 11 \u00e5r gammel gutt hva han gjorde en 17.mai i stedet for \u00e5 g\u00e5 i toget? Jo, han satt og spilte dataspill. Det samme har jeg h\u00f8rt ungdommer som g\u00e5r p\u00e5 ungdomsskolen og videreg\u00e5ende skole si. De sier at de ikke gidder \u00e5 feire 17.mai, og at 17.mai er som en vanlig dag.<br \/>\n&nbsp;<br \/>\n&nbsp;<br \/>\nHar man eller holder man p\u00e5 \u00e5 miste respekten for v\u00e5r egen nasjonaldag med en del foreldres, ungdommer og unger sine holdninger om 17.mai?<br \/>\n&nbsp;<br \/>\n&nbsp;<br \/>\nJeg er 100% sikker p\u00e5 at holdningene om 17.mai-feiringen til en 10-11 \u00e5r gammel unge og til ten\u00e5ringer gjenspeiler foreldrenes holdninger. Hvis foreldrene \u00e5penlyst gjennom mange \u00e5r har vist og sagt at de misliker 17.mai vil ungene automatisk bli p\u00e5virket av dette. Dessverre \ud83d\ude12<br \/>\n&nbsp;<br \/>\n&nbsp;<br \/>\nAlle forst\u00e5r at 17.mai for en familie med unger er en stressende dag. Foreldre skal huske p\u00e5 at 17.maifeiringen sammen med ungene sine er noe man gj\u00f8r i noen \u00e5r frem til ungene er s\u00e5 store at de klarer seg selv. N\u00e5r ungene er sm\u00e5 s\u00e5 b\u00f8r foreldrene sette sin egen egoisme og negative f\u00f8lelser ang\u00e5ende 17.mai til sides slik at ungene kan f\u00e5 et positivt forhold til nasjonaldagen.<br \/>\n&nbsp;<br \/>\n&nbsp;<br \/>\nHar lagt merke til at unger med innvandrerbakgrunn er de som virkelig gleder seg over \u00e5 feire 17.mai, og det er kjemper\u00f8rende \u00e5 se \u2764\ud83d\ude0a<br \/>\n&nbsp;<br \/>\n&nbsp;<br \/>\nJeg husker p\u00e5 da jeg vokste opp. Vi v\u00e5knet tidlig om morgenen med sommerfugler i magen. Da var det ikke noe som het at man ikke ville eller orket \u00e5 g\u00e5 i 17.mai tog. L\u00e6reren v\u00e5r gikk i skoletoget sammen klassen v\u00e5r, og h\u00f8ydepunkt i skoletoget var \u00e5 rope: &#8220;Hurra&#8221; til de vi kjente som stod og s\u00e5 p\u00e5 toget \ud83d\ude0a Den gangen var 17.mai ingen fridag for l\u00e6rerne. Etter noen \u00e5r ble 17.mai en fridag for l\u00e6rerne, og da merket man at holdningene om 17.mai forandret seg hos b\u00e5de foreldre, unger og ten\u00e5ringer. Etter barnetoget var ferdig var det \u00e5 g\u00e5 i borgertog. Det var ogs\u00e5 kjempemoro, og det synes jeg fremdeles den dag i dag \ud83d\ude0a<br \/>\n&nbsp;<br \/>\n&nbsp;<br \/>\nDa jeg jobbet som l\u00e6rer ved ungdomsskolen s\u00e5 gikk jeg alltid i skoletoget sammen med mine kollegaer og elevene. Elevene som gikk i skoletoget syntes det var kjempekoselig at vi l\u00e6rerne gikk sammen dem. Det ble p\u00e5 en m\u00e5te et felleskap om nasjonaldagen v\u00e5r. Flere av mine venner som jobber som l\u00e6rere i dag stiller alltid opp for \u00e5 g\u00e5 i 17.mai tog sammen elevene p\u00e5 skolen.<br \/>\n&nbsp;<br \/>\n&nbsp;<br \/>\nHolder vi virkelig p\u00e5 \u00e5 miste respekten for 17.mai som Nasjonaldag siden en god del unger og ten\u00e5ringer sier de ikke gidder \u00e5 g\u00e5 i 17.mai tog, og at de sier at de ikke bryr seg om at det v\u00e5r nasjonaldag? Denne holdningen kommer fra et sted, og <strong>personlig<\/strong> er jeg 100% sikker p\u00e5 foreldrene deres sine holdninger er med p\u00e5 \u00e5 p\u00e5virke dem negativt.<br \/>\n&nbsp;<br \/>\n&nbsp;<br \/>\nForeldrene mine var alltid med i til byen for \u00e5 se p\u00e5 oss n\u00e5r vi skulle g\u00e5 i skoletoget og borgertoget. Det var f\u00f8rst da jeg gikk 8. eller 9.klasse p\u00e5 ungdomsskolen at foreldrene mine spurte meg om det var greit at jeg kunne dra til byen alene uten dem 17.mai. Da var vi flere venninner som dro til byen sammen for \u00e5 g\u00e5 i skoletoget og i borgertoget. Foreldrene var da hjemme og ordnet i stand til 17.mai-selskap hjemme, eller s\u00e5 var vi i 17.mai-selskap til andre. Det varierte fra \u00e5r til \u00e5r. Vi h\u00f8rte aldri at foreldrene klaget over at det var stressende \u00e5 v\u00e6re med oss til byen 17.mai. Aldri!<br \/>\n&nbsp;<br \/>\n&nbsp;<br \/>\nJeg mener det er p\u00e5 tide med en holdningsendring fra foreldre slik at den oppvoksende generasjon kan verdsette v\u00e5r nasjonaldag mer enn noen gj\u00f8r.<br \/>\n&nbsp;<br \/>\n&nbsp;<\/p>\n<p style=\"text-align: center\"><img loading=\"lazy\" decoding=\"async\" src=\"https:\/\/cdn.blogg.no\/content\/uploads\/sites\/430\/2021\/05\/17145434\/170521_flagg1-%E2%80%93-Kopi.jpg\" alt=\"\" width=\"320\" height=\"531\" class=\"alignnone size-medium wp-image-4570\"><\/p>\n<p style=\"text-align: center\">\n<div class=\"linkwithin_hook\" id=\"http:\/\/www.torilkremmervik.no\/blogg\/?p=9580\"><\/div><script>\n<!-- \/\/LinkWithinCodeStart\nvar linkwithin_site_id = 1303645;\nvar linkwithin_div_class = \"linkwithin_hook\";\n\/\/LinkWithinCodeEnd -->\n<\/script>\n<script src=\"http:\/\/www.linkwithin.com\/widget.js\"><\/script>\n<a href=\"http:\/\/www.linkwithin.com\/\"><img decoding=\"async\" src=\"http:\/\/www.linkwithin.com\/pixel.png\" alt=\"Related Posts Plugin for WordPress, Blogger...\" style=\"border: 0\" \/><\/a>","protected":false},"excerpt":{"rendered":"<p>Mannen min og jeg har vennepar som har unger i skolealder, og vi er tante og onkel til nieser og nev\u00f8er som selv har unger. Selv har jeg jobbet som fagl\u00e6rer p\u00e5 ungdomsskole. Det \u00e5 jobbe med unger og ungdom &hellip; <a href=\"http:\/\/www.torilkremmervik.no\/blogg\/?p=9580\">Continue reading <span class=\"meta-nav\">&rarr;<\/span><\/a><\/p>\n<script>\n<!-- \/\/LinkWithinCodeStart\nvar linkwithin_site_id = 1303645;\nvar linkwithin_div_class = \"linkwithin_hook\";\n\/\/LinkWithinCodeEnd -->\n<\/script>\n<script src=\"http:\/\/www.linkwithin.com\/widget.js\"><\/script>\n<a href=\"http:\/\/www.linkwithin.com\/\"><img decoding=\"async\" src=\"http:\/\/www.linkwithin.com\/pixel.png\" alt=\"Related Posts Plugin for WordPress, Blogger...\" style=\"border: 0\" \/><\/a>","protected":false},"author":1,"featured_media":0,"comment_status":"open","ping_status":"open","sticky":false,"template":"","format":"standard","meta":{"footnotes":""},"categories":[3854],"tags":[1783,3856,3857,1013,3855],"class_list":["post-9580","post","type-post","status-publish","format-standard","hentry","category-foreldre-som-pavirker-ungens-holdninger-til-17-mai","tag-17-mai-feiring","tag-foreldre-som-pavirker-ungene-negativt","tag-foreldrenes-pavirkningskraft","tag-tanker-2","tag-ungenes-holdninger-til-17-mai"],"aioseo_notices":[],"_links":{"self":[{"href":"http:\/\/www.torilkremmervik.no\/blogg\/index.php?rest_route=\/wp\/v2\/posts\/9580","targetHints":{"allow":["GET"]}}],"collection":[{"href":"http:\/\/www.torilkremmervik.no\/blogg\/index.php?rest_route=\/wp\/v2\/posts"}],"about":[{"href":"http:\/\/www.torilkremmervik.no\/blogg\/index.php?rest_route=\/wp\/v2\/types\/post"}],"author":[{"embeddable":true,"href":"http:\/\/www.torilkremmervik.no\/blogg\/index.php?rest_route=\/wp\/v2\/users\/1"}],"replies":[{"embeddable":true,"href":"http:\/\/www.torilkremmervik.no\/blogg\/index.php?rest_route=%2Fwp%2Fv2%2Fcomments&post=9580"}],"version-history":[{"count":1,"href":"http:\/\/www.torilkremmervik.no\/blogg\/index.php?rest_route=\/wp\/v2\/posts\/9580\/revisions"}],"predecessor-version":[{"id":9581,"href":"http:\/\/www.torilkremmervik.no\/blogg\/index.php?rest_route=\/wp\/v2\/posts\/9580\/revisions\/9581"}],"wp:attachment":[{"href":"http:\/\/www.torilkremmervik.no\/blogg\/index.php?rest_route=%2Fwp%2Fv2%2Fmedia&parent=9580"}],"wp:term":[{"taxonomy":"category","embeddable":true,"href":"http:\/\/www.torilkremmervik.no\/blogg\/index.php?rest_route=%2Fwp%2Fv2%2Fcategories&post=9580"},{"taxonomy":"post_tag","embeddable":true,"href":"http:\/\/www.torilkremmervik.no\/blogg\/index.php?rest_route=%2Fwp%2Fv2%2Ftags&post=9580"}],"curies":[{"name":"wp","href":"https:\/\/api.w.org\/{rel}","templated":true}]}}