{"id":9585,"date":"2021-05-24T21:24:45","date_gmt":"2021-05-24T19:24:45","guid":{"rendered":"http:\/\/www.torilkremmervik.no\/blogg\/?p=9585"},"modified":"2021-05-24T21:24:47","modified_gmt":"2021-05-24T19:24:47","slug":"kjempekoselig-og-avslappende-pinse-og-nye-bilder-%f0%9f%98%8a","status":"publish","type":"post","link":"http:\/\/www.torilkremmervik.no\/blogg\/?p=9585","title":{"rendered":"KJEMPEKOSELIG OG AVSLAPPENDE PINSE OG NYE BILDER \ud83d\ude0a"},"content":{"rendered":"<p>Mandag 2.pinsedag, og siste langfrihelgen f\u00f8r jul. Denne pinsen har g\u00e5tt kjempefort, og det har v\u00e6rt en avslappende og stille pinsehelg. Det er godt det ogs\u00e5, for uka som kommer er det en del gj\u00f8rem\u00e5l.<br \/>\n&nbsp;<br \/>\n&nbsp;<br \/>\nMannen min har v\u00e6rt p\u00e5 hytta til broren sin. Han reiste l\u00f8rdag formiddag, og kommer hjem i kveld. Kjempekoselig for br\u00f8drene \u00e5 ha br\u00f8dretid sammen. De har g\u00e5tt turer, v\u00e6rt ute med b\u00e5ten og fisket \ud83d\ude0a Hytta til broren til mannen min og familien ligger s\u00e5 idyllisk og fint til med sj\u00f8utsikt.<br \/>\n&nbsp;<br \/>\n&nbsp;<br \/>\nV\u00e6ret i helgen har faktisk v\u00e6rt fint. Mye sol. I dag har v\u00e6ret v\u00e6rt kjempefint med sol fra skyfri himmel \ud83d\ude0a<br \/>\n&nbsp;<br \/>\n&nbsp;<br \/>\nL\u00f8rdag formiddag 22.052.2021 var jeg ute og gikk en kardiotur, og det var kjempegodt. N\u00e5r jeg kom hjem trente jeg overkropps\u00f8kta mi med stikk, b\u00e5nd og manualer. Om ettermiddagen var jeg hjemme. Jeg heklet flere brikker til oldemorteppet jeg holder p\u00e5 med.<br \/>\n&nbsp;<br \/>\n&nbsp;<br \/>\nOm kvelden s\u00e5 jeg p\u00e5 Eurovision Song Contest. Mine favoritter var Island og Sveige. Sangen som vant var ikke etter min smak, men moro for Italia som vant \ud83d\ude0a Det var kjempepg\u00f8y at TIX kom til finalen, og bare det var en seier nok for TIX. Han sa p\u00e5 et intervjue p\u00e5 TV i g\u00e5r at hvis han reddet to stk med sitt budskap i sangen var det en seier i seg selv \u2764\ud83d\ude0a<br \/>\n&nbsp;<br \/>\n&nbsp;<br \/>\nS\u00f8ndag 23.05.2021 var jeg hjemme hele dagen. Jeg ryddet i leiligheten og redigerte ferdig videoer jeg skal bruke i min vloggerie: &#8220;Aldri For Sent&#8221;.<br \/>\n&nbsp;<br \/>\n&nbsp;<br \/>\nI dag v\u00e5knet jeg kl.08.00. Solen lyste opp, og det var varmt p\u00e5 rommet. Da var det bare \u00e5 st\u00e5 opp. Jeg ordnet opp i kattedoene, st\u00f8vsuget leiligheten og spiste frokost f\u00f8r jeg gikk bortover p\u00e5 treningssenteret. Da var det tid for ukas f\u00f8rste trenings\u00f8kt. P\u00e5 planen var det underkropps\u00f8kt. Hadde en kjempeherlig \u00f8kt i dag med energi \ud83d\ude0a<br \/>\n&nbsp;<br \/>\n&nbsp;<br \/>\nI ettermiddag snakket jeg med min ene bestevenninne som bor i Oslo, og det var kjempekoselig. N\u00e5 har jeg nettopp snakket med min andre bestevenninne som er en barndomsvenninne. Hun bor ogs\u00e5 i Oslo. Kjempekoselig at man har mulighet til \u00e5 holde kontakt gjennom \u00e5 bruke video slik at man ser hverandre \u2764\ud83d\ude0a<br \/>\n&nbsp;<br \/>\n&nbsp;<br \/>\nDenne uken som kommer er det noe p\u00e5 planen hver dag. Tirsdag 26.05 har vi styrem\u00f8te i katteklubben, onsdag 27.05 har jeg videokonsultasjon med hudlegen (siden jeg g\u00e5r p\u00e5 medisin mot eksem) om dagen og om kvelden har vi styrem\u00f8te i aby- og somalilringen (en klubb for oss som har rasekattene abyssinere og somali), torsdag 28.05 er det kor\u00f8velse. S\u00e5 kommer helgen igjen. Uka kommer til \u00e5 fly av g\u00e5rde som vanlig.<br \/>\n&nbsp;<br \/>\n&nbsp;<br \/>\n\u00d8nsker \u00e5 vise dere noen bilder jeg har tatt de siste dagene, og jeg h\u00e5per dere liker bildene mine \ud83d\ude0a<br \/>\n&nbsp;<br \/>\n&nbsp;<\/p>\n<p style=\"text-align: center\"><img loading=\"lazy\" decoding=\"async\" src=\"https:\/\/cdn.blogg.no\/content\/uploads\/sites\/430\/2021\/05\/24210955\/220521_loevetann2a.jpg\" alt=\"\" width=\"400\" height=\"413\" class=\"alignnone size-medium wp-image-4615\"><\/p>\n<p>Tre stk l\u00f8vetannblomster \ud83d\ude0a<\/p>\n<p style=\"text-align: center\">\n<p>&nbsp;<br \/>\n&nbsp;<\/p>\n<p style=\"text-align: center\"><img loading=\"lazy\" decoding=\"async\" src=\"https:\/\/cdn.blogg.no\/content\/uploads\/sites\/430\/2021\/05\/24211011\/220521_tulipaner2a-500x375.jpg\" alt=\"\" width=\"500\" height=\"375\" class=\"alignnone size-medium wp-image-4616\"><\/p>\n<p style=\"text-align: center\">Kjempefine tulipaner i ett av Trondheim Kommune sine blomsterbed \ud83d\ude0a<\/p>\n<p>&nbsp;<br \/>\n&nbsp;<\/p>\n<p style=\"text-align: center\"><img loading=\"lazy\" decoding=\"async\" src=\"https:\/\/cdn.blogg.no\/content\/uploads\/sites\/430\/2021\/05\/24211026\/220521_tulipaner3a-500x464.jpg\" alt=\"\" width=\"500\" height=\"464\" class=\"alignnone size-medium wp-image-4617\"><\/p>\n<p style=\"text-align: center\">Tulipaner er mine favorittblomster \ud83d\ude0a<\/p>\n<p>&nbsp;<br \/>\n&nbsp;<\/p>\n<p style=\"text-align: center\"><img loading=\"lazy\" decoding=\"async\" src=\"https:\/\/cdn.blogg.no\/content\/uploads\/sites\/430\/2021\/05\/24211044\/240521_lerkendal1a-500x397.jpg\" alt=\"\" width=\"500\" height=\"397\" class=\"alignnone size-medium wp-image-4618\"><\/p>\n<p style=\"text-align: center\">Utenfor Lerkendal stadion en 2.pinsedag formiddag \ud83d\ude0a<\/p>\n<p>&nbsp;<br \/>\n&nbsp;<\/p>\n<p style=\"text-align: center\"><img loading=\"lazy\" decoding=\"async\" src=\"https:\/\/cdn.blogg.no\/content\/uploads\/sites\/430\/2021\/05\/24211100\/240521_lerkendal_stadion3a-500x438.jpg\" alt=\"\" width=\"500\" height=\"438\" class=\"alignnone size-medium wp-image-4619\"><\/p>\n<p style=\"text-align: center\">Lerkendal stadion klargj\u00f8res f\u00f8r hjemmekampen mot Molde \ud83d\ude0a Bildet er tatt ut fra vinduet p\u00e5 treningssenteret.<\/p>\n<div class=\"linkwithin_hook\" id=\"http:\/\/www.torilkremmervik.no\/blogg\/?p=9585\"><\/div><script>\n<!-- \/\/LinkWithinCodeStart\nvar linkwithin_site_id = 1303645;\nvar linkwithin_div_class = \"linkwithin_hook\";\n\/\/LinkWithinCodeEnd -->\n<\/script>\n<script src=\"http:\/\/www.linkwithin.com\/widget.js\"><\/script>\n<a href=\"http:\/\/www.linkwithin.com\/\"><img decoding=\"async\" src=\"http:\/\/www.linkwithin.com\/pixel.png\" alt=\"Related Posts Plugin for WordPress, Blogger...\" style=\"border: 0\" \/><\/a>","protected":false},"excerpt":{"rendered":"<p>Mandag 2.pinsedag, og siste langfrihelgen f\u00f8r jul. Denne pinsen har g\u00e5tt kjempefort, og det har v\u00e6rt en avslappende og stille pinsehelg. Det er godt det ogs\u00e5, for uka som kommer er det en del gj\u00f8rem\u00e5l. &nbsp; &nbsp; Mannen min har &hellip; <a href=\"http:\/\/www.torilkremmervik.no\/blogg\/?p=9585\">Continue reading <span class=\"meta-nav\">&rarr;<\/span><\/a><\/p>\n<script>\n<!-- \/\/LinkWithinCodeStart\nvar linkwithin_site_id = 1303645;\nvar linkwithin_div_class = \"linkwithin_hook\";\n\/\/LinkWithinCodeEnd -->\n<\/script>\n<script src=\"http:\/\/www.linkwithin.com\/widget.js\"><\/script>\n<a href=\"http:\/\/www.linkwithin.com\/\"><img decoding=\"async\" src=\"http:\/\/www.linkwithin.com\/pixel.png\" alt=\"Related Posts Plugin for WordPress, Blogger...\" style=\"border: 0\" \/><\/a>","protected":false},"author":1,"featured_media":0,"comment_status":"open","ping_status":"open","sticky":false,"template":"","format":"standard","meta":{"footnotes":""},"categories":[3865],"tags":[3868,3869,3871,3867,3866,3870,3747],"class_list":["post-9585","post","type-post","status-publish","format-standard","hentry","category-pinsen-2021-i-ord-og-bilder","tag-bilder-tatt-de-siste-dagene","tag-kommende-ukes-goremal","tag-lekendal","tag-maibilder","tag-pinsen-2021","tag-tulipaner","tag-turbilder"],"aioseo_notices":[],"_links":{"self":[{"href":"http:\/\/www.torilkremmervik.no\/blogg\/index.php?rest_route=\/wp\/v2\/posts\/9585","targetHints":{"allow":["GET"]}}],"collection":[{"href":"http:\/\/www.torilkremmervik.no\/blogg\/index.php?rest_route=\/wp\/v2\/posts"}],"about":[{"href":"http:\/\/www.torilkremmervik.no\/blogg\/index.php?rest_route=\/wp\/v2\/types\/post"}],"author":[{"embeddable":true,"href":"http:\/\/www.torilkremmervik.no\/blogg\/index.php?rest_route=\/wp\/v2\/users\/1"}],"replies":[{"embeddable":true,"href":"http:\/\/www.torilkremmervik.no\/blogg\/index.php?rest_route=%2Fwp%2Fv2%2Fcomments&post=9585"}],"version-history":[{"count":1,"href":"http:\/\/www.torilkremmervik.no\/blogg\/index.php?rest_route=\/wp\/v2\/posts\/9585\/revisions"}],"predecessor-version":[{"id":9586,"href":"http:\/\/www.torilkremmervik.no\/blogg\/index.php?rest_route=\/wp\/v2\/posts\/9585\/revisions\/9586"}],"wp:attachment":[{"href":"http:\/\/www.torilkremmervik.no\/blogg\/index.php?rest_route=%2Fwp%2Fv2%2Fmedia&parent=9585"}],"wp:term":[{"taxonomy":"category","embeddable":true,"href":"http:\/\/www.torilkremmervik.no\/blogg\/index.php?rest_route=%2Fwp%2Fv2%2Fcategories&post=9585"},{"taxonomy":"post_tag","embeddable":true,"href":"http:\/\/www.torilkremmervik.no\/blogg\/index.php?rest_route=%2Fwp%2Fv2%2Ftags&post=9585"}],"curies":[{"name":"wp","href":"https:\/\/api.w.org\/{rel}","templated":true}]}}