{"id":9608,"date":"2021-06-13T16:42:56","date_gmt":"2021-06-13T14:42:56","guid":{"rendered":"http:\/\/www.torilkremmervik.no\/blogg\/?p=9608"},"modified":"2021-06-13T16:42:59","modified_gmt":"2021-06-13T14:42:59","slug":"varme-tanker-til-christian-eriksen-og-stor-hyllest-til-de-danske-fotballandslagspillerne-%e2%9d%a4%e2%9d%a4%e2%9d%a4","status":"publish","type":"post","link":"http:\/\/www.torilkremmervik.no\/blogg\/?p=9608","title":{"rendered":"VARME TANKER TIL CHRISTIAN ERIKSEN OG STOR HYLLEST TIL DE DANSKE FOTBALLANDSLAGSPILLERNE \u2764\u2764\u2764"},"content":{"rendered":"<p>Det har blitt s\u00f8ndags formiddag, og ute er det 10 grader og regn. Tror vi hadde godt av dette regnet, men det trenger ikke regne i syv 14 dager!<br \/>\n&nbsp;<br \/>\n&nbsp;<br \/>\nI g\u00e5r kveld ble de fleste av oss satt ut av TV-bildene vi fikk se i EM-kampen i fotball mellom Danmark og Finland da Danmarks spiller segnet om, fikk hjertesant og m\u00e5tte ha livreddende behandling \ud83d\udc95 (Kilde: <a href=\"https:\/\/www.tv2.no\/sport\/14058703\/\">https:\/\/www.tv2.no\/sport\/14058703\/<\/a>)<br \/>\n&nbsp;<br \/>\n&nbsp;<br \/>\nJeg ble satt ordentlig ut, og det gikk kaldt ned ryggen der jeg satt. Det var rett og slett ekle TV-bilder vi var vitne til. Selv la jeg merke til at han ramlet framover, og jeg skj\u00f8nte fort at dette var livstruende. Mannen min og jeg m\u00e5tte bytte kanal, for s\u00e5 sterkt var dette \u00e5 se p\u00e5 \ud83d\ude12<br \/>\n&nbsp;<br \/>\n&nbsp;<br \/>\nM\u00e5ten lagkameratene til Christian Eriksen beskyttet ham p\u00e5 var enest\u00e5ende og kjemper\u00f8rende \u00e5 se p\u00e5 der de stod i ring omkring ham for \u00e5 beskytte for innsyn \u2764\u2764\u2764 Jeg kjente i hvert fall en t\u00e5re p\u00e5 kinnet mitt, for man fryktet jo det aller verste. Dan Christian sin kj\u00e6reste Sabrina kom inn p\u00e5 banen og fikk tr\u00f8st av lagkapteinen var det ogs\u00e5 et sterkt TV-bilde \u2764\u2764\u2764<br \/>\n&nbsp;<br \/>\n&nbsp;<br \/>\nJeg tror alle sammen av oss som fulgte dramaet i g\u00e5r kveld trakk ett lettelsens sukk da vi h\u00f8rte at Christian Eriksen var v\u00e5ken og tilstanden hans stabil \u2764<br \/>\n&nbsp;<br \/>\n&nbsp;<br \/>\nPersonlig ble jeg temmelig overrasket over at Finland og Danmark fortsatte kampen, og det var helt utrolig av dem. Man kunne tydelig se at begge lagene var preget av situasjonen, og s\u00e6rlig det danske laget. Jeg skj\u00f8nner ikke hvordan de klarte det, og i ettertid blir det jo diskutert om hvorvidt kampen burde v\u00e6rt avlyst eller ikke. Det er h\u00e5rreisende at kampen ikke ble avlyst med tanke p\u00e5 den psykiske p\u00e5kjennelsen spillerne hadde!<br \/>\n&nbsp;<br \/>\n&nbsp;<br \/>\nDet som r\u00f8rte meg var n\u00e5r de finske supporterne begynte \u00e5 rope: &#8220;Christian&#8221;, og de danske supporterne svarer: &#8220;Eriksen&#8221;. M\u00e5ten supportene gjorde dette p\u00e5 viste at idretten f\u00f8rer til samhold, og det fikk vi v\u00e6re vitne til i g\u00e5r \ud83d\udc95 Det var kjemper\u00f8rende \u00e5 v\u00e6re vitne til for meg som seer \u2764\u2764\u2764<br \/>\n&nbsp;<br \/>\n&nbsp;<br \/>\nEpisoden vi var vitne til som seere i g\u00e5r var sterke scener og bilder for alle sammen av oss. Selv om det danske fotballandslaget tapte kampen mot Finland i g\u00e5r vant livet som daske aviser skrev i dag \u2764\u2764\u2764<br \/>\n&nbsp;<br \/>\n&nbsp;<br \/>\nDet er i hvert fall kjempegodt \u00e5 lese at Christian Erisken etter forholdene har det bra i dag \ud83d\udc95\ud83d\udc95\ud83d\udc95<br \/>\n&nbsp;<br \/>\n&nbsp;<br \/>\nUansett g\u00e5r alle mine varme tanker til Chrstian Eriksen, hans samboer, ungene hans, familien hans og det danske landslaget \u2764\u2764\u2764 Det danske landslaget har skrevet seg inn i Europa hjerter \u2764<br \/>\n&nbsp;<br \/>\n&nbsp;<\/p>\n<p style=\"text-align: center\"><img loading=\"lazy\" decoding=\"async\" src=\"https:\/\/cdn.blogg.no\/content\/uploads\/sites\/430\/2021\/06\/13163239\/120621_danske_landslaget-500x281.png\" alt=\"\" width=\"500\" height=\"281\" class=\"alignnone size-medium wp-image-4700\"><\/p>\n<p style=\"text-align: center\">Muren som de danske fotballspillerne vil bli husket for da de skjermet for innsyn mens Christian Eriksen fikk livreddende behandling \u2764 Bildet l\u00e5nt fra: <a href=\"https:\/\/www.tv2.no\/sport\/14058260\/\">https:\/\/www.tv2.no\/sport\/14058260\/<\/a><\/p>\n<div class=\"linkwithin_hook\" id=\"http:\/\/www.torilkremmervik.no\/blogg\/?p=9608\"><\/div><script>\n<!-- \/\/LinkWithinCodeStart\nvar linkwithin_site_id = 1303645;\nvar linkwithin_div_class = \"linkwithin_hook\";\n\/\/LinkWithinCodeEnd -->\n<\/script>\n<script src=\"http:\/\/www.linkwithin.com\/widget.js\"><\/script>\n<a href=\"http:\/\/www.linkwithin.com\/\"><img decoding=\"async\" src=\"http:\/\/www.linkwithin.com\/pixel.png\" alt=\"Related Posts Plugin for WordPress, Blogger...\" style=\"border: 0\" \/><\/a>","protected":false},"excerpt":{"rendered":"<p>Det har blitt s\u00f8ndags formiddag, og ute er det 10 grader og regn. Tror vi hadde godt av dette regnet, men det trenger ikke regne i syv 14 dager! &nbsp; &nbsp; I g\u00e5r kveld ble de fleste av oss satt &hellip; <a href=\"http:\/\/www.torilkremmervik.no\/blogg\/?p=9608\">Continue reading <span class=\"meta-nav\">&rarr;<\/span><\/a><\/p>\n<script>\n<!-- \/\/LinkWithinCodeStart\nvar linkwithin_site_id = 1303645;\nvar linkwithin_div_class = \"linkwithin_hook\";\n\/\/LinkWithinCodeEnd -->\n<\/script>\n<script src=\"http:\/\/www.linkwithin.com\/widget.js\"><\/script>\n<a href=\"http:\/\/www.linkwithin.com\/\"><img decoding=\"async\" src=\"http:\/\/www.linkwithin.com\/pixel.png\" alt=\"Related Posts Plugin for WordPress, Blogger...\" style=\"border: 0\" \/><\/a>","protected":false},"author":1,"featured_media":0,"comment_status":"open","ping_status":"open","sticky":false,"template":"","format":"standard","meta":{"footnotes":""},"categories":[3911],"tags":[3913,3912,3916,3915,3914],"class_list":["post-9608","post","type-post","status-publish","format-standard","hentry","category-christian-eriksen-sin-kollaps-pa-fotballbanen-under-em-kampen","tag-chrstian-eriksen-dansk-landslagsspiller","tag-det-danske-fotballandslaget","tag-fotballen-viste-samhold","tag-kollapset-under-fotballkamp","tag-sterke-scener-vist-pa-tv"],"aioseo_notices":[],"_links":{"self":[{"href":"http:\/\/www.torilkremmervik.no\/blogg\/index.php?rest_route=\/wp\/v2\/posts\/9608","targetHints":{"allow":["GET"]}}],"collection":[{"href":"http:\/\/www.torilkremmervik.no\/blogg\/index.php?rest_route=\/wp\/v2\/posts"}],"about":[{"href":"http:\/\/www.torilkremmervik.no\/blogg\/index.php?rest_route=\/wp\/v2\/types\/post"}],"author":[{"embeddable":true,"href":"http:\/\/www.torilkremmervik.no\/blogg\/index.php?rest_route=\/wp\/v2\/users\/1"}],"replies":[{"embeddable":true,"href":"http:\/\/www.torilkremmervik.no\/blogg\/index.php?rest_route=%2Fwp%2Fv2%2Fcomments&post=9608"}],"version-history":[{"count":1,"href":"http:\/\/www.torilkremmervik.no\/blogg\/index.php?rest_route=\/wp\/v2\/posts\/9608\/revisions"}],"predecessor-version":[{"id":9609,"href":"http:\/\/www.torilkremmervik.no\/blogg\/index.php?rest_route=\/wp\/v2\/posts\/9608\/revisions\/9609"}],"wp:attachment":[{"href":"http:\/\/www.torilkremmervik.no\/blogg\/index.php?rest_route=%2Fwp%2Fv2%2Fmedia&parent=9608"}],"wp:term":[{"taxonomy":"category","embeddable":true,"href":"http:\/\/www.torilkremmervik.no\/blogg\/index.php?rest_route=%2Fwp%2Fv2%2Fcategories&post=9608"},{"taxonomy":"post_tag","embeddable":true,"href":"http:\/\/www.torilkremmervik.no\/blogg\/index.php?rest_route=%2Fwp%2Fv2%2Ftags&post=9608"}],"curies":[{"name":"wp","href":"https:\/\/api.w.org\/{rel}","templated":true}]}}