{"id":9612,"date":"2021-06-16T20:54:20","date_gmt":"2021-06-16T18:54:20","guid":{"rendered":"http:\/\/www.torilkremmervik.no\/blogg\/?p=9612"},"modified":"2021-06-16T20:54:21","modified_gmt":"2021-06-16T18:54:21","slug":"bilder-tatt-pa-ronningen-og-pa-tur-hjem-fra-ronningen-12-06-2021-%f0%9f%98%8a","status":"publish","type":"post","link":"http:\/\/www.torilkremmervik.no\/blogg\/?p=9612","title":{"rendered":"BILDER TATT P\u00c5 R\u00d8NNINGEN OG P\u00c5 TUR HJEM FRA R\u00d8NNINGEN 12.06.2021 \ud83d\ude0a"},"content":{"rendered":"<p>I dag vil jeg dele del 2 av bildene fra turen mannen min og jeg hadde p\u00e5 R\u00f8nningen l\u00f8rdag 12.06.2021. Vi hadde en kjempeflott tur, og det var balsam for sjelen \u00e5 komme seg ut i marka.<br \/>\n&nbsp;<br \/>\n&nbsp;<br \/>\nH\u00e5per dere liker bildene mine \ud83d\ude0a<br \/>\n&nbsp;<br \/>\n&nbsp;<\/p>\n<p style=\"text-align: center\"><img loading=\"lazy\" decoding=\"async\" src=\"https:\/\/cdn.blogg.no\/content\/uploads\/sites\/430\/2021\/06\/14220536\/120621_roenningen_sauer2-500x375.jpg\" alt=\"\" width=\"500\" height=\"375\" class=\"alignnone size-medium wp-image-4713\"><\/p>\n<p style=\"text-align: center\">\n<p style=\"text-align: center\">En sauebonde har sauene sine p\u00e5 beite rett ved R\u00f8nningen.<\/p>\n<p>&nbsp;<br \/>\n&nbsp;<\/p>\n<p style=\"text-align: center\"><img loading=\"lazy\" decoding=\"async\" src=\"https:\/\/cdn.blogg.no\/content\/uploads\/sites\/430\/2021\/06\/14220546\/120621_roenningen_sauer3a-500x375.jpg\" alt=\"\" width=\"500\" height=\"375\" class=\"alignnone size-medium wp-image-4714\"><\/p>\n<p style=\"text-align: center\">Vi leste en plakat med opplysninger om at sauene som beiter ved R\u00f8nningen er en engelsk rase.<\/p>\n<p>&nbsp;<br \/>\n&nbsp;<\/p>\n<p style=\"text-align: center\"><img loading=\"lazy\" decoding=\"async\" src=\"https:\/\/cdn.blogg.no\/content\/uploads\/sites\/430\/2021\/06\/14220601\/120621_roenningen_utsikt7a-500x375.jpg\" alt=\"\" width=\"500\" height=\"375\" class=\"alignnone size-medium wp-image-4715\"><\/p>\n<p style=\"text-align: center\">Utsikt fra R\u00f8nningen mot Vassfjellet.<\/p>\n<p>&nbsp;<br \/>\n&nbsp;<\/p>\n<p style=\"text-align: center\"><img loading=\"lazy\" decoding=\"async\" src=\"https:\/\/cdn.blogg.no\/content\/uploads\/sites\/430\/2021\/06\/14220619\/120621_hjemtur_blomster1a-500x465.jpg\" alt=\"\" width=\"500\" height=\"465\" class=\"alignnone size-medium wp-image-4716\"><\/p>\n<p style=\"text-align: center\">Kjempenydelige sommerblomster.<\/p>\n<p>&nbsp;<br \/>\n&nbsp;<\/p>\n<p style=\"text-align: center\"><img loading=\"lazy\" decoding=\"async\" src=\"https:\/\/cdn.blogg.no\/content\/uploads\/sites\/430\/2021\/06\/14220641\/120621_hjemtur_fuglereir1a-500x375.jpg\" alt=\"\" width=\"500\" height=\"375\" class=\"alignnone size-medium wp-image-4717\"><\/p>\n<p style=\"text-align: center\">Vi oppdaget at det var et fuglerede i dette treet. Mest sannsynlig et reir laget av hakkespett.<\/p>\n<p>&nbsp;<br \/>\n&nbsp;<\/p>\n<p style=\"text-align: center\"><img loading=\"lazy\" decoding=\"async\" src=\"https:\/\/cdn.blogg.no\/content\/uploads\/sites\/430\/2021\/06\/14220704\/120621_hjemtur_rogn1a-500x371.jpg\" alt=\"\" width=\"500\" height=\"371\" class=\"alignnone size-medium wp-image-4718\"><\/p>\n<p style=\"text-align: center\">Blomster p\u00e5 rogneb\u00e6rtreet.<\/p>\n<p>&nbsp;<br \/>\n&nbsp;<\/p>\n<p style=\"text-align: center\"><img loading=\"lazy\" decoding=\"async\" src=\"https:\/\/cdn.blogg.no\/content\/uploads\/sites\/430\/2021\/06\/14220714\/120621_hjemtur_rogn3a-500x396.jpg\" alt=\"\" width=\"500\" height=\"396\" class=\"alignnone size-medium wp-image-4719\"><\/p>\n<p style=\"text-align: center\">Blomstene p\u00e5 rogneb\u00e6rtreet.<\/p>\n<p>&nbsp;<br \/>\n&nbsp;<\/p>\n<p style=\"text-align: center\"><img loading=\"lazy\" decoding=\"async\" src=\"https:\/\/cdn.blogg.no\/content\/uploads\/sites\/430\/2021\/06\/14220722\/120621_hjemtur_skilt_tjoenn1a-500x375.jpg\" alt=\"\" width=\"500\" height=\"375\" class=\"alignnone size-medium wp-image-4720\">K\u00e5tt\u00e5tj\u00f8nna.<\/p>\n<p>&nbsp;<br \/>\n&nbsp;<\/p>\n<p style=\"text-align: center\"><img loading=\"lazy\" decoding=\"async\" src=\"https:\/\/cdn.blogg.no\/content\/uploads\/sites\/430\/2021\/06\/14220733\/120621_hjemtur_tjoenn3-a-500x375.jpg\" alt=\"\" width=\"500\" height=\"375\" class=\"alignnone size-medium wp-image-4721\"><\/p>\n<p style=\"text-align: center\">K\u00e5tt\u00e5tj\u00f8nna.<\/p>\n<div class=\"linkwithin_hook\" id=\"http:\/\/www.torilkremmervik.no\/blogg\/?p=9612\"><\/div><script>\n<!-- \/\/LinkWithinCodeStart\nvar linkwithin_site_id = 1303645;\nvar linkwithin_div_class = \"linkwithin_hook\";\n\/\/LinkWithinCodeEnd -->\n<\/script>\n<script src=\"http:\/\/www.linkwithin.com\/widget.js\"><\/script>\n<a href=\"http:\/\/www.linkwithin.com\/\"><img decoding=\"async\" src=\"http:\/\/www.linkwithin.com\/pixel.png\" alt=\"Related Posts Plugin for WordPress, Blogger...\" style=\"border: 0\" \/><\/a>","protected":false},"excerpt":{"rendered":"<p>I dag vil jeg dele del 2 av bildene fra turen mannen min og jeg hadde p\u00e5 R\u00f8nningen l\u00f8rdag 12.06.2021. Vi hadde en kjempeflott tur, og det var balsam for sjelen \u00e5 komme seg ut i marka. &nbsp; &nbsp; H\u00e5per &hellip; <a href=\"http:\/\/www.torilkremmervik.no\/blogg\/?p=9612\">Continue reading <span class=\"meta-nav\">&rarr;<\/span><\/a><\/p>\n<script>\n<!-- \/\/LinkWithinCodeStart\nvar linkwithin_site_id = 1303645;\nvar linkwithin_div_class = \"linkwithin_hook\";\n\/\/LinkWithinCodeEnd -->\n<\/script>\n<script src=\"http:\/\/www.linkwithin.com\/widget.js\"><\/script>\n<a href=\"http:\/\/www.linkwithin.com\/\"><img decoding=\"async\" src=\"http:\/\/www.linkwithin.com\/pixel.png\" alt=\"Related Posts Plugin for WordPress, Blogger...\" style=\"border: 0\" \/><\/a>","protected":false},"author":1,"featured_media":0,"comment_status":"open","ping_status":"open","sticky":false,"template":"","format":"standard","meta":{"footnotes":""},"categories":[3922],"tags":[3924,1174,3927,3926,3923,3925],"class_list":["post-9612","post","type-post","status-publish","format-standard","hentry","category-bilder-tatt-12-06-2021-pa-ronningen-og-hjemtur","tag-bilder-tatt-12-06-2021","tag-blomster","tag-hakkespettreir","tag-hjemtur-fra-ronningen","tag-sauer-pa-ronningen","tag-utsikt-fra-ronningen"],"aioseo_notices":[],"_links":{"self":[{"href":"http:\/\/www.torilkremmervik.no\/blogg\/index.php?rest_route=\/wp\/v2\/posts\/9612","targetHints":{"allow":["GET"]}}],"collection":[{"href":"http:\/\/www.torilkremmervik.no\/blogg\/index.php?rest_route=\/wp\/v2\/posts"}],"about":[{"href":"http:\/\/www.torilkremmervik.no\/blogg\/index.php?rest_route=\/wp\/v2\/types\/post"}],"author":[{"embeddable":true,"href":"http:\/\/www.torilkremmervik.no\/blogg\/index.php?rest_route=\/wp\/v2\/users\/1"}],"replies":[{"embeddable":true,"href":"http:\/\/www.torilkremmervik.no\/blogg\/index.php?rest_route=%2Fwp%2Fv2%2Fcomments&post=9612"}],"version-history":[{"count":1,"href":"http:\/\/www.torilkremmervik.no\/blogg\/index.php?rest_route=\/wp\/v2\/posts\/9612\/revisions"}],"predecessor-version":[{"id":9613,"href":"http:\/\/www.torilkremmervik.no\/blogg\/index.php?rest_route=\/wp\/v2\/posts\/9612\/revisions\/9613"}],"wp:attachment":[{"href":"http:\/\/www.torilkremmervik.no\/blogg\/index.php?rest_route=%2Fwp%2Fv2%2Fmedia&parent=9612"}],"wp:term":[{"taxonomy":"category","embeddable":true,"href":"http:\/\/www.torilkremmervik.no\/blogg\/index.php?rest_route=%2Fwp%2Fv2%2Fcategories&post=9612"},{"taxonomy":"post_tag","embeddable":true,"href":"http:\/\/www.torilkremmervik.no\/blogg\/index.php?rest_route=%2Fwp%2Fv2%2Ftags&post=9612"}],"curies":[{"name":"wp","href":"https:\/\/api.w.org\/{rel}","templated":true}]}}