{"id":9844,"date":"2021-11-12T17:22:57","date_gmt":"2021-11-12T16:22:57","guid":{"rendered":"http:\/\/www.torilkremmervik.no\/blogg\/?p=9844"},"modified":"2021-11-12T17:22:58","modified_gmt":"2021-11-12T16:22:58","slug":"tusen-takk-til-regjeringen-og-fhi-for-nye-klare-smittevernsregler-%e2%9d%a4%f0%9f%98%8a","status":"publish","type":"post","link":"http:\/\/www.torilkremmervik.no\/blogg\/?p=9844","title":{"rendered":"TUSEN TAKK TIL REGJERINGEN OG FHI FOR NYE KLARE SMITTEVERNSREGLER \u2764\ud83d\ude0a"},"content":{"rendered":"<p>Det er skremmende \u00f8kende smittetall p\u00e5 korona her i Norge de siste to ukene, og det skremmer meg. Her i byen hvor jeg bor har smitten \u00f8kt voldsomt. Det er flest unger og deres familier som er smittet.<br \/>\n&nbsp;<br \/>\n&nbsp;<br \/>\nTrondheim Kommune satte i verk tiltak denne uken. Det er p\u00e5budt med munnbind p\u00e5 buss, taxi, hos fris\u00f8rer og p\u00e5 steder hvor man ikke klarer \u00e5 holde 1 meter avstand. Skolene har innf\u00f8rt trafikklysmodellen, og m\u00e5let for skolene er \u00e5 holde seg p\u00e5 gr\u00f8nt. Det er ulike tiltak alt etter hvilken farge skolen har. Kommunen \u00f8nsket direkte tiltak mot der smitten befinner seg, og det syne jeg er kjempebra! Alts\u00e5 mot unger i skolen.<br \/>\n&nbsp;<br \/>\n&nbsp;<br \/>\nLikevel kjenner jeg at jeg blir oppgitt, sint og frustrert. Jeg trodde vi hadde l\u00e6rt noen viktige ting i l\u00f8pet av disse m\u00e5nedene med covid-19 som spriting av  hender, bruk av munnnbind og ikke minst holde avstand.<br \/>\n&nbsp;<br \/>\n&nbsp;<br \/>\nNei da! I g\u00e5r var Norges kronprinspar p\u00e5 Trondheimsbes\u00f8k sammen det Nederlandske Kongeparet. Utenfor stiftsg\u00e5rden i Trondheim var det over 50 godt voksne mennesker samlet for \u00e5 f\u00e5 et glimt av de Kongelige. Over 40 stk. brukte ikke munnbind, og avstanden var mindre enn 1 meter!<br \/>\n&nbsp;<br \/>\n&nbsp;<br \/>\nDet virker som om noen regelrett driter i p\u00e5budene! De er egoister i mine \u00f8yne.<br \/>\n&nbsp;<br \/>\n&nbsp;<br \/>\nSelv trener jeg egentrening til fysioterapeut 1 dag i uka. Lokalene hos fysioterapeuten er ikke s\u00e5 store. Ved trekkapparatene kan det fort bli mindre enn 1 meter avstand. Hvis jeg ser at det er en del som trener der, og at jeg ikke klarer \u00e5 holde mer enn 1 meter bruker jeg munnbind n\u00e5r jeg er i det omr\u00e5det. Flere gj\u00f8r ogs\u00e5 det samme selv om det ikke er obligatorisk.<br \/>\n&nbsp;<br \/>\n&nbsp;<br \/>\nDet som bekymrer kommunen er at det er en god del i aldersgruppen fra 25-39 \u00e5r som enda ikke er vaksinerte, og kommunene vet ikke hvordan de skal f\u00e5 sette inn tiltak for \u00e5 f\u00e5 disse vaksinert. Flere ting har blitt gjort. Blant annet s\u00e5 gav de vaksine til de som \u00f8nsket \u00e5 g\u00e5 p\u00e5 RBK-kamp. Flere benyttet seg av denne sjansen.<br \/>\n&nbsp;<br \/>\n&nbsp;<br \/>\nSelv om vi er vaksinerte kan vi risikere \u00e5 bli smittet, men som FHI sier s\u00e5 er sjansen mye mindre til \u00e5 bli alvorlig syke.<br \/>\n&nbsp;<br \/>\n&nbsp;<br \/>\nSelv om det er \u00f8kt koronasmitte s\u00e5 er det ikke korona alene som gj\u00f8r det skummelt. Det er h\u00f8yt press p\u00e5 sykehusene fordi det er andre sykdommer som ogs\u00e5 r\u00e5der som f.eks. RS-viruset og luftveisinfeksjoner. Dette medf\u00f8rer mange innlagte pasienter samtidig, og flere planlagte operasjoner m\u00e5 avlyses. Sykehusene f\u00e5r d\u00e5rlig kapasitet! Alt kommer p\u00e5 en gang.<br \/>\n&nbsp;<br \/>\n&nbsp;<br \/>\nFlere sp\u00f8r seg om hvorfor de m\u00e5tte \u00e5pne alt p\u00e5 en gang? Samme helgen som Norge ble gjen\u00e5pnet var det ellevill festing hvor alt som het for avstand ble glemt. Totalt kaos var det! Jeg forst\u00e5r at alle ble kjempeglade. Det ble vi alle sammen. Likevel skj\u00f8nte vi innerst inne at dette kom til \u00e5 f\u00e5 f\u00f8lger.<br \/>\n&nbsp;<br \/>\n&nbsp;<br \/>\nGrunnkolene, videreg\u00e5ende skoler og h\u00f8yskoler \u00e5pnet som normalt i h\u00f8st. Fadderuka p\u00e5 h\u00f8yskolene ble avhold i de fleste Norske studentbyer medf\u00f8rte mye festing, og her i Trondheim ble det nylig arrangert &#8220;Uka&#8221;.<br \/>\n&nbsp;<br \/>\n&nbsp;<br \/>\nGjort er gjort og spist er spist. Denne \u00f8kte smitteb\u00f8lgen som vi er inne i n\u00e5 kom ikke som noe sjokk p\u00e5 oss.<br \/>\n&nbsp;<br \/>\n&nbsp;<br \/>\nHeldigvis i dag kom den nye regjeringen med Jonas Gahr St\u00f8re p\u00e5 banen med tiltak.<br \/>\n&nbsp;<br \/>\n&nbsp;<br \/>\nTiltakene er:<br \/>\n&nbsp;<br \/>\n&#8211; Uvaksinerte n\u00e6rkontakter over 18 \u00e5r f\u00e5r plikt til \u00e5 teste seg fra og med tirsdag neste uke. Det gjelder ogs\u00e5 om de er symptomfrie<br \/>\n&nbsp;<br \/>\n&#8211; Det planlegges en tredje vaksinedose for alle over 18 \u00e5r.<br \/>\n&nbsp;<br \/>\n&#8211; Uvaksinert helsepersonell b\u00f8r testes to ganger i uka og bruke munnbind<br \/>\n&nbsp;<br \/>\n&#8211; Helse- og omsorgsministeren vil innf\u00f8re forskrift som gir kommuner mulighet til \u00e5 vedta lokal bruk av koronasertifikat<br \/>\n&nbsp;<br \/>\n&#8211; Regjeringen \u00f8nsker ogs\u00e5 mer m\u00e5lrettet bruk av testing i skolene<br \/>\n&nbsp;<br \/>\nKilde: <a href=\"https:\/\/www.nrk.no\/norge\/regjeringen-apner-for-lokale-koronasertifikat-1.15727586\">https:\/\/www.nrk.no\/norge\/regjeringen-apner-for-lokale-koronasertifikat-1.15727586<\/a><br \/>\n&nbsp;<br \/>\n&nbsp;<br \/>\nDet var ikke s\u00e5 inngripende tiltak, og det synes jeg regjeringen gjorde fornuftig i. I dag har vi kommet lengre enn mars 2020 p\u00e5 smitte p\u00e5 covid-19. Vi kan i langt st\u00f8rre grad teste oss selv. Ikke minst hygiene kjempeviktig!<br \/>\n&nbsp;<br \/>\n&nbsp;<br \/>\nJeg \u00f8nsker gjerne koronapass hjertelig velkommen \ud83d\ude0a Selvf\u00f8lgelig vil de som ikke vil ta vaksine eller er vaksinemotstandere sutre og klage for at de blir ekskludert og holdt utenfor.<br \/>\n&nbsp;<br \/>\n&nbsp;<br \/>\nOm vaksinemotstandere eller de som nekter \u00e5 ta vaksine fordi de ikke vil begynner \u00e5 sutre skal de huske p\u00e5 at de har selv tatt et standpunkt om vaksinasjon! De har selv valgt \u00e5 holde seg utenfor dugnaden de fleste av Norges befolkning har st\u00e5tt sammen om.<br \/>\n&nbsp;<br \/>\n&nbsp;<br \/>\nDe som ikke har blitt vaksinert p.g.a helsemessige \u00e5rsaker og anbefaling fra lege om ikke \u00e5 ta vaksinen h\u00e5per jeg kan f\u00e5 et bevis slik at de ikke skal bli ekskluder og holdt utenfor. Disse har en gyldig medisinsk grunn til at de ikke kan ta vaksinen.<br \/>\n&nbsp;<br \/>\n&nbsp;<br \/>\nJeg st\u00f8tter regjeringen og FHI at det kal v\u00e6re strengere restriksjoner for de som ikke er koronavaksinert. Det er p\u00e5 h\u00f8y tid! Det er som FHI sier at de som ikke er vaksinert har st\u00f8rre risiko for \u00e5 bli smittet med covid-19. Alle vet at ogs\u00e5 vi som er vaksinerte kan bli smittet av covid-19, men som FHI sier er sjansen til \u00e5 bli alvorlig syke er mye mindre.<br \/>\n&nbsp;<br \/>\n&nbsp;<br \/>\nN\u00e5 er det noen som sier at det ligger vaksinerte koronapasienter p\u00e5 sykehuset. Ja, det gj\u00f8r det, og det vet vi. Vi vet ikke noe om hvor gamle disse pasientene er og om de har en eller flere alvorlige underliggende sykdommer.<br \/>\n&nbsp;<br \/>\n&nbsp;<br \/>\nJeg er kjempeglad for at den nye regjeringen kom med tydelige krav til uvaksinerte og til uvaksinerte som har v\u00e6rt i kontakt med en koronasmittet.<br \/>\n&nbsp;<br \/>\n&nbsp;<br \/>\nN\u00e5 er det garantert noen av de som ikke vil ta vaksine eller er vaksinemotstandere som kommer til \u00e5 hyle h\u00f8yt om at regjeringen vil tvinge dem til \u00e5 ta vaksinen! Det stemmer ikke! Regjeringen tvinger ingen, men de f\u00e5r andre smittevernskrav enn oss som har tatt vaksinen, og det er rett og rimelig!<br \/>\n&nbsp;<br \/>\n&nbsp;<br \/>\nIkke minst takk til regjeringen og FHI som vil gi en 3. koronavaksine! Den vaksinen skal jeg med glede takke ja til \ud83d\ude0a<br \/>\n&nbsp;<br \/>\n&nbsp;<br \/>\nTusen takk til Jonas Gahr St\u00f8re og FHI for at dere tenker p\u00e5 folket, samfunnet og arbeidsplassene \u2764\ud83d\ude0a<br \/>\n&nbsp;<br \/>\n&nbsp;<\/p>\n<p style=\"text-align: center\"><img loading=\"lazy\" decoding=\"async\" src=\"https:\/\/cdn.blogg.no\/content\/uploads\/sites\/430\/2021\/08\/22142008\/150418_solhjerte3.jpg\" alt=\"\" width=\"400\" height=\"451\" class=\"alignnone size-medium wp-image-5187\"><\/p>\n<p style=\"text-align: center\">\n<div class=\"linkwithin_hook\" id=\"http:\/\/www.torilkremmervik.no\/blogg\/?p=9844\"><\/div><script>\n<!-- \/\/LinkWithinCodeStart\nvar linkwithin_site_id = 1303645;\nvar linkwithin_div_class = \"linkwithin_hook\";\n\/\/LinkWithinCodeEnd -->\n<\/script>\n<script src=\"http:\/\/www.linkwithin.com\/widget.js\"><\/script>\n<a href=\"http:\/\/www.linkwithin.com\/\"><img decoding=\"async\" src=\"http:\/\/www.linkwithin.com\/pixel.png\" alt=\"Related Posts Plugin for WordPress, Blogger...\" style=\"border: 0\" \/><\/a>","protected":false},"excerpt":{"rendered":"<p>Det er skremmende \u00f8kende smittetall p\u00e5 korona her i Norge de siste to ukene, og det skremmer meg. Her i byen hvor jeg bor har smitten \u00f8kt voldsomt. Det er flest unger og deres familier som er smittet. &nbsp; &nbsp; &hellip; <a href=\"http:\/\/www.torilkremmervik.no\/blogg\/?p=9844\">Continue reading <span class=\"meta-nav\">&rarr;<\/span><\/a><\/p>\n<script>\n<!-- \/\/LinkWithinCodeStart\nvar linkwithin_site_id = 1303645;\nvar linkwithin_div_class = \"linkwithin_hook\";\n\/\/LinkWithinCodeEnd -->\n<\/script>\n<script src=\"http:\/\/www.linkwithin.com\/widget.js\"><\/script>\n<a href=\"http:\/\/www.linkwithin.com\/\"><img decoding=\"async\" src=\"http:\/\/www.linkwithin.com\/pixel.png\" alt=\"Related Posts Plugin for WordPress, Blogger...\" style=\"border: 0\" \/><\/a>","protected":false},"author":1,"featured_media":0,"comment_status":"open","ping_status":"open","sticky":false,"template":"","format":"standard","meta":{"footnotes":""},"categories":[4188],"tags":[3421,4190,3422,4191,4189,4192,4193],"class_list":["post-9844","post","type-post","status-publish","format-standard","hentry","category-okende-koronasmitte-i-norge","tag-covid-19","tag-ja-takk-til-koronapass","tag-korona","tag-okt-koronasmitte-i-norge","tag-regjeringens-nye-koronaforskrifter","tag-uvaksinerte-som-ikke-vil-ta-vaksine","tag-vaksinerte"],"aioseo_notices":[],"_links":{"self":[{"href":"http:\/\/www.torilkremmervik.no\/blogg\/index.php?rest_route=\/wp\/v2\/posts\/9844","targetHints":{"allow":["GET"]}}],"collection":[{"href":"http:\/\/www.torilkremmervik.no\/blogg\/index.php?rest_route=\/wp\/v2\/posts"}],"about":[{"href":"http:\/\/www.torilkremmervik.no\/blogg\/index.php?rest_route=\/wp\/v2\/types\/post"}],"author":[{"embeddable":true,"href":"http:\/\/www.torilkremmervik.no\/blogg\/index.php?rest_route=\/wp\/v2\/users\/1"}],"replies":[{"embeddable":true,"href":"http:\/\/www.torilkremmervik.no\/blogg\/index.php?rest_route=%2Fwp%2Fv2%2Fcomments&post=9844"}],"version-history":[{"count":1,"href":"http:\/\/www.torilkremmervik.no\/blogg\/index.php?rest_route=\/wp\/v2\/posts\/9844\/revisions"}],"predecessor-version":[{"id":9845,"href":"http:\/\/www.torilkremmervik.no\/blogg\/index.php?rest_route=\/wp\/v2\/posts\/9844\/revisions\/9845"}],"wp:attachment":[{"href":"http:\/\/www.torilkremmervik.no\/blogg\/index.php?rest_route=%2Fwp%2Fv2%2Fmedia&parent=9844"}],"wp:term":[{"taxonomy":"category","embeddable":true,"href":"http:\/\/www.torilkremmervik.no\/blogg\/index.php?rest_route=%2Fwp%2Fv2%2Fcategories&post=9844"},{"taxonomy":"post_tag","embeddable":true,"href":"http:\/\/www.torilkremmervik.no\/blogg\/index.php?rest_route=%2Fwp%2Fv2%2Ftags&post=9844"}],"curies":[{"name":"wp","href":"https:\/\/api.w.org\/{rel}","templated":true}]}}