{"id":9852,"date":"2021-11-27T19:35:11","date_gmt":"2021-11-27T18:35:11","guid":{"rendered":"http:\/\/www.torilkremmervik.no\/blogg\/?p=9852"},"modified":"2021-11-27T19:35:17","modified_gmt":"2021-11-27T18:35:17","slug":"koronasyk-pa-4-dagen-noen-tanker-omkring-testing","status":"publish","type":"post","link":"http:\/\/www.torilkremmervik.no\/blogg\/?p=9852","title":{"rendered":"KORONASYK P\u00c5 4.DAGEN! NOEN TANKER OMKRING TESTING!"},"content":{"rendered":"<p>Mandags ettermiddag kjente jeg tegn p\u00e5 s\u00e5r hals. Min kj\u00e6re mann og jeg valgte \u00e5 ta en selvtest (pinne i nesen) for \u00e5 v\u00e6re p\u00e5 sikre siden&#8230;. Testen viste negativ.<br \/>\n&nbsp;<br \/>\n&nbsp;<\/p>\n<p style=\"text-align: center\"><img loading=\"lazy\" decoding=\"async\" src=\"https:\/\/cdn.blogg.no\/content\/uploads\/sites\/430\/2021\/11\/27154749\/221121_korona_hurtigtest2a-500x420.jpg\" alt=\"\" width=\"500\" height=\"420\" class=\"alignnone size-medium wp-image-5586\"><\/p>\n<p style=\"text-align: center\">\n<p>&nbsp;<br \/>\n&nbsp;<\/p>\n<p style=\"text-align: center\"><img loading=\"lazy\" decoding=\"async\" src=\"https:\/\/cdn.blogg.no\/content\/uploads\/sites\/430\/2021\/11\/27154801\/221121_svar_korona_hurtigtest1a.jpg\" alt=\"\" width=\"400\" height=\"398\" class=\"alignnone size-medium wp-image-5587\"><\/p>\n<p style=\"text-align: center\">\n<p>&nbsp;<br \/>\n&nbsp;<br \/>\nSelvsagt blir man optimistisk n\u00e5r man ser kun 1 strek. Tirsdag 23.11.2021 kom. Jeg hadde mer vondt i halsen. Om ettermiddagen tok mannen min og jeg nok en selvtest som viste negativ. I tillegg valgte vi \u00e5 ta spyttest (pcr-test) som vi leverte inn.<br \/>\n&nbsp;<br \/>\n&nbsp;<br \/>\nOnsdag 24.11.2021 kom. Jeg var enda mer hes, og kroppen kjentes ikke bra ut. Typisk forkj\u00f8lelse. Kjente likevel at jeg gruet meg til \u00e5 f\u00e5 sms fra Mitt Helse Norge med beskjed om \u00e5 logge meg p\u00e5 for \u00e5 se pr\u00f8veresultatet. Den f\u00f8lelsen tror jeg gjelder de aller fleste av oss.<br \/>\n&nbsp;<br \/>\n&nbsp;<br \/>\nI 2 \u00e5r har vi h\u00f8rt dag ut og dag inn om hvor forferdelig covid-19 er, og vi har sett forferdelige scener fra sykehus med d\u00f8ende pasienter.<br \/>\n&nbsp;<br \/>\n&nbsp;<br \/>\nOnsdag 24.11.2021 ca. kl.18.00 kom den fryktede sms&#8217;en fra Mitt Helse Norge, og jeg kjente i et sug i magen n\u00e5r jeg gikk inn for \u00e5 sjekke. Svaret p\u00e5 pr\u00f8veresultatet slo i mot meg.<br \/>\n&nbsp;<br \/>\n&nbsp;<\/p>\n<p style=\"text-align: center\"><img loading=\"lazy\" decoding=\"async\" src=\"https:\/\/cdn.blogg.no\/content\/uploads\/sites\/430\/2021\/11\/27154810\/241121_covid_191a-500x260.jpg\" alt=\"\" width=\"500\" height=\"260\" class=\"alignnone size-medium wp-image-5588\"><\/p>\n<p style=\"text-align: center\">\n<p>&nbsp;<br \/>\n&nbsp;<br \/>\nCovid-19 var kommet i hus. F\u00f8rst ble jeg livredd. Begynte \u00e5 google om hvordan coronasykdommen utartet seg hos vaksinerte med underliggende sykdommer.<br \/>\n&nbsp;<br \/>\n&nbsp;<br \/>\nFikk tilsendt denne linken fra en venninne av meg: <a href=\"https:\/\/www.nrk.no\/norge\/dette-er-de-vanlige-symptomene-pa-korona-for-vaksinerte-1.15740904?fbclid=IwAR3FH6pNgY87KHbtVNWzIFtrKbd9hkan1wVOI3lnGS5PCINL37C_5W62idk\">https:\/\/www.nrk.no\/norge\/dette-er-de-vanlige-symptomene-pa-korona-for-vaksinerte-1.15740904?fbclid=IwAR3FH6pNgY87KHbtVNWzIFtrKbd9hkan1wVOI3lnGS5PCINL37C_5W62idk<\/a><br \/>\n&nbsp;<br \/>\n&nbsp;<br \/>\nJeg ble roligere av \u00e5 lese dette. Skrev melding til min fastlege om at jeg hadde f\u00e5tt corona.<br \/>\n&nbsp;<br \/>\n&nbsp;<br \/>\nTorsdag fikk jeg melding fra fastlegen min, og han bekreftet de samme som det FHI g\u00e5tt ut med i media flere ganger i det siste om at vi som er vaksinerte vil f\u00e5 et mildere sykdomsforl\u00f8p. Han sa at dette kom til \u00e5 g\u00e5 bra.<br \/>\n&nbsp;<br \/>\n&nbsp;<br \/>\nI g\u00e5rsdagens Adresseavis gikk helsedirekt\u00f8ren i Trondheim Kommune ut og fortalte at det er de eldste av befolkningen som blir syke og d\u00f8r av koronaviruset.<br \/>\n&nbsp;<br \/>\n&nbsp;<br \/>\nI dag er jeg p\u00e5 dag 4 koronasykdommen, og jeg m\u00e5 si jeg takker med lykkelig for at jeg har f\u00e5tt 2 doser vaksine. Har hatt et lett sykdomsforl\u00f8p, og jeg har hatt de typiske tegnene for viruset som: S\u00e5r hals, tett nese, rennende nese, nysing, luktesansen er borte og lett, lett feber. Da jeg hadde svineinfluensaen hadde jeg h\u00f8y feber, og jeg sov nesten i 3 dager.<br \/>\n&nbsp;<br \/>\n&nbsp;<br \/>\nHvis jeg f\u00f8ler at jeg ikke har symptomer eller har tatt febernedsettende p\u00e5 24 timer p\u00e5 mandag kan jeg kontakte fastlegen min, og han kan friskmelde meg. Da er jeg ute av isolasjonen.<br \/>\n&nbsp;<br \/>\n&nbsp;<br \/>\nJeg har noen tanker omkring testing. N\u00e5 har det blitt sagt at selvtest skal v\u00e6re sikker, men i artikkelen (se linken) st\u00e5r det at hvis man er det mindre sannynlig \u00e5 f\u00e5 2 streker som indikerer for at man har f\u00e5tt covid-19. Det synes jeg er skremmende \u00e5 tenke p\u00e5! Da kan det v\u00e6re mange smittede som kun har stolt fullt og helt p\u00e5 disse hjemmetestene. Hva om dette er \u00e5rsak til smitte\u00f8kningen?<br \/>\n&nbsp;<br \/>\n&nbsp;<br \/>\nJeg vet av flere fullvaksinerte som har tatt b\u00e5de 2 og 3 hjemmetester som viste seg \u00e5 v\u00e6re negative, men n\u00e5r de tok spyttesten (PCR) s\u00e5 slo den ut positivt! Dette er faktisk noe \u00e5 tenke over.<br \/>\n&nbsp;<br \/>\n&nbsp;<br \/>\nKanskje har noen som har tatt 2-3 hjemmetester solt for blindt p\u00e5 resultatet, og s\u00e5 kanskje viser det seg at de har v\u00e6rt smittet av korona?<br \/>\n&nbsp;<br \/>\n&nbsp;<br \/>\nJeg er kjempeglad for at jeg tok spyttesten selv om jeg kjente sug i magen over testresultatet! Hva om jeg hadde stolt de to negative hjemmetestene jeg tok? I verste fall kunne jeg spre covd-19-viruset videre til min familie og venner. Da hadde jeg aldri tilgitt meg selv.<br \/>\n&nbsp;<br \/>\n&nbsp;<br \/>\nJeg har f\u00e5tt flere sp\u00f8rsm\u00e5l i det siste om jeg ikke b\u00e6rer nag til vedkommende som smittet meg? Hvordan kan jeg b\u00e6re nag til noen som kanskje selv ikke vet at han\/hun hadde korona? Er temmelig sikker p\u00e5 at en slik smitte skjer uten at den som er smitteb\u00e6rer eller blir smittet er klar over det selv, og ingen kan eller skal lastes. Hva om vedkommende faktisk har tatt flere hjemmetester som viste negativ, og stolt p\u00e5 denne\/disse? Da vet jo ikke vedkommende at han\/hun er smitteb\u00e6rer. Hvorfor skal vi p\u00e5 d\u00f8d og liv finne en syndebukk for hvem som sprer smitte videre? Det er s\u00e5 un\u00f8dvendig!<br \/>\n&nbsp;<br \/>\n&nbsp;<br \/>\nHar faktisk h\u00f8rt noen (ytterst f\u00e5) si at de ikke t\u00f8r \u00e5 ta PCR-test, fordi de er livredde for at testen viser at de er smittet av covid-19. De unnskylder seg med at de stoler helt p\u00e5 pr\u00f8vesvaret p\u00e5 hjemmetestene. Det er i disse tilfellene at smitten brer seg videre!<br \/>\n&nbsp;<br \/>\n&nbsp;<br \/>\nEtter \u00e5 ha v\u00e6rt syk med korona noen dager, s\u00e5 har jeg begynt \u00e5 tenke. Det burde opplyses bedre at hjemmetester kanskje ikke viser positivt for de som er fullvaksinerte hvis de er smittet av korona. Min mann ringte koronatelefonen for \u00e5 h\u00f8re litt om testing, og der fikk han til svar at hjemmetestene var 100% sikre, noe man har sett at de slett ikke er! I artikkelen fra NRK som jeg har lenket til st\u00e5r det noe helt annet!<br \/>\n&nbsp;<br \/>\n&nbsp;<br \/>\nMin mening er at testsystemet slett ikke er bra nok, og de som gruer seg til \u00e5 ta en spyttpr\u00f8ve har ingenting \u00e5 v\u00e6re redd for! Ta en spyttpr\u00f8ve for \u00e5 v\u00e6re sikker!<br \/>\n&nbsp;<br \/>\n&nbsp;<br \/>\nFormen min er s\u00e5pass bra at mannen min og jeg har pyntet opp til advent i leiligheten, og jeg har t\u00f8rket litt st\u00f8v \ud83d\ude0a I dag har jeg ikke hatt feber i det hele tatt, og jeg har ikke tatt paracet.<\/p>\n<div class=\"linkwithin_hook\" id=\"http:\/\/www.torilkremmervik.no\/blogg\/?p=9852\"><\/div><script>\n<!-- \/\/LinkWithinCodeStart\nvar linkwithin_site_id = 1303645;\nvar linkwithin_div_class = \"linkwithin_hook\";\n\/\/LinkWithinCodeEnd -->\n<\/script>\n<script src=\"http:\/\/www.linkwithin.com\/widget.js\"><\/script>\n<a href=\"http:\/\/www.linkwithin.com\/\"><img decoding=\"async\" src=\"http:\/\/www.linkwithin.com\/pixel.png\" alt=\"Related Posts Plugin for WordPress, Blogger...\" style=\"border: 0\" \/><\/a>","protected":false},"excerpt":{"rendered":"<p>Mandags ettermiddag kjente jeg tegn p\u00e5 s\u00e5r hals. Min kj\u00e6re mann og jeg valgte \u00e5 ta en selvtest (pinne i nesen) for \u00e5 v\u00e6re p\u00e5 sikre siden&#8230;. Testen viste negativ. &nbsp; &nbsp; &nbsp; &nbsp; &nbsp; &nbsp; Selvsagt blir man optimistisk &hellip; <a href=\"http:\/\/www.torilkremmervik.no\/blogg\/?p=9852\">Continue reading <span class=\"meta-nav\">&rarr;<\/span><\/a><\/p>\n<script>\n<!-- \/\/LinkWithinCodeStart\nvar linkwithin_site_id = 1303645;\nvar linkwithin_div_class = \"linkwithin_hook\";\n\/\/LinkWithinCodeEnd -->\n<\/script>\n<script src=\"http:\/\/www.linkwithin.com\/widget.js\"><\/script>\n<a href=\"http:\/\/www.linkwithin.com\/\"><img decoding=\"async\" src=\"http:\/\/www.linkwithin.com\/pixel.png\" alt=\"Related Posts Plugin for WordPress, Blogger...\" style=\"border: 0\" \/><\/a>","protected":false},"author":1,"featured_media":0,"comment_status":"open","ping_status":"open","sticky":false,"template":"","format":"standard","meta":{"footnotes":""},"categories":[4201],"tags":[4204,3422,4205,4207,4202,4203,4206],"class_list":["post-9852","post","type-post","status-publish","format-standard","hentry","category-smittet-med-covid-19","tag-hjemmetesting","tag-korona","tag-pcr-test","tag-sikkerhet-rundt-testing","tag-smittet-av-covid-19","tag-spyttest","tag-testing"],"aioseo_notices":[],"_links":{"self":[{"href":"http:\/\/www.torilkremmervik.no\/blogg\/index.php?rest_route=\/wp\/v2\/posts\/9852","targetHints":{"allow":["GET"]}}],"collection":[{"href":"http:\/\/www.torilkremmervik.no\/blogg\/index.php?rest_route=\/wp\/v2\/posts"}],"about":[{"href":"http:\/\/www.torilkremmervik.no\/blogg\/index.php?rest_route=\/wp\/v2\/types\/post"}],"author":[{"embeddable":true,"href":"http:\/\/www.torilkremmervik.no\/blogg\/index.php?rest_route=\/wp\/v2\/users\/1"}],"replies":[{"embeddable":true,"href":"http:\/\/www.torilkremmervik.no\/blogg\/index.php?rest_route=%2Fwp%2Fv2%2Fcomments&post=9852"}],"version-history":[{"count":1,"href":"http:\/\/www.torilkremmervik.no\/blogg\/index.php?rest_route=\/wp\/v2\/posts\/9852\/revisions"}],"predecessor-version":[{"id":9853,"href":"http:\/\/www.torilkremmervik.no\/blogg\/index.php?rest_route=\/wp\/v2\/posts\/9852\/revisions\/9853"}],"wp:attachment":[{"href":"http:\/\/www.torilkremmervik.no\/blogg\/index.php?rest_route=%2Fwp%2Fv2%2Fmedia&parent=9852"}],"wp:term":[{"taxonomy":"category","embeddable":true,"href":"http:\/\/www.torilkremmervik.no\/blogg\/index.php?rest_route=%2Fwp%2Fv2%2Fcategories&post=9852"},{"taxonomy":"post_tag","embeddable":true,"href":"http:\/\/www.torilkremmervik.no\/blogg\/index.php?rest_route=%2Fwp%2Fv2%2Ftags&post=9852"}],"curies":[{"name":"wp","href":"https:\/\/api.w.org\/{rel}","templated":true}]}}