{"id":9897,"date":"2022-03-05T19:32:02","date_gmt":"2022-03-05T18:32:02","guid":{"rendered":"http:\/\/www.torilkremmervik.no\/blogg\/?p=9897"},"modified":"2022-03-05T19:32:03","modified_gmt":"2022-03-05T18:32:03","slug":"minnes-min-mor-i-kjaerlighet-%e2%9d%a4%e2%9d%a4%e2%9d%a4","status":"publish","type":"post","link":"http:\/\/www.torilkremmervik.no\/blogg\/?p=9897","title":{"rendered":"MINNES MIN MOR I KJ\u00c6RLIGHET \u2764\u2764\u2764"},"content":{"rendered":"<p>Hei igjen alle sammen \ud83d\ude0a Lenge siden siden sist! N\u00e5 er det lenge siden jeg har blogget, og det beklager jeg meget sterkt!<br \/>\n&nbsp;<br \/>\n&nbsp;<br \/>\nJanuar m\u00e5ned 2022 begynte ikke p\u00e5 den beste m\u00e5ten. 14 dager f\u00f8r jul ble moren min br\u00e5tt d\u00e5rligere. Hun sluttet \u00e5 spise, og hun l\u00e5. Vi skj\u00f8nte at det gikk mot slutten. Mannen min og jeg var hos henne julaften, og hun kjente oss igjen, men hun snakket lavt.<br \/>\n&nbsp;<br \/>\n&nbsp;<br \/>\nNytt\u00e5rsaften var min s\u00f8ster og hennes mann hos henne p\u00e5 bes\u00f8k og da hadde de ogs\u00e5 kontakt med henne. 01.01.2022 var min niese og min yngste nev\u00f8 p\u00e5 bes\u00f8k, men da sov hun for det meste.<br \/>\n&nbsp;<br \/>\n&nbsp;<br \/>\nNatt til 02.01.2022 fikk hun feber, og hun sov. S\u00f8steren min, mannen hennes, mannen min og jeg var p\u00e5 bes\u00f8k til henne. Min mor sov fredelig hele dagen. Vi satt og pratet, s\u00f8steren min og jeg satt og strikket og vi h\u00f8rte p\u00e5 radio. Vi dro hjem ca.kl.22.30.<br \/>\n&nbsp;<br \/>\n&nbsp;<br \/>\nMandag 03.01.2022 dro jeg oppover til min mor kl.08.00, og s\u00f8steren min kom ogs\u00e5 etter hvert. Vi satt der hele dagen. Mor var helt rolig, og hun sov. S\u00f8steren min og jeg satt og pratet, strikket, snakket med de ansatte og mimret om mors liv. Kl. 16.30 kom mannen til s\u00f8steren min og mannen min med en pizza de hadde kj\u00f8pt. Middagen ble inntatt p\u00e5 rommet til mor.<br \/>\n&nbsp;<br \/>\n&nbsp;<br \/>\nDe ansatte p\u00e5 sykehjemmet var helt fantastiske, for de kom inn med bevertning, kaffe og mat s\u00e5 mye vi ville ha. Ikke minst kom de ofte inn bare for \u00e5 sitte og prate med oss Du verden for noen fantastiske mennesker og engler \u2764\u2764\u2764<br \/>\n&nbsp;<br \/>\n&nbsp;<br \/>\nSykepleierne som var p\u00e5 vakt anbefalte at vi burde dra hjem for \u00e5 f\u00e5 oss litt s\u00f8vn. De mente det var viktig for oss \u00e5 v\u00e6re uthvilt. P\u00e5 sykehjemmet hadde de en ekstravakt som satt inne hos min mor 24\/7.  Vi dro hjem kl.22.30.<br \/>\n&nbsp;<br \/>\n&nbsp;<br \/>\nTirsdag 04.01.2022 v\u00e5knet jeg kl.08.00. S\u00f8steren min ringte meg, og de hadde ringt henne fra sykehjemmet for \u00e5 fortelle at hun sovnet stille og fredelig inn kl.03.50 om natten. Vi bestemte oss for \u00e5 dra opp p\u00e5 sykehjemmet for \u00e5 se henne.<br \/>\n&nbsp;<br \/>\n&nbsp;<br \/>\nKl.11.00 dro s\u00f8steren min, mannen hennes, mannen min og jeg opp p\u00e5 sykehjemmet for \u00e5 se min mor. Sykehjemmet hadde gjort det virkelig vakkert p\u00e5 rommet til min mor. De hadde pyntet mor med en nydelig bukse, nydelig bluse, nydelig jakke, et smykke som hun var glad i, og hjelpepleieren hadde lakket neglene hennes fine og r\u00f8de. Det gjorde hjelpepleieren mandag 03.01.2022. Min mor elsket \u00e5 pynte seg. De hadde lagt p\u00e5 hvite duker p\u00e5 nattbordet og p\u00e5 salongbordet, de hadde satt satt fram brudebilde av mor og far p\u00e5 nattbordet og de hadde tent lys. Vi fikk ogs\u00e5 kaffe og noe \u00e5 bite i. Det var \u00e6rb\u00f8dig og nydelig det de hadde gjort \u2764\u2764\u2764 Dette var virkelig godt \u00e5 ta med seg.<br \/>\n&nbsp;<br \/>\n&nbsp;<br \/>\nDet var trist at mor d\u00f8de, men vi har jo mistet henne en gang gjennom demensen, men vi har med masse, masse gode minner om moren v\u00e5r \u2764\u2764\u2764<br \/>\n&nbsp;<br \/>\n&nbsp;<br \/>\nDagene etter min mor d\u00f8de gikk i ett med forberedelser til bisettelse med samtale med prest og begravelsesbyr\u00e5 samt papirer som skulle fylles ut. I sen slik situasjon g\u00e5r man p\u00e5 siden av seg selv.<br \/>\n&nbsp;<br \/>\n&nbsp;<br \/>\nB\u00e5de s\u00f8steren min og jeg oppdaget hvor fantastiske mennesker vi har rundt oss som var der for oss av slekt og venner, og det setter vi kjempestor pris p\u00e5 \u2764\u2764\u2764 Vi fikk nydelige blomsterhilsninger hjem til oss begge to. Det var kjemper\u00f8rende \u2764\u2764\u2764<br \/>\n&nbsp;<br \/>\n&nbsp;<br \/>\nBisettelsen til mor var 14.01.2022, og det ble en minnerik, \u00e6rb\u00f8dig og nydelig seremoni i hennes \u00e5nd \u2764\u2764\u2764 S\u00f8steren min holdt en kjempevakker minnetale til mor, og jeg spilte et stykke p\u00e5 fl\u00f8yta sammen venninna mi Anita. Vi hadde en kjempedyktig sanger som sang &#8220;Trondheimsnatt&#8221; og &#8220;Har Du Fyr&#8221;. De som var i bisettelsen sa det var en kjempenydelig bisettelse.<br \/>\n&nbsp;<br \/>\n&nbsp;<br \/>\nEtter bisettelsen hadde vi minnesamv\u00e6r med de n\u00e6rmeste slekt og venner, og det ble en kjempefin og minnerik stund.<br \/>\n&nbsp;<br \/>\n&nbsp;<br \/>\nEtter bisettelsen var over s\u00e5 m\u00e5tte jeg hente meg litt inn igjen, for man trenger tid etter man har mistet noen av sine kj\u00e6re. Uansett om dette var ventet s\u00e5 var det trist og vemodig at hun d\u00f8de \u2764\ud83d\ude22<br \/>\n&nbsp;<br \/>\n&nbsp;<br \/>\nJeg begynte \u00e5 trene igjen et par dager etter mor d\u00f8de, og det var godt psykisk \u00e5 komme seg p\u00e5 trening, og det hjalp.<br \/>\n&nbsp;<br \/>\n&nbsp;<br \/>\nMor etterlater seg et tomrom, og hun vil alltid v\u00e6re i v\u00e5re hjerter. Vi minnes henne i kj\u00e6rlighet \u2764\u2764\u2764<br \/>\n&nbsp;<br \/>\n&nbsp;<br \/>\nDette er litt om hvorfor jeg har v\u00e6rt frav\u00e6rende fra bloggen min.<br \/>\n&nbsp;<br \/>\n&nbsp;<\/p>\n<p style=\"text-align: center\"><img loading=\"lazy\" decoding=\"async\" src=\"https:\/\/cdn.blogg.no\/content\/uploads\/sites\/430\/2022\/03\/05192417\/060122_roser1a.jpg\" alt=\"\" width=\"400\" height=\"487\" class=\"alignnone size-medium wp-image-5751\"><\/p>\n<p style=\"text-align: center\">Disse kjempefine rosene var en av de r\u00f8rende bukettene som ble sendt hjem til oss etter min mors bortgang \u2764\ud83d\ude0a<\/p>\n<p>&nbsp;<br \/>\n&nbsp;<\/p>\n<p style=\"text-align: center\"><img loading=\"lazy\" decoding=\"async\" src=\"https:\/\/cdn.blogg.no\/content\/uploads\/sites\/430\/2022\/03\/05192454\/140122_graven_til_far2a-500x456.jpg\" alt=\"\" width=\"500\" height=\"456\" class=\"alignnone size-medium wp-image-5754\"><\/p>\n<p style=\"text-align: center\">F\u00f8r bisettelsen til min mor dro vi p\u00e5 graven til far og tente lys \u2764\u2764\u2764<\/p>\n<p>&nbsp;<br \/>\n&nbsp;<\/p>\n<p style=\"text-align: center\"><img loading=\"lazy\" decoding=\"async\" src=\"https:\/\/cdn.blogg.no\/content\/uploads\/sites\/430\/2022\/03\/05192432\/140122_bisettelse_mor1a-500x388.jpg\" alt=\"\" width=\"500\" height=\"388\" class=\"alignnone size-medium wp-image-5752\"><\/p>\n<p style=\"text-align: center\">Kjempevakker pyntet kiste med b\u00e5rebukett og blomsterhjerter \u2764\u2764\u2764<\/p>\n<p>&nbsp;<br \/>\n&nbsp;<\/p>\n<p style=\"text-align: center\"><img loading=\"lazy\" decoding=\"async\" src=\"https:\/\/cdn.blogg.no\/content\/uploads\/sites\/430\/2022\/03\/05192446\/140122_bisettelse_mor3a-500x355.jpg\" alt=\"\" width=\"500\" height=\"355\" class=\"alignnone size-medium wp-image-5753\"><\/p>\n<p style=\"text-align: center\">Blomsterhjerte fra barnebarn og oldebarn \u2764\u2764\u2764<\/p>\n<div class=\"linkwithin_hook\" id=\"http:\/\/www.torilkremmervik.no\/blogg\/?p=9897\"><\/div><script>\n<!-- \/\/LinkWithinCodeStart\nvar linkwithin_site_id = 1303645;\nvar linkwithin_div_class = \"linkwithin_hook\";\n\/\/LinkWithinCodeEnd -->\n<\/script>\n<script src=\"http:\/\/www.linkwithin.com\/widget.js\"><\/script>\n<a href=\"http:\/\/www.linkwithin.com\/\"><img decoding=\"async\" src=\"http:\/\/www.linkwithin.com\/pixel.png\" alt=\"Related Posts Plugin for WordPress, Blogger...\" style=\"border: 0\" \/><\/a>","protected":false},"excerpt":{"rendered":"<p>Hei igjen alle sammen \ud83d\ude0a Lenge siden siden sist! N\u00e5 er det lenge siden jeg har blogget, og det beklager jeg meget sterkt! &nbsp; &nbsp; Januar m\u00e5ned 2022 begynte ikke p\u00e5 den beste m\u00e5ten. 14 dager f\u00f8r jul ble moren &hellip; <a href=\"http:\/\/www.torilkremmervik.no\/blogg\/?p=9897\">Continue reading <span class=\"meta-nav\">&rarr;<\/span><\/a><\/p>\n<script>\n<!-- \/\/LinkWithinCodeStart\nvar linkwithin_site_id = 1303645;\nvar linkwithin_div_class = \"linkwithin_hook\";\n\/\/LinkWithinCodeEnd -->\n<\/script>\n<script src=\"http:\/\/www.linkwithin.com\/widget.js\"><\/script>\n<a href=\"http:\/\/www.linkwithin.com\/\"><img decoding=\"async\" src=\"http:\/\/www.linkwithin.com\/pixel.png\" alt=\"Related Posts Plugin for WordPress, Blogger...\" style=\"border: 0\" \/><\/a>","protected":false},"author":1,"featured_media":0,"comment_status":"open","ping_status":"open","sticky":false,"template":"","format":"standard","meta":{"footnotes":""},"categories":[4292],"tags":[4294,4293,4295,4296],"class_list":["post-9897","post","type-post","status-publish","format-standard","hentry","category-min-mor-minnes-i-kjaerlighet","tag-fravaer-fra-bloggen","tag-min-mor-dode-04-01-2022","tag-minnes-i-kjaerlighet","tag-om-min-mors-bortgang"],"aioseo_notices":[],"_links":{"self":[{"href":"http:\/\/www.torilkremmervik.no\/blogg\/index.php?rest_route=\/wp\/v2\/posts\/9897","targetHints":{"allow":["GET"]}}],"collection":[{"href":"http:\/\/www.torilkremmervik.no\/blogg\/index.php?rest_route=\/wp\/v2\/posts"}],"about":[{"href":"http:\/\/www.torilkremmervik.no\/blogg\/index.php?rest_route=\/wp\/v2\/types\/post"}],"author":[{"embeddable":true,"href":"http:\/\/www.torilkremmervik.no\/blogg\/index.php?rest_route=\/wp\/v2\/users\/1"}],"replies":[{"embeddable":true,"href":"http:\/\/www.torilkremmervik.no\/blogg\/index.php?rest_route=%2Fwp%2Fv2%2Fcomments&post=9897"}],"version-history":[{"count":1,"href":"http:\/\/www.torilkremmervik.no\/blogg\/index.php?rest_route=\/wp\/v2\/posts\/9897\/revisions"}],"predecessor-version":[{"id":9898,"href":"http:\/\/www.torilkremmervik.no\/blogg\/index.php?rest_route=\/wp\/v2\/posts\/9897\/revisions\/9898"}],"wp:attachment":[{"href":"http:\/\/www.torilkremmervik.no\/blogg\/index.php?rest_route=%2Fwp%2Fv2%2Fmedia&parent=9897"}],"wp:term":[{"taxonomy":"category","embeddable":true,"href":"http:\/\/www.torilkremmervik.no\/blogg\/index.php?rest_route=%2Fwp%2Fv2%2Fcategories&post=9897"},{"taxonomy":"post_tag","embeddable":true,"href":"http:\/\/www.torilkremmervik.no\/blogg\/index.php?rest_route=%2Fwp%2Fv2%2Ftags&post=9897"}],"curies":[{"name":"wp","href":"https:\/\/api.w.org\/{rel}","templated":true}]}}