{"id":9899,"date":"2022-03-06T13:47:36","date_gmt":"2022-03-06T12:47:36","guid":{"rendered":"http:\/\/www.torilkremmervik.no\/blogg\/?p=9899"},"modified":"2022-03-06T13:47:37","modified_gmt":"2022-03-06T12:47:37","slug":"ukene-har-gatt-med-musikkvideoinnspilling-og-andre-gjoremal-%f0%9f%98%8a","status":"publish","type":"post","link":"http:\/\/www.torilkremmervik.no\/blogg\/?p=9899","title":{"rendered":"UKENE HAR G\u00c5TT MED MUSIKKVIDEOINNSPILLING OG ANDRE GJ\u00d8REM\u00c5L \ud83d\ude0a"},"content":{"rendered":"<p>Fra midten av januar og februar fl\u00f8y dagene mine alt for fort av g\u00e5rde, og jeg f\u00f8lte som om det ikke var annet enn mandag og fredag.<br \/>\n&nbsp;<br \/>\n&nbsp;<br \/>\nHverdagene g\u00e5r med til trening (3 dager i uka), g\u00e5 turer n\u00e5r f\u00f8ret tilsier det, \u00f8ving p\u00e5 fl\u00f8yta, spillejobber p\u00e5 fl\u00f8yta (n\u00e5r jeg har gode perioder med reumatismen min) ved gudstjenester, hyggetreff, bryllup og begravelser, kor\u00f8velser i korene jeg synger i, styrearbeid, lage \u00f8vingsfiler p\u00e5 nettet til det ene koret jeg synger i, h\u00e5ndarbeid, lese, h\u00f8re p\u00e5 musikk, kattene mine og v\u00e6re sammen familie og venner.<br \/>\n&nbsp;<br \/>\n&nbsp;<br \/>\nJeg stortrives med det jeg holder p\u00e5 med, og for meg personlig som 80% uf\u00f8r er det viktig \u00e5 ha ting \u00e5 fylle hverdagene mine med. Ikke minst synes jeg det er moro \u00e5 engasjere meg i styrearbeid i fritidsaktivitetene jeg holder p\u00e5 med. Det er da jeg fungerer best \ud83d\ude0a Alt dette gir meg energien og overskuddet jeg trenger.<br \/>\n&nbsp;<br \/>\n&nbsp;<br \/>\nI februar fulgte jeg ogs\u00e5 med viner-OL fra Kina, og det var kjempeg\u00f8y \u00e5 f\u00f8lge med de Norske ut\u00f8verne. De gjorde et fantastisk mesterskap \ud83d\udc4d\ud83d\ude0a<br \/>\n&nbsp;<br \/>\n&nbsp;<br \/>\n12.02.2022 hadde det ene koret jeg synger i musikkvideoinnspilling av sangen: &#8220;N\u00e5r Himmelen Faller Ned&#8221; av Anne Grethe Preus. Det var en kjempemorsom men slitsom dag.<br \/>\n&nbsp;<br \/>\n&nbsp;<br \/>\nVi begynte dagen med \u00e5 synge inn lyden av sangen. Etter lunch dro vi ut og spilte inn utescener. Koret har kj\u00f8pt rettighetene, og n\u00e5r videoen kommer ut f\u00e5r vi lov til \u00e5 dele videoen p\u00e5 v\u00e5re sosialer medier \ud83d\ude0a Det gleder jeg meg kjempemasse til \ud83d\ude0a<br \/>\n&nbsp;<br \/>\n&nbsp;<br \/>\nV\u00e6ret i februar var varierende med mye gr\u00e5tt v\u00e6r og nedb\u00f8r. Vi har ikke hatt mange timene med sol i januar og februar. Vi hadde en kuldeperiode i januar p\u00e5 en uke tid, men ellers har vi hatt en forholdsvis mild vinter.<br \/>\n&nbsp;<br \/>\n&nbsp;<br \/>\nEtter som ukene har g\u00e5tt siden min mor bortgang har jeg f\u00e5tt hentet meg inn igjen. Jeg har f\u00e5tt fokusert p\u00e5 meg selv gjennom mine daglige gj\u00f8rem\u00e5l. Da var det godt med en pause fra blogg.<br \/>\n&nbsp;<br \/>\n&nbsp;<br \/>\nSavnet vil alltid v\u00e6re der, men savnet er og blir erstattet til gode minner om min mor som alltid vil leve videre \u2764\u2764\u2764<br \/>\n&nbsp;<br \/>\n&nbsp;<br \/>\nJeg pr\u00f8ver p\u00e5 \u00e5 jevnlig vlogge jevnlig p\u00e5 snapchat, instagram og YouTube. Der er dere hjertelig velkommen til \u00e5 f\u00f8lge meg \ud83d\ude0a Dere kan finne meg p\u00e5 f\u00f8lgende steder:<br \/>\n&nbsp;<br \/>\nSnapchat: @torilkre (Toril Livsstil Balanse Trening)<br \/>\n&nbsp;<br \/>\nInstagram: <a href=\"https:\/\/www.instagram.com\/aldri_forsent\/\"><\/a><br \/>\n&nbsp;<br \/>\nYouTube: <a href=\"https:\/\/www.youtube.com\/user\/Nadina1708\"><\/a><br \/>\n&nbsp;<br \/>\n&nbsp;<br \/>\n\u00d8nsker \u00e5 dele noen bilder med dere, og h\u00e5per dere liker bildene mine \ud83d\ude0a<br \/>\n&nbsp;<br \/>\n&nbsp;<\/p>\n<p style=\"text-align: center\"><img loading=\"lazy\" decoding=\"async\" src=\"https:\/\/cdn.blogg.no\/content\/uploads\/sites\/430\/2022\/03\/06123532\/040122_vinterdag1a-500x375.jpg\" alt=\"\" width=\"500\" height=\"375\" class=\"alignnone size-medium wp-image-5757\"><\/p>\n<p style=\"text-align: center\">Bildet ble tatt 04.01.2022 den dagen mor d\u00f8de. Naturen hadde kledd seg i sin vakreste vinterdrakt den dagen \u2764\u2764\u2764<\/p>\n<p>&nbsp;<br \/>\n&nbsp;<\/p>\n<p style=\"text-align: center\"><img loading=\"lazy\" decoding=\"async\" src=\"https:\/\/cdn.blogg.no\/content\/uploads\/sites\/430\/2022\/03\/06123548\/040122_vinterdag3a-500x375.jpg\" alt=\"\" width=\"500\" height=\"375\" class=\"alignnone size-medium wp-image-5758\"><\/p>\n<p style=\"text-align: center\">04.01.2022 var det kjempefint vinterv\u00e6r med sol fra bl\u00e5 himmel og minus 12 grader.<\/p>\n<p>&nbsp;<br \/>\n&nbsp;<\/p>\n<p style=\"text-align: center\"><img loading=\"lazy\" decoding=\"async\" src=\"https:\/\/cdn.blogg.no\/content\/uploads\/sites\/430\/2022\/03\/06123617\/060222_samisk_flagg2a-500x461.jpg\" alt=\"\" width=\"500\" height=\"461\" class=\"alignnone size-medium wp-image-5760\"><\/p>\n<p style=\"text-align: center\">06.02.2022 var det Samenes Dag, og som sj\u00f8same s\u00e5 markerte jeg dagen ved \u00e5 henge ut flagget mitt \u2764\ud83d\ude0a<\/p>\n<p>&nbsp;<br \/>\n&nbsp;<\/p>\n<p style=\"text-align: center\"><img loading=\"lazy\" decoding=\"async\" src=\"https:\/\/cdn.blogg.no\/content\/uploads\/sites\/430\/2022\/03\/06123703\/120222_innspilling_musikkvideo2a-500x448.jpg\" alt=\"\" width=\"500\" height=\"448\" class=\"alignnone size-medium wp-image-5761\"><\/p>\n<p style=\"text-align: center\">12.02.2022 hadde det ene koret jeg synger i musikkvideoinnspilling. Her er et bilde tatt under opptak \ud83d\ude0a<\/p>\n<p>&nbsp;<br \/>\n&nbsp;<\/p>\n<p style=\"text-align: center\"><img loading=\"lazy\" decoding=\"async\" src=\"https:\/\/cdn.blogg.no\/content\/uploads\/sites\/430\/2022\/03\/06123715\/050222_arrangerer_musescore_til_kor1a-500x335.jpg\" alt=\"\" width=\"500\" height=\"335\" class=\"alignnone size-medium wp-image-5762\"><\/p>\n<p style=\"text-align: center\">Jobber en del med \u00e5 lage \u00f8vingsfiler til det ene koret jeg synger i \ud83d\ude0a<\/p>\n<p>&nbsp;<br \/>\n&nbsp;<\/p>\n<p style=\"text-align: center\"><img loading=\"lazy\" decoding=\"async\" src=\"https:\/\/cdn.blogg.no\/content\/uploads\/sites\/430\/2022\/03\/06123737\/170222_koroevelse_sang1a.jpg\" alt=\"\" width=\"400\" height=\"533\" class=\"alignnone size-medium wp-image-5763\"><\/p>\n<p style=\"text-align: center\">Ikke noe er som \u00e5 komme p\u00e5 kor\u00f8velse. Man kan v\u00e6re s\u00e5 tr\u00f8tt og sliten, men etter en kor\u00f8velse er man alltid full av energi \ud83d\ude0a<\/p>\n<p>&nbsp;<br \/>\n&nbsp;<\/p>\n<p style=\"text-align: center\"><img loading=\"lazy\" decoding=\"async\" src=\"https:\/\/cdn.blogg.no\/content\/uploads\/sites\/430\/2022\/03\/06123606\/010222_votter1a-500x440.jpg\" alt=\"\" width=\"500\" height=\"440\" class=\"alignnone size-medium wp-image-5759\"><\/p>\n<p style=\"text-align: center\">Det er avslappende for meg \u00e5 sette meg ned med h\u00e5ndarbeid om kvelden, og her strikkes det nytt par med votter \ud83d\ude0a<\/p>\n<p>&nbsp;<br \/>\n&nbsp;<\/p>\n<p style=\"text-align: center\"><img loading=\"lazy\" decoding=\"async\" src=\"https:\/\/cdn.blogg.no\/content\/uploads\/sites\/430\/2022\/03\/06134158\/200222_votter1a-500x439.jpg\" alt=\"\" width=\"500\" height=\"439\" class=\"alignnone size-medium wp-image-5764\"><\/p>\n<p style=\"text-align: center\">Votteparet ferdigstrikket \ud83d\ude0a<\/p>\n<p>&nbsp;<br \/>\n&nbsp;<\/p>\n<p style=\"text-align: center\"><img loading=\"lazy\" decoding=\"async\" src=\"https:\/\/cdn.blogg.no\/content\/uploads\/sites\/430\/2022\/03\/06134207\/200222_votter3a-500x432.jpg\" alt=\"\" width=\"500\" height=\"432\" class=\"alignnone size-medium wp-image-5765\"><\/p>\n<p style=\"text-align: center\">Votteparet ferdigstrikket \ud83d\ude0a<\/p>\n<div class=\"linkwithin_hook\" id=\"http:\/\/www.torilkremmervik.no\/blogg\/?p=9899\"><\/div><script>\n<!-- \/\/LinkWithinCodeStart\nvar linkwithin_site_id = 1303645;\nvar linkwithin_div_class = \"linkwithin_hook\";\n\/\/LinkWithinCodeEnd -->\n<\/script>\n<script src=\"http:\/\/www.linkwithin.com\/widget.js\"><\/script>\n<a href=\"http:\/\/www.linkwithin.com\/\"><img decoding=\"async\" src=\"http:\/\/www.linkwithin.com\/pixel.png\" alt=\"Related Posts Plugin for WordPress, Blogger...\" style=\"border: 0\" \/><\/a>","protected":false},"excerpt":{"rendered":"<p>Fra midten av januar og februar fl\u00f8y dagene mine alt for fort av g\u00e5rde, og jeg f\u00f8lte som om det ikke var annet enn mandag og fredag. &nbsp; &nbsp; Hverdagene g\u00e5r med til trening (3 dager i uka), g\u00e5 turer &hellip; <a href=\"http:\/\/www.torilkremmervik.no\/blogg\/?p=9899\">Continue reading <span class=\"meta-nav\">&rarr;<\/span><\/a><\/p>\n<script>\n<!-- \/\/LinkWithinCodeStart\nvar linkwithin_site_id = 1303645;\nvar linkwithin_div_class = \"linkwithin_hook\";\n\/\/LinkWithinCodeEnd -->\n<\/script>\n<script src=\"http:\/\/www.linkwithin.com\/widget.js\"><\/script>\n<a href=\"http:\/\/www.linkwithin.com\/\"><img decoding=\"async\" src=\"http:\/\/www.linkwithin.com\/pixel.png\" alt=\"Related Posts Plugin for WordPress, Blogger...\" style=\"border: 0\" \/><\/a>","protected":false},"author":1,"featured_media":0,"comment_status":"open","ping_status":"open","sticky":false,"template":"","format":"standard","meta":{"footnotes":""},"categories":[4297],"tags":[4304,4302,4299,1243,4300,4301,4303,1163,4298],"class_list":["post-9899","post","type-post","status-publish","format-standard","hentry","category-oppdatering-fra-januar-og-februar-2022","tag-bilder-tatt-februar-2022","tag-bilder-tatt-januar-2022","tag-februar-2022","tag-handarbeid","tag-januar-2022","tag-mine-gjoremal","tag-musikkvideoinnspilling-med-koret","tag-oppdatering","tag-ukene-og-dagene-gar"],"aioseo_notices":[],"_links":{"self":[{"href":"http:\/\/www.torilkremmervik.no\/blogg\/index.php?rest_route=\/wp\/v2\/posts\/9899","targetHints":{"allow":["GET"]}}],"collection":[{"href":"http:\/\/www.torilkremmervik.no\/blogg\/index.php?rest_route=\/wp\/v2\/posts"}],"about":[{"href":"http:\/\/www.torilkremmervik.no\/blogg\/index.php?rest_route=\/wp\/v2\/types\/post"}],"author":[{"embeddable":true,"href":"http:\/\/www.torilkremmervik.no\/blogg\/index.php?rest_route=\/wp\/v2\/users\/1"}],"replies":[{"embeddable":true,"href":"http:\/\/www.torilkremmervik.no\/blogg\/index.php?rest_route=%2Fwp%2Fv2%2Fcomments&post=9899"}],"version-history":[{"count":1,"href":"http:\/\/www.torilkremmervik.no\/blogg\/index.php?rest_route=\/wp\/v2\/posts\/9899\/revisions"}],"predecessor-version":[{"id":9900,"href":"http:\/\/www.torilkremmervik.no\/blogg\/index.php?rest_route=\/wp\/v2\/posts\/9899\/revisions\/9900"}],"wp:attachment":[{"href":"http:\/\/www.torilkremmervik.no\/blogg\/index.php?rest_route=%2Fwp%2Fv2%2Fmedia&parent=9899"}],"wp:term":[{"taxonomy":"category","embeddable":true,"href":"http:\/\/www.torilkremmervik.no\/blogg\/index.php?rest_route=%2Fwp%2Fv2%2Fcategories&post=9899"},{"taxonomy":"post_tag","embeddable":true,"href":"http:\/\/www.torilkremmervik.no\/blogg\/index.php?rest_route=%2Fwp%2Fv2%2Ftags&post=9899"}],"curies":[{"name":"wp","href":"https:\/\/api.w.org\/{rel}","templated":true}]}}