{"id":10040,"date":"2022-06-17T14:50:39","date_gmt":"2022-06-17T12:50:39","guid":{"rendered":"http:\/\/www.torilkremmervik.no\/blogg\/?p=10040"},"modified":"2022-06-17T14:50:39","modified_gmt":"2022-06-17T12:50:39","slug":"blomster-og-fugleliv-i-parken-%e2%9d%a4%f0%9f%98%8a","status":"publish","type":"post","link":"https:\/\/www.torilkremmervik.no\/blogg\/?p=10040","title":{"rendered":"BLOMSTER- OG FUGLELIV I PARKEN \u2764\ud83d\ude0a"},"content":{"rendered":"<p>I dag vil jeg dele noen bilder jeg tok da jeg gikk tur 16.06.2022. Gikk en tur innom den ene parken i n\u00e6rheten av der vi bor.<br \/>\n&nbsp;<br \/>\n&nbsp;<br \/>\nI dammen var det to ender som hvilte p\u00e5 en sten. En m\u00e5ke satt p\u00e5 en annen sten i dammen, og jeg fikk fotografert forskjellige motiver \ud83d\ude0a<br \/>\n&nbsp;<br \/>\n&nbsp;<br \/>\nH\u00e5per dere liker bildene mine \ud83d\ude0a<br \/>\n&nbsp;<br \/>\n&nbsp;<\/p>\n<p style=\"text-align: center\"><img loading=\"lazy\" decoding=\"async\" src=\"https:\/\/cdn.blogg.no\/content\/uploads\/sites\/430\/2022\/06\/16144342\/070622_blomster_groeftekant2a-500x476.jpg\" alt=\"\" width=\"500\" height=\"476\" class=\"alignnone size-medium wp-image-6103\"><\/p>\n<p style=\"text-align: center\">Fotograferte noen blomster i gr\u00f8ftekanten.<\/p>\n<p>&nbsp;<br \/>\n&nbsp;<\/p>\n<p style=\"text-align: center\"><img loading=\"lazy\" decoding=\"async\" src=\"https:\/\/cdn.blogg.no\/content\/uploads\/sites\/430\/2022\/06\/16144355\/070622_blomster_tre1a-500x408.jpg\" alt=\"\" width=\"500\" height=\"408\" class=\"alignnone size-medium wp-image-6104\"><\/p>\n<p style=\"text-align: center\">Kjempenydelige blomster p\u00e5 et tre \ud83d\ude0a<\/p>\n<p>&nbsp;<br \/>\n&nbsp;<\/p>\n<p style=\"text-align: center\"><img loading=\"lazy\" decoding=\"async\" src=\"https:\/\/cdn.blogg.no\/content\/uploads\/sites\/430\/2022\/06\/16144419\/070622_blomster_tre2a.jpg\" alt=\"\" width=\"400\" height=\"407\" class=\"alignnone size-medium wp-image-6105\"><\/p>\n<p style=\"text-align: center\">Nydelige blomster p\u00e5 treet \ud83d\ude0a<\/p>\n<p>&nbsp;<br \/>\n&nbsp;<\/p>\n<p style=\"text-align: center\"><img loading=\"lazy\" decoding=\"async\" src=\"https:\/\/cdn.blogg.no\/content\/uploads\/sites\/430\/2022\/06\/16144434\/070622_blomster_tre7a-500x442.jpg\" alt=\"\" width=\"500\" height=\"442\" class=\"alignnone size-medium wp-image-6106\"><\/p>\n<p style=\"text-align: center\">Syntes disse blomstene p\u00e5 dette treet var kjempenydelige \ud83d\ude0a<\/p>\n<p>&nbsp;<br \/>\n&nbsp;<\/p>\n<p style=\"text-align: center\"><img loading=\"lazy\" decoding=\"async\" src=\"https:\/\/cdn.blogg.no\/content\/uploads\/sites\/430\/2022\/06\/16144535\/070622_vann_til_dam_park2a-500x417.jpg\" alt=\"\" width=\"500\" height=\"417\" class=\"alignnone size-medium wp-image-6110\"><\/p>\n<p style=\"text-align: center\">I den ene parken er det en dam. Her er vannet som renner ut i dammen \ud83d\ude0a<\/p>\n<p>&nbsp;<br \/>\n&nbsp;<\/p>\n<p style=\"text-align: center\"><img loading=\"lazy\" decoding=\"async\" src=\"https:\/\/cdn.blogg.no\/content\/uploads\/sites\/430\/2022\/06\/16144524\/070622_make_sten_dam2a-500x371.jpg\" alt=\"\" width=\"500\" height=\"371\" class=\"alignnone size-medium wp-image-6109\"><\/p>\n<p style=\"text-align: center\">M\u00e5se p\u00e5 en sten i dammen \ud83d\ude0a<\/p>\n<p>&nbsp;<br \/>\n&nbsp;<\/p>\n<p style=\"text-align: center\"><img loading=\"lazy\" decoding=\"async\" src=\"https:\/\/cdn.blogg.no\/content\/uploads\/sites\/430\/2022\/06\/16144504\/070622_fugl_bader1a-500x418.jpg\" alt=\"\" width=\"500\" height=\"418\" class=\"alignnone size-medium wp-image-6108\"><\/p>\n<p style=\"text-align: center\">En liten spurv som bader i dammen \ud83d\ude0a<\/p>\n<p>&nbsp;<br \/>\n&nbsp;<\/p>\n<p style=\"text-align: center\"><img loading=\"lazy\" decoding=\"async\" src=\"https:\/\/cdn.blogg.no\/content\/uploads\/sites\/430\/2022\/06\/16144451\/070622_ender_sten_dam3a-500x370.jpg\" alt=\"\" width=\"500\" height=\"370\" class=\"alignnone size-medium wp-image-6107\"><\/p>\n<p style=\"text-align: center\">To ender i en siesta p\u00e5 en sten i dammen &nbsp;<br \/>\n&nbsp;<\/p>\n<p style=\"text-align: center\">\n<p style=\"text-align: center\">\n<div class=\"linkwithin_hook\" id=\"https:\/\/www.torilkremmervik.no\/blogg\/?p=10040\"><\/div><script>\n<!-- \/\/LinkWithinCodeStart\nvar linkwithin_site_id = 1303645;\nvar linkwithin_div_class = \"linkwithin_hook\";\n\/\/LinkWithinCodeEnd -->\n<\/script>\n<script src=\"http:\/\/www.linkwithin.com\/widget.js\"><\/script>\n<a href=\"http:\/\/www.linkwithin.com\/\"><img decoding=\"async\" src=\"http:\/\/www.linkwithin.com\/pixel.png\" alt=\"Related Posts Plugin for WordPress, Blogger...\" style=\"border: 0\" \/><\/a>","protected":false},"excerpt":{"rendered":"<p>I dag vil jeg dele noen bilder jeg tok da jeg gikk tur 16.06.2022. Gikk en tur innom den ene parken i n\u00e6rheten av der vi bor. &nbsp; &nbsp; I dammen var det to ender som hvilte p\u00e5 en sten. &hellip; <a href=\"https:\/\/www.torilkremmervik.no\/blogg\/?p=10040\">Continue reading <span class=\"meta-nav\">&rarr;<\/span><\/a><\/p>\n<script>\n<!-- \/\/LinkWithinCodeStart\nvar linkwithin_site_id = 1303645;\nvar linkwithin_div_class = \"linkwithin_hook\";\n\/\/LinkWithinCodeEnd -->\n<\/script>\n<script src=\"http:\/\/www.linkwithin.com\/widget.js\"><\/script>\n<a href=\"http:\/\/www.linkwithin.com\/\"><img decoding=\"async\" src=\"http:\/\/www.linkwithin.com\/pixel.png\" alt=\"Related Posts Plugin for WordPress, Blogger...\" style=\"border: 0\" \/><\/a>","protected":false},"author":1,"featured_media":0,"comment_status":"open","ping_status":"open","sticky":false,"template":"","format":"standard","meta":{"footnotes":""},"categories":[4412],"tags":[4413,4416,4414,2903,184,4415],"class_list":["post-10040","post","type-post","status-publish","format-standard","hentry","category-blomster-og-fugleliv-i-parken","tag-bilder-av-blomster-i-parken","tag-bilder-av-fugler-i-parken","tag-juni-2022","tag-natur","tag-sommer","tag-sommerlige-fotomotiver"],"aioseo_notices":[],"_links":{"self":[{"href":"https:\/\/www.torilkremmervik.no\/blogg\/index.php?rest_route=\/wp\/v2\/posts\/10040","targetHints":{"allow":["GET"]}}],"collection":[{"href":"https:\/\/www.torilkremmervik.no\/blogg\/index.php?rest_route=\/wp\/v2\/posts"}],"about":[{"href":"https:\/\/www.torilkremmervik.no\/blogg\/index.php?rest_route=\/wp\/v2\/types\/post"}],"author":[{"embeddable":true,"href":"https:\/\/www.torilkremmervik.no\/blogg\/index.php?rest_route=\/wp\/v2\/users\/1"}],"replies":[{"embeddable":true,"href":"https:\/\/www.torilkremmervik.no\/blogg\/index.php?rest_route=%2Fwp%2Fv2%2Fcomments&post=10040"}],"version-history":[{"count":2,"href":"https:\/\/www.torilkremmervik.no\/blogg\/index.php?rest_route=\/wp\/v2\/posts\/10040\/revisions"}],"predecessor-version":[{"id":10042,"href":"https:\/\/www.torilkremmervik.no\/blogg\/index.php?rest_route=\/wp\/v2\/posts\/10040\/revisions\/10042"}],"wp:attachment":[{"href":"https:\/\/www.torilkremmervik.no\/blogg\/index.php?rest_route=%2Fwp%2Fv2%2Fmedia&parent=10040"}],"wp:term":[{"taxonomy":"category","embeddable":true,"href":"https:\/\/www.torilkremmervik.no\/blogg\/index.php?rest_route=%2Fwp%2Fv2%2Fcategories&post=10040"},{"taxonomy":"post_tag","embeddable":true,"href":"https:\/\/www.torilkremmervik.no\/blogg\/index.php?rest_route=%2Fwp%2Fv2%2Ftags&post=10040"}],"curies":[{"name":"wp","href":"https:\/\/api.w.org\/{rel}","templated":true}]}}