{"id":10043,"date":"2022-06-17T15:37:39","date_gmt":"2022-06-17T13:37:39","guid":{"rendered":"http:\/\/www.torilkremmervik.no\/blogg\/?p=10043"},"modified":"2022-06-17T15:37:40","modified_gmt":"2022-06-17T13:37:40","slug":"tilbakeblikk-pa-bilder-tatt-juni-2019-%f0%9f%98%8a","status":"publish","type":"post","link":"https:\/\/www.torilkremmervik.no\/blogg\/?p=10043","title":{"rendered":"TILBAKEBLIKK P\u00c5 BILDER TATT JUNI 2019 \ud83d\ude0a"},"content":{"rendered":"<p>I dag \u00f8nsker jeg \u00e5 vise noen bilder som ble tatt i juni 2019. Som sagt elsker jeg \u00e5 fotografere, og jeg fotograferer mest om v\u00e5ren, sommeren og h\u00f8sten.<br \/>\n&nbsp;<br \/>\n&nbsp;<br \/>\nSelv om jeg har delt bildene her p\u00e5 bloggen f\u00f8r \u00f8nsker jeg \u00e5 dele noen av bildene igjen. H\u00e5per dere liker bildene mine \ud83d\ude0a<br \/>\n&nbsp;<br \/>\n&nbsp;<\/p>\n<p style=\"text-align: center\"><img loading=\"lazy\" decoding=\"async\" src=\"https:\/\/cdn.blogg.no\/content\/uploads\/sites\/430\/2022\/06\/17153030\/080619_hegre1a-500x481.jpg\" alt=\"\" width=\"500\" height=\"481\" class=\"alignnone size-medium wp-image-6123\"><\/p>\n<p style=\"text-align: center\">N\u00e5r det er varmt og fint sommerv\u00e6r elsker vi \u00e5 ta turen ut til sj\u00f8en. Vi har funnet oss ei perle ved sj\u00f8en hvor vi pleier \u00e5 dra. Her ser dere ei hegre som sitter p\u00e5 en sten i sj\u00f8en \ud83d\ude0a<\/p>\n<p>&nbsp;<br \/>\n&nbsp;<\/p>\n<p style=\"text-align: center\"><img loading=\"lazy\" decoding=\"async\" src=\"https:\/\/cdn.blogg.no\/content\/uploads\/sites\/430\/2022\/06\/17152844\/080619_varde1a.jpg\" alt=\"\" width=\"400\" height=\"436\" class=\"alignnone size-medium wp-image-6122\"><\/p>\n<p style=\"text-align: center\">Varden viser m\u00e5let \ud83d\ude0a<\/p>\n<p>&nbsp;<br \/>\n&nbsp;<\/p>\n<p style=\"text-align: center\"><img loading=\"lazy\" decoding=\"async\" src=\"https:\/\/cdn.blogg.no\/content\/uploads\/sites\/430\/2022\/06\/17153043\/080619_himmel_fjaere_rye1a-500x333.jpg\" alt=\"\" width=\"500\" height=\"333\" class=\"alignnone size-medium wp-image-6124\"><\/p>\n<p style=\"text-align: center\">Kjempenydelig kveldshimmel \ud83d\ude0a<\/p>\n<p>&nbsp;<br \/>\n&nbsp;<\/p>\n<p style=\"text-align: center\"><img loading=\"lazy\" decoding=\"async\" src=\"https:\/\/cdn.blogg.no\/content\/uploads\/sites\/430\/2022\/06\/17153126\/080619_solnedgang1a-500x375.jpg\" alt=\"\" width=\"500\" height=\"375\" class=\"alignnone size-medium wp-image-6126\"><\/p>\n<p style=\"text-align: center\">N\u00e5r vi har v\u00e6rt ved sj\u00f8en har vi f\u00e5tt med oss kjempenydelige solnedganger og magiske kveldshimler \ud83d\ude0a<\/p>\n<p>&nbsp;<br \/>\n&nbsp;<\/p>\n<p style=\"text-align: center\"><img loading=\"lazy\" decoding=\"async\" src=\"https:\/\/cdn.blogg.no\/content\/uploads\/sites\/430\/2022\/06\/17153109\/080619_kveldshimmel1a-500x375.jpg\" alt=\"\" width=\"500\" height=\"375\" class=\"alignnone size-medium wp-image-6125\"><\/p>\n<p style=\"text-align: center\">Kjempenydelig og magisk solnedgang i juni 2019 \u2764\ud83d\ude0a<\/p>\n<div class=\"linkwithin_hook\" id=\"https:\/\/www.torilkremmervik.no\/blogg\/?p=10043\"><\/div><script>\n<!-- \/\/LinkWithinCodeStart\nvar linkwithin_site_id = 1303645;\nvar linkwithin_div_class = \"linkwithin_hook\";\n\/\/LinkWithinCodeEnd -->\n<\/script>\n<script src=\"http:\/\/www.linkwithin.com\/widget.js\"><\/script>\n<a href=\"http:\/\/www.linkwithin.com\/\"><img decoding=\"async\" src=\"http:\/\/www.linkwithin.com\/pixel.png\" alt=\"Related Posts Plugin for WordPress, Blogger...\" style=\"border: 0\" \/><\/a>","protected":false},"excerpt":{"rendered":"<p>I dag \u00f8nsker jeg \u00e5 vise noen bilder som ble tatt i juni 2019. Som sagt elsker jeg \u00e5 fotografere, og jeg fotograferer mest om v\u00e5ren, sommeren og h\u00f8sten. &nbsp; &nbsp; Selv om jeg har delt bildene her p\u00e5 bloggen &hellip; <a href=\"https:\/\/www.torilkremmervik.no\/blogg\/?p=10043\">Continue reading <span class=\"meta-nav\">&rarr;<\/span><\/a><\/p>\n<script>\n<!-- \/\/LinkWithinCodeStart\nvar linkwithin_site_id = 1303645;\nvar linkwithin_div_class = \"linkwithin_hook\";\n\/\/LinkWithinCodeEnd -->\n<\/script>\n<script src=\"http:\/\/www.linkwithin.com\/widget.js\"><\/script>\n<a href=\"http:\/\/www.linkwithin.com\/\"><img decoding=\"async\" src=\"http:\/\/www.linkwithin.com\/pixel.png\" alt=\"Related Posts Plugin for WordPress, Blogger...\" style=\"border: 0\" \/><\/a>","protected":false},"author":1,"featured_media":0,"comment_status":"open","ping_status":"open","sticky":false,"template":"","format":"standard","meta":{"footnotes":""},"categories":[4417],"tags":[4418,4422,4419,4421,1500,2246,184,4420],"class_list":["post-10043","post","type-post","status-publish","format-standard","hentry","category-billedminner-fra-juni-2019","tag-bilder-tatt-juni-2019","tag-hegre-pa-sten","tag-juni-2019","tag-junikveld-ved-sjoen","tag-kveldshimmel","tag-solnedgang","tag-sommer","tag-ved-sjoen"],"aioseo_notices":[],"_links":{"self":[{"href":"https:\/\/www.torilkremmervik.no\/blogg\/index.php?rest_route=\/wp\/v2\/posts\/10043","targetHints":{"allow":["GET"]}}],"collection":[{"href":"https:\/\/www.torilkremmervik.no\/blogg\/index.php?rest_route=\/wp\/v2\/posts"}],"about":[{"href":"https:\/\/www.torilkremmervik.no\/blogg\/index.php?rest_route=\/wp\/v2\/types\/post"}],"author":[{"embeddable":true,"href":"https:\/\/www.torilkremmervik.no\/blogg\/index.php?rest_route=\/wp\/v2\/users\/1"}],"replies":[{"embeddable":true,"href":"https:\/\/www.torilkremmervik.no\/blogg\/index.php?rest_route=%2Fwp%2Fv2%2Fcomments&post=10043"}],"version-history":[{"count":1,"href":"https:\/\/www.torilkremmervik.no\/blogg\/index.php?rest_route=\/wp\/v2\/posts\/10043\/revisions"}],"predecessor-version":[{"id":10044,"href":"https:\/\/www.torilkremmervik.no\/blogg\/index.php?rest_route=\/wp\/v2\/posts\/10043\/revisions\/10044"}],"wp:attachment":[{"href":"https:\/\/www.torilkremmervik.no\/blogg\/index.php?rest_route=%2Fwp%2Fv2%2Fmedia&parent=10043"}],"wp:term":[{"taxonomy":"category","embeddable":true,"href":"https:\/\/www.torilkremmervik.no\/blogg\/index.php?rest_route=%2Fwp%2Fv2%2Fcategories&post=10043"},{"taxonomy":"post_tag","embeddable":true,"href":"https:\/\/www.torilkremmervik.no\/blogg\/index.php?rest_route=%2Fwp%2Fv2%2Ftags&post=10043"}],"curies":[{"name":"wp","href":"https:\/\/api.w.org\/{rel}","templated":true}]}}