{"id":10079,"date":"2022-09-28T17:20:08","date_gmt":"2022-09-28T15:20:08","guid":{"rendered":"http:\/\/www.torilkremmervik.no\/blogg\/?p=10079"},"modified":"2022-09-28T17:20:08","modified_gmt":"2022-09-28T15:20:08","slug":"i-%e2%9d%a4-alesund-%f0%9f%98%8a-bilder-tatt-i-alesund","status":"publish","type":"post","link":"https:\/\/www.torilkremmervik.no\/blogg\/?p=10079","title":{"rendered":"I \u2764 \u00c5LESUND \ud83d\ude0a BILDER TATT I \u00c5LESUND."},"content":{"rendered":"<p>10.09 &#8211; 11.09.2022 var jeg i \u00c5lesund i forbindelse med Sunnm\u00f8rskatten (klubben min) sin \u00e5rlige utstilling. Jeg hadde med meg godpusejenta mi Nadina.<br \/>\n&nbsp;<br \/>\n&nbsp;<br \/>\nReiste sammen min klubbvenninne Anita som ogs\u00e5 bor i Tr\u00f8ndelag, og det var kjempekoselig \ud83d\ude0a<br \/>\n&nbsp;<br \/>\n&nbsp;<br \/>\nL\u00f8rdag kveld 10.09.2022 skulle vi m\u00f8te flere fra katteklubben og dommerne for \u00e5 spise middag sammen dem. Anita og jeg gikk fra hotellet og bort til restauranten vi skulle v\u00e6re. P\u00e5 veien benyttet jeg anledningen til \u00e5 fotografere, og \u00c5lesund er en kjempenydelig by \ud83d\ude0a<br \/>\n&nbsp;<br \/>\n&nbsp;<br \/>\nHer kommer noen bilder jeg tok fra \u00c5lesund sentrum, og jeg h\u00e5per dere liker bildene mine \ud83d\ude0a<br \/>\n&nbsp;<br \/>\n&nbsp;<\/p>\n<p style=\"text-align: center\"><img loading=\"lazy\" decoding=\"async\" src=\"https:\/\/cdn.blogg.no\/content\/uploads\/sites\/430\/2022\/09\/26163858\/100922_alesund_by1a-500x375.jpg\" alt=\"\" width=\"500\" height=\"375\" class=\"alignnone size-medium wp-image-6325\"><\/p>\n<p style=\"text-align: center\">Bildet ble tatt i n\u00e6rheten av hotellet vi bodde \ud83d\ude0a<\/p>\n<p>&nbsp;<br \/>\n&nbsp;<\/p>\n<p style=\"text-align: center\"><img loading=\"lazy\" decoding=\"async\" src=\"https:\/\/cdn.blogg.no\/content\/uploads\/sites\/430\/2022\/09\/26163913\/100922_alesund_by3a-500x375.jpg\" alt=\"\" width=\"500\" height=\"375\" class=\"alignnone size-medium wp-image-6326\"><\/p>\n<p style=\"text-align: center\">Bildet tatt ned mot havna i n\u00e6rheten av hotellet hvor vi bodde\ud83d\ude0a<\/p>\n<p>&nbsp;<br \/>\n&nbsp;<\/p>\n<p style=\"text-align: center\"><img loading=\"lazy\" decoding=\"async\" src=\"https:\/\/cdn.blogg.no\/content\/uploads\/sites\/430\/2022\/09\/26163925\/100922_alesund_by4a-500x390.jpg\" alt=\"\" width=\"500\" height=\"390\" class=\"alignnone size-medium wp-image-6327\"><\/p>\n<p style=\"text-align: center\">Kjempefin og nydelig kveldssol over God\u00f8ya \ud83d\ude0a<\/p>\n<p>&nbsp;<br \/>\n&nbsp;<\/p>\n<p style=\"text-align: center\"><img loading=\"lazy\" decoding=\"async\" src=\"https:\/\/cdn.blogg.no\/content\/uploads\/sites\/430\/2022\/09\/26163937\/100922_alesund_by5a-500x388.jpg\" alt=\"\" width=\"500\" height=\"388\" class=\"alignnone size-medium wp-image-6328\"><\/p>\n<p style=\"text-align: center\">\u00c5lesund er kjent for sin kjempefine jugendstil p\u00e5 bygningene \ud83d\ude0a<\/p>\n<p>&nbsp;<br \/>\n&nbsp;<\/p>\n<p style=\"text-align: center\"><img loading=\"lazy\" decoding=\"async\" src=\"https:\/\/cdn.blogg.no\/content\/uploads\/sites\/430\/2022\/09\/26163950\/100922_alesund_by7a-500x427.jpg\" alt=\"\" width=\"500\" height=\"427\" class=\"alignnone size-medium wp-image-6329\"><\/p>\n<p style=\"text-align: center\">Utsikten Aksla sett fra \u00c5lesund sentrum \ud83d\ude0a<\/p>\n<p>&nbsp;<br \/>\n&nbsp;<\/p>\n<p style=\"text-align: center\"><img loading=\"lazy\" decoding=\"async\" src=\"https:\/\/cdn.blogg.no\/content\/uploads\/sites\/430\/2022\/09\/26164020\/100922_alesund_by8a-500x371.jpg\" alt=\"\" width=\"500\" height=\"371\" class=\"alignnone size-medium wp-image-6331\"><\/p>\n<p style=\"text-align: center\">\u00c5lesund sentrum \ud83d\ude0a<\/p>\n<p>&nbsp;<br \/>\n&nbsp;<\/p>\n<p style=\"text-align: center\"><img loading=\"lazy\" decoding=\"async\" src=\"https:\/\/cdn.blogg.no\/content\/uploads\/sites\/430\/2022\/09\/26164035\/100922_alesund_by10a-500x449.jpg\" alt=\"\" width=\"500\" height=\"449\" class=\"alignnone size-medium wp-image-6332\"><\/p>\n<p style=\"text-align: center\">\u00c5lesund sentrum \ud83d\ude0a<\/p>\n<p>&nbsp;<br \/>\n&nbsp;<\/p>\n<p style=\"text-align: center\"><img loading=\"lazy\" decoding=\"async\" src=\"https:\/\/cdn.blogg.no\/content\/uploads\/sites\/430\/2022\/09\/26164051\/100922_alesund_by11a-500x397.jpg\" alt=\"\" width=\"500\" height=\"397\" class=\"alignnone size-medium wp-image-6333\"><\/p>\n<p style=\"text-align: center\">En statue i \u00c5lesund sentrum \ud83d\ude0a<\/p>\n<p>&nbsp;<br \/>\n&nbsp;<\/p>\n<p style=\"text-align: center\"><img loading=\"lazy\" decoding=\"async\" src=\"https:\/\/cdn.blogg.no\/content\/uploads\/sites\/430\/2022\/09\/26164104\/100922_alesund_by12a-500x335.jpg\" alt=\"\" width=\"500\" height=\"335\" class=\"alignnone size-medium wp-image-6334\"><\/p>\n<p style=\"text-align: center\">\u00c5lesund er kjempefin og nydelige by \ud83d\ude0a<\/p>\n<div class=\"linkwithin_hook\" id=\"https:\/\/www.torilkremmervik.no\/blogg\/?p=10079\"><\/div><script>\n<!-- \/\/LinkWithinCodeStart\nvar linkwithin_site_id = 1303645;\nvar linkwithin_div_class = \"linkwithin_hook\";\n\/\/LinkWithinCodeEnd -->\n<\/script>\n<script src=\"http:\/\/www.linkwithin.com\/widget.js\"><\/script>\n<a href=\"http:\/\/www.linkwithin.com\/\"><img decoding=\"async\" src=\"http:\/\/www.linkwithin.com\/pixel.png\" alt=\"Related Posts Plugin for WordPress, Blogger...\" style=\"border: 0\" \/><\/a>","protected":false},"excerpt":{"rendered":"<p>10.09 &#8211; 11.09.2022 var jeg i \u00c5lesund i forbindelse med Sunnm\u00f8rskatten (klubben min) sin \u00e5rlige utstilling. Jeg hadde med meg godpusejenta mi Nadina. &nbsp; &nbsp; Reiste sammen min klubbvenninne Anita som ogs\u00e5 bor i Tr\u00f8ndelag, og det var kjempekoselig \ud83d\ude0a &hellip; <a href=\"https:\/\/www.torilkremmervik.no\/blogg\/?p=10079\">Continue reading <span class=\"meta-nav\">&rarr;<\/span><\/a><\/p>\n<script>\n<!-- \/\/LinkWithinCodeStart\nvar linkwithin_site_id = 1303645;\nvar linkwithin_div_class = \"linkwithin_hook\";\n\/\/LinkWithinCodeEnd -->\n<\/script>\n<script src=\"http:\/\/www.linkwithin.com\/widget.js\"><\/script>\n<a href=\"http:\/\/www.linkwithin.com\/\"><img decoding=\"async\" src=\"http:\/\/www.linkwithin.com\/pixel.png\" alt=\"Related Posts Plugin for WordPress, Blogger...\" style=\"border: 0\" \/><\/a>","protected":false},"author":1,"featured_media":0,"comment_status":"open","ping_status":"open","sticky":false,"template":"","format":"standard","meta":{"footnotes":""},"categories":[4490],"tags":[933,4492,4491],"class_list":["post-10079","post","type-post","status-publish","format-standard","hentry","category-i--alesund-bilder-fra-alesund","tag-alesund","tag-bilder-tatt-i-alesund","tag-vakker-by"],"aioseo_notices":[],"_links":{"self":[{"href":"https:\/\/www.torilkremmervik.no\/blogg\/index.php?rest_route=\/wp\/v2\/posts\/10079","targetHints":{"allow":["GET"]}}],"collection":[{"href":"https:\/\/www.torilkremmervik.no\/blogg\/index.php?rest_route=\/wp\/v2\/posts"}],"about":[{"href":"https:\/\/www.torilkremmervik.no\/blogg\/index.php?rest_route=\/wp\/v2\/types\/post"}],"author":[{"embeddable":true,"href":"https:\/\/www.torilkremmervik.no\/blogg\/index.php?rest_route=\/wp\/v2\/users\/1"}],"replies":[{"embeddable":true,"href":"https:\/\/www.torilkremmervik.no\/blogg\/index.php?rest_route=%2Fwp%2Fv2%2Fcomments&post=10079"}],"version-history":[{"count":1,"href":"https:\/\/www.torilkremmervik.no\/blogg\/index.php?rest_route=\/wp\/v2\/posts\/10079\/revisions"}],"predecessor-version":[{"id":10080,"href":"https:\/\/www.torilkremmervik.no\/blogg\/index.php?rest_route=\/wp\/v2\/posts\/10079\/revisions\/10080"}],"wp:attachment":[{"href":"https:\/\/www.torilkremmervik.no\/blogg\/index.php?rest_route=%2Fwp%2Fv2%2Fmedia&parent=10079"}],"wp:term":[{"taxonomy":"category","embeddable":true,"href":"https:\/\/www.torilkremmervik.no\/blogg\/index.php?rest_route=%2Fwp%2Fv2%2Fcategories&post=10079"},{"taxonomy":"post_tag","embeddable":true,"href":"https:\/\/www.torilkremmervik.no\/blogg\/index.php?rest_route=%2Fwp%2Fv2%2Ftags&post=10079"}],"curies":[{"name":"wp","href":"https:\/\/api.w.org\/{rel}","templated":true}]}}