{"id":10270,"date":"2023-06-09T11:46:03","date_gmt":"2023-06-09T09:46:03","guid":{"rendered":"http:\/\/www.torilkremmervik.no\/blogg\/?p=10270"},"modified":"2023-06-09T11:46:04","modified_gmt":"2023-06-09T09:46:04","slug":"bilder-tatt-pa-tur-07-06-2023-og-forste-dag-uten-regn-siden-18-05-%f0%9f%98%8a","status":"publish","type":"post","link":"https:\/\/www.torilkremmervik.no\/blogg\/?p=10270","title":{"rendered":"BILDER TATT P\u00c5 TUR 07.06.2023, OG F\u00d8RSTE DAG UTEN REGN SIDEN 18.05 \ud83d\ude0a"},"content":{"rendered":"<p>I g\u00e5r 07.06.2023 var det endelig oppholdsv\u00e6r. F\u00f8rste dag med oppholdsv\u00e6r siden 18.05.2023! Det sier sitt.<br \/>\n&nbsp;<br \/>\n&nbsp;<br \/>\nJeg var ikke sein om \u00e5 finne frem skoene mine, og komme meg ut for \u00e5 g\u00e5 en tur. M\u00e5tte ogs\u00e5 benytte anledningen til \u00e5 fotografere. De siste ukene n\u00e5r det har v\u00e6rt regn og gr\u00e5tt v\u00e6r har det v\u00e6rt for hustrig til \u00e5 fotografere, og mobilen min t\u00e5ler ikke regn. Da lar jeg v\u00e6re \u00e5 fotografere n\u00e5r det er s\u00e5nt v\u00e6r.<br \/>\n&nbsp;<br \/>\n&nbsp;<br \/>\nDet var kjempeherlig og endelig kunne ta frem mobilen og knipse noen bilder p\u00e5 turen. \u00d8nsker \u00e5 dele dem med dere, og h\u00e5per dere liker bildene mine \ud83d\ude0a<br \/>\n&nbsp;<br \/>\n&nbsp;<\/p>\n<p style=\"text-align: center\"><img loading=\"lazy\" decoding=\"async\" src=\"https:\/\/cdn.blogg.no\/content\/uploads\/sites\/430\/2023\/06\/08192352\/070623_blomster_busk1a-500x392.jpg\" alt=\"\" width=\"500\" height=\"392\" class=\"alignnone size-medium wp-image-7123\"><\/p>\n<p style=\"text-align: center\">Nydelige blomster p\u00e5 busken her \ud83d\ude0d Noen som vet hva denne heter?<\/p>\n<p>&nbsp;<br \/>\n&nbsp;<\/p>\n<p style=\"text-align: center\"><img loading=\"lazy\" decoding=\"async\" src=\"https:\/\/cdn.blogg.no\/content\/uploads\/sites\/430\/2023\/06\/08192425\/070623_syrin2a-500x459.jpg\" alt=\"\" width=\"500\" height=\"459\" class=\"alignnone size-medium wp-image-7124\"><\/p>\n<p style=\"text-align: center\">Disse blomstene dufter alledels nydelig som de ser ut til \ud83d\ude0d<\/p>\n<p>&nbsp;<br \/>\n&nbsp;<\/p>\n<p style=\"text-align: center\"><img loading=\"lazy\" decoding=\"async\" src=\"https:\/\/cdn.blogg.no\/content\/uploads\/sites\/430\/2023\/06\/08192443\/070623_avblomstret_loevetann2a.jpg\" alt=\"\" width=\"400\" height=\"533\" class=\"alignnone size-medium wp-image-7125\"><\/p>\n<p style=\"text-align: center\">Avblomstrede l\u00f8vetenner \ud83d\ude0a<\/p>\n<p>&nbsp;<br \/>\n&nbsp;<\/p>\n<p style=\"text-align: center\"><img loading=\"lazy\" decoding=\"async\" src=\"https:\/\/cdn.blogg.no\/content\/uploads\/sites\/430\/2023\/06\/08192501\/070623_gule_blomster3a.jpg\" alt=\"\" width=\"400\" height=\"533\" class=\"alignnone size-medium wp-image-7126\"><\/p>\n<p style=\"text-align: center\">Synes disse blomstene er fine viltvoksende blomster \ud83d\ude0a Jeg aner ikke hva de heter.<\/p>\n<p>&nbsp;<br \/>\n&nbsp;<\/p>\n<p style=\"text-align: center\"><img loading=\"lazy\" decoding=\"async\" src=\"https:\/\/cdn.blogg.no\/content\/uploads\/sites\/430\/2023\/06\/08192537\/070623_blomster_gren_tre4a-500x375.jpg\" alt=\"\" width=\"500\" height=\"375\" class=\"alignnone size-medium wp-image-7127\"><\/p>\n<p style=\"text-align: center\">Nydelige blomster p\u00e5 dette epletreet \ud83d\ude0d<\/p>\n<p>&nbsp;<br \/>\n&nbsp;<\/p>\n<p style=\"text-align: center\"><img loading=\"lazy\" decoding=\"async\" src=\"https:\/\/cdn.blogg.no\/content\/uploads\/sites\/430\/2023\/06\/08192556\/070623_loevetann3a-500x330.jpg\" alt=\"\" width=\"500\" height=\"330\" class=\"alignnone size-medium wp-image-7128\"><\/p>\n<p style=\"text-align: center\">Gult i gult en eng av l\u00f8vetenner \ud83d\ude0a<\/p>\n<p>&nbsp;<br \/>\n&nbsp;<\/p>\n<p style=\"text-align: center\"><img loading=\"lazy\" decoding=\"async\" src=\"https:\/\/cdn.blogg.no\/content\/uploads\/sites\/430\/2023\/06\/08192619\/070623_make3a.jpg\" alt=\"\" width=\"423\" height=\"408\" class=\"alignnone size-medium wp-image-7129\"><\/p>\n<p style=\"text-align: center\">Denne m\u00e5ken hadde en del p\u00e5 hjertet kan man si \ud83d\ude0a<\/p>\n<p>&nbsp;<br \/>\n&nbsp;<\/p>\n<p style=\"text-align: center\"><img loading=\"lazy\" decoding=\"async\" src=\"https:\/\/cdn.blogg.no\/content\/uploads\/sites\/430\/2023\/06\/08192630\/070623_flagg_unionsopploesning1a.jpg\" alt=\"\" width=\"400\" height=\"533\" class=\"alignnone size-medium wp-image-7130\"><\/p>\n<p style=\"text-align: center\">Flagget var heist siden det var 07.06, og unionsoppl\u00f8sningen \ud83d\ude0a<\/p>\n<p>&nbsp;<br \/>\n&nbsp;<\/p>\n<p style=\"text-align: center\"><img loading=\"lazy\" decoding=\"async\" src=\"https:\/\/cdn.blogg.no\/content\/uploads\/sites\/430\/2023\/06\/08192648\/070623_gule_tulipaner1a-500x375.jpg\" alt=\"\" width=\"500\" height=\"375\" class=\"alignnone size-medium wp-image-7131\"><\/p>\n<p style=\"text-align: center\">Selv elsker jeg gule tulipaner \ud83d\ude0a<\/p>\n<div class=\"linkwithin_hook\" id=\"https:\/\/www.torilkremmervik.no\/blogg\/?p=10270\"><\/div><script>\n<!-- \/\/LinkWithinCodeStart\nvar linkwithin_site_id = 1303645;\nvar linkwithin_div_class = \"linkwithin_hook\";\n\/\/LinkWithinCodeEnd -->\n<\/script>\n<script src=\"http:\/\/www.linkwithin.com\/widget.js\"><\/script>\n<a href=\"http:\/\/www.linkwithin.com\/\"><img decoding=\"async\" src=\"http:\/\/www.linkwithin.com\/pixel.png\" alt=\"Related Posts Plugin for WordPress, Blogger...\" style=\"border: 0\" \/><\/a>","protected":false},"excerpt":{"rendered":"<p>I g\u00e5r 07.06.2023 var det endelig oppholdsv\u00e6r. F\u00f8rste dag med oppholdsv\u00e6r siden 18.05.2023! Det sier sitt. &nbsp; &nbsp; Jeg var ikke sein om \u00e5 finne frem skoene mine, og komme meg ut for \u00e5 g\u00e5 en tur. M\u00e5tte ogs\u00e5 benytte &hellip; <a href=\"https:\/\/www.torilkremmervik.no\/blogg\/?p=10270\">Continue reading <span class=\"meta-nav\">&rarr;<\/span><\/a><\/p>\n<script>\n<!-- \/\/LinkWithinCodeStart\nvar linkwithin_site_id = 1303645;\nvar linkwithin_div_class = \"linkwithin_hook\";\n\/\/LinkWithinCodeEnd -->\n<\/script>\n<script src=\"http:\/\/www.linkwithin.com\/widget.js\"><\/script>\n<a href=\"http:\/\/www.linkwithin.com\/\"><img decoding=\"async\" src=\"http:\/\/www.linkwithin.com\/pixel.png\" alt=\"Related Posts Plugin for WordPress, Blogger...\" style=\"border: 0\" \/><\/a>","protected":false},"author":1,"featured_media":0,"comment_status":"open","ping_status":"open","sticky":false,"template":"","format":"standard","meta":{"footnotes":""},"categories":[4831],"tags":[4834,4833,4832,4835,184],"class_list":["post-10270","post","type-post","status-publish","format-standard","hentry","category-bilder-fra-tur-07-06-2023","tag-bilder-fra-tur","tag-forste-dag-med-oppholdsvaer-siden","tag-gatur-07-06-2023","tag-junibilder-2023","tag-sommer"],"aioseo_notices":[],"_links":{"self":[{"href":"https:\/\/www.torilkremmervik.no\/blogg\/index.php?rest_route=\/wp\/v2\/posts\/10270","targetHints":{"allow":["GET"]}}],"collection":[{"href":"https:\/\/www.torilkremmervik.no\/blogg\/index.php?rest_route=\/wp\/v2\/posts"}],"about":[{"href":"https:\/\/www.torilkremmervik.no\/blogg\/index.php?rest_route=\/wp\/v2\/types\/post"}],"author":[{"embeddable":true,"href":"https:\/\/www.torilkremmervik.no\/blogg\/index.php?rest_route=\/wp\/v2\/users\/1"}],"replies":[{"embeddable":true,"href":"https:\/\/www.torilkremmervik.no\/blogg\/index.php?rest_route=%2Fwp%2Fv2%2Fcomments&post=10270"}],"version-history":[{"count":1,"href":"https:\/\/www.torilkremmervik.no\/blogg\/index.php?rest_route=\/wp\/v2\/posts\/10270\/revisions"}],"predecessor-version":[{"id":10271,"href":"https:\/\/www.torilkremmervik.no\/blogg\/index.php?rest_route=\/wp\/v2\/posts\/10270\/revisions\/10271"}],"wp:attachment":[{"href":"https:\/\/www.torilkremmervik.no\/blogg\/index.php?rest_route=%2Fwp%2Fv2%2Fmedia&parent=10270"}],"wp:term":[{"taxonomy":"category","embeddable":true,"href":"https:\/\/www.torilkremmervik.no\/blogg\/index.php?rest_route=%2Fwp%2Fv2%2Fcategories&post=10270"},{"taxonomy":"post_tag","embeddable":true,"href":"https:\/\/www.torilkremmervik.no\/blogg\/index.php?rest_route=%2Fwp%2Fv2%2Ftags&post=10270"}],"curies":[{"name":"wp","href":"https:\/\/api.w.org\/{rel}","templated":true}]}}