{"id":10274,"date":"2023-06-09T19:22:10","date_gmt":"2023-06-09T17:22:10","guid":{"rendered":"http:\/\/www.torilkremmervik.no\/blogg\/?p=10274"},"modified":"2023-06-09T19:22:12","modified_gmt":"2023-06-09T17:22:12","slug":"du-som-er-uforetrygdet-ikke-vis-at-du-har-det-bra","status":"publish","type":"post","link":"https:\/\/www.torilkremmervik.no\/blogg\/?p=10274","title":{"rendered":"DU SOM ER UF\u00d8RETRYGDET, IKKE VIS AT DU HAR DET BRA!"},"content":{"rendered":"<p style=\"text-align: center\"><img loading=\"lazy\" decoding=\"async\" src=\"https:\/\/cdn.blogg.no\/content\/uploads\/sites\/430\/2023\/02\/17144356\/190620_sol_i_hender4a-500x395.jpg\" alt=\"\" width=\"500\" height=\"395\" class=\"alignnone size-medium wp-image-6793\"><\/p>\n<p style=\"text-align: center\">\n<p>&nbsp;<br \/>\n&nbsp;<br \/>\nVi er mange som av en eller annen \u00e5rsak sliter med en eller annen usynlig sykdom, enten psykisk eller fysisk. Disse usynlige sykdommene kan man ikke se p\u00e5 oss. Mange av oss som sliter med usynlige sykdommer blir ogs\u00e5 uf\u00f8retrygdet.<br \/>\n&nbsp;<br \/>\n&nbsp;<br \/>\nJeg er 100% sikker p\u00e5 at de fleste av oss som blir uf\u00f8retrygdet skulle \u00f8nsket \u00e5 v\u00e6re i jobb, men p.g.a helsa vi mer eller mindre nok med \u00e5 fungere i hverdagen p\u00e5 hver v\u00e5r m\u00e5te.<br \/>\n&nbsp;<br \/>\n&nbsp;<br \/>\nDet er ikke bare \u00e5 knipse med fingrene for \u00e5 f\u00e5 uf\u00f8retrygd. Vi m\u00e5 igjennom m\u00e5neds- og \u00e5resvis med arbeidsavklaring gjennom NAV. Denne arbeidsavklaringen tar tid, og t\u00e6rer p\u00e5 psyken til mange  \u00e5 g\u00e5 igjennom denne prosessen. Mange kronisk syke f\u00e5r avslag fra NAV p\u00e5 sine s\u00f8knader om uf\u00f8retrygd, og de m\u00e5 kjempe runden med nye legeattester til uf\u00f8res\u00f8knadene sine.<br \/>\n&nbsp;<br \/>\n&nbsp;<br \/>\nJeg har stor forst\u00e5else for at det er strengt \u00e5 motta uf\u00f8retrygd, og slik m\u00e5 det v\u00e6re slik at vi som har en form for kronisk psykisk- eller fysisk sykdom kan f\u00e5 det vi har krav p\u00e5.<br \/>\n&nbsp;<br \/>\n&nbsp;<br \/>\nN\u00e5r vi har f\u00e5tt v\u00e5r uf\u00f8retrygd innvilget skulle man tro at alt var greit. I hvert fall for min personlig er det av mannen min, familien min, slekten, de n\u00e6rmeste vennene mine og andre som er uf\u00f8retrygdet jeg m\u00f8ter aksept og forst\u00e5else.<br \/>\n&nbsp;<br \/>\n&nbsp;<br \/>\nDessverre er det slik at noen som selv ikke er uf\u00f8retrygdet har en stereotyp oppfatning av hvordan vi som uf\u00f8retrygdet skal leve livene v\u00e5re. Jeg synes det virker som om de som har en synlig sykdom f\u00e5r mer forst\u00e5else for at de er uf\u00f8retrygdet enn vi som har en skjult kronisk sykdom.<br \/>\n&nbsp;<br \/>\n&nbsp;<br \/>\nDet virker som om de forventer at vi som er uf\u00f8retrygdet p.g.a en usynlig sykdom skal sitte hjemme og ikke ha et liv.<br \/>\n&nbsp;<br \/>\n&nbsp;<br \/>\nDersom vi viser at vi har bra dager f\u00e5r vi fort kommentarer for at vi viser at vi har det bra. Dette kaller jeg for \u00e5 v\u00e6re totalt uvitende! Jeg har selv opplevd at jeg har mottatt kommentarer fra uvitende at n\u00e5r jeg klarer \u00e5 v\u00e6re med \u00e5 synge i 2 kor, delta p\u00e5 konserter eller n\u00e5r de ser at jeg trener og g\u00e5r turer mener de at jeg kan g\u00e5 ut i jobb. Jeg vet flere andre uf\u00f8retrygdete ogs\u00e5 forteller at de har f\u00e5tt liknende kommentarer.<br \/>\n&nbsp;<br \/>\n&nbsp;<br \/>\nPersonlig s\u00e5 preller slike kommentarer av, for det forteller meg at de som har slike holdninger ikke har kunnskap om helse- og kroniske sykdommer.<br \/>\n&nbsp;<br \/>\n&nbsp;<br \/>\nAlle vi som er uf\u00f8retrygdet p.g.a en eller annen kronisk sykdom synlig eller usynlig sykdom er uf\u00f8retrygdet fordi vi ikke har helse til \u00e5 st\u00e5 i en jobb. Det er mer enn nok jobb helsemessig for oss \u00e5 fungere p\u00e5 hjemmebane slik at vi kan ta vare p\u00e5 ektefeller, familie, barn, slekt og venner.<br \/>\n&nbsp;<br \/>\n&nbsp;<br \/>\nVi som sliter med helsemessige utfordringer bruker faktisk mer energi p\u00e5 grunn av smerter, utslitthet o.s.v enn de som er friske til \u00e5 uf\u00f8re v\u00e5re daglige gj\u00f8rem\u00e5l.  Dette f\u00f8rer til at vi m\u00e5 hente oss inn igjen. 2 1\/2 time p\u00e5 kor\u00f8velse en kveld i uken kan ikke sammenliknes med 8,5 timers arbeidsdag 5 dager i uken. Man kan si at vi som er kronisk syke jobber med oss selv 24\/7 p\u00e5 hver v\u00e5r m\u00e5te psykisk eller fysisk.<br \/>\n&nbsp;<br \/>\n&nbsp;<br \/>\nVi som er uf\u00f8retrygdet p\u00e5 grunn av v\u00e5re sykdommer har ogs\u00e5 behov i likhet med de som er arbeidsf\u00f8r behov for \u00e5 ha et sosialt liv. Sosialt fellesskap, glede, latter og en godt liv er noe vi som er uf\u00f8retrygdete har behov for. Vi som er uf\u00f8retrygdete har ikke den daglige kontakten med arbeidskollegaer som de arbeidsf\u00f8re har.<br \/>\n&nbsp;<br \/>\n&nbsp;<br \/>\nDet at vi smiler og viser at vi kan ha det bra er ikke ensbetydende med at vi kan st\u00e5 i en jobb. Hadde vi som har helseutfordringer st\u00e5tt i en jobb hadde mange av oss ikke fungert p\u00e5 hjemmebane. Da hadde vi brukt opp all v\u00e5r energi og overskudd til \u00e5 holde ut en arbeidsdag, og mange hadde mest sannsynlig ikke klart noen ting p\u00e5 fritiden.<br \/>\n&nbsp;<br \/>\n&nbsp;<br \/>\nP\u00e5 mitt siste m\u00f8te med NAV f\u00f8r jeg skulle bli uf\u00f8retrygdet sa min saksbehandler til meg: &#8220;Jeg er ikke redd for at du kommer til \u00e5 sitte i sofaen og synes synd p\u00e5 deg selv, for du har et aktivt liv med mange interesser og dine interesser m\u00e5 du dyrke videre&#8221;.<br \/>\n&nbsp;<br \/>\n&nbsp;<br \/>\nDisse ordene som min saksbehandler p\u00e5 NAV sa til meg, viser at NAV ogs\u00e5 \u00f8nsker at de som blir uf\u00f8retrygdet skal ha et bra liv n\u00e5r man er uf\u00f8retrygdet. Felles for oss uf\u00f8retrygdete er at vi klarer \u00e5 ha en aktiv hverdag ut fra v\u00e5re premisser og forutsetninger. Ingen av v\u00e5re sykdommer er like, og ingen av oss er vi uf\u00f8retrygdete av samme \u00e5rsak.<br \/>\n&nbsp;<br \/>\n&nbsp;<br \/>\nS\u00e5 til dere uvitende som m\u00e5tte ha en oppfatning at vi som er uf\u00f8re er friske nok til \u00e5 jobbe n\u00e5r dere ser at vi smiler, ler, er aktive, forteller at vi har det bra, har hobbyer som vi dyrker eller er sosiale m\u00e5 virkelig sette dere inn i hvordan andre mennesker har det. Da h\u00e5per jeg at dere ikke har en jobb hvor dere jobber med mennesker.<br \/>\n&nbsp;<br \/>\n&nbsp;<\/p>\n<p style=\"text-align: center\"><img loading=\"lazy\" decoding=\"async\" src=\"https:\/\/cdn.blogg.no\/content\/uploads\/sites\/430\/2023\/02\/19154747\/190620_sol_i_hender2a-500x449.jpg\" alt=\"\" width=\"500\" height=\"449\" class=\"alignnone size-medium wp-image-6804\"><\/p>\n<p style=\"text-align: center\">\n<p>&nbsp;<br \/>\n&nbsp;<\/p>\n<div class=\"linkwithin_hook\" id=\"https:\/\/www.torilkremmervik.no\/blogg\/?p=10274\"><\/div><script>\n<!-- \/\/LinkWithinCodeStart\nvar linkwithin_site_id = 1303645;\nvar linkwithin_div_class = \"linkwithin_hook\";\n\/\/LinkWithinCodeEnd -->\n<\/script>\n<script src=\"http:\/\/www.linkwithin.com\/widget.js\"><\/script>\n<a href=\"http:\/\/www.linkwithin.com\/\"><img decoding=\"async\" src=\"http:\/\/www.linkwithin.com\/pixel.png\" alt=\"Related Posts Plugin for WordPress, Blogger...\" style=\"border: 0\" \/><\/a>","protected":false},"excerpt":{"rendered":"<p>&nbsp; &nbsp; Vi er mange som av en eller annen \u00e5rsak sliter med en eller annen usynlig sykdom, enten psykisk eller fysisk. Disse usynlige sykdommene kan man ikke se p\u00e5 oss. Mange av oss som sliter med usynlige sykdommer blir &hellip; <a href=\"https:\/\/www.torilkremmervik.no\/blogg\/?p=10274\">Continue reading <span class=\"meta-nav\">&rarr;<\/span><\/a><\/p>\n<script>\n<!-- \/\/LinkWithinCodeStart\nvar linkwithin_site_id = 1303645;\nvar linkwithin_div_class = \"linkwithin_hook\";\n\/\/LinkWithinCodeEnd -->\n<\/script>\n<script src=\"http:\/\/www.linkwithin.com\/widget.js\"><\/script>\n<a href=\"http:\/\/www.linkwithin.com\/\"><img decoding=\"async\" src=\"http:\/\/www.linkwithin.com\/pixel.png\" alt=\"Related Posts Plugin for WordPress, Blogger...\" style=\"border: 0\" \/><\/a>","protected":false},"author":1,"featured_media":0,"comment_status":"open","ping_status":"open","sticky":false,"template":"","format":"standard","meta":{"footnotes":""},"categories":[4836],"tags":[4840,4838,4839,4837],"class_list":["post-10274","post","type-post","status-publish","format-standard","hentry","category-nar-uforetrygdete-far-kritikk-for-a-vise-at-man-har-det-bra","tag-kritikk-av-uforetrygdete","tag-ufore-som-viser-at-de-har-det-bra","tag-uforetrygdete-far-kritikk-nar-de-viser-at-de-har-det-bra","tag-uvitende"],"aioseo_notices":[],"_links":{"self":[{"href":"https:\/\/www.torilkremmervik.no\/blogg\/index.php?rest_route=\/wp\/v2\/posts\/10274","targetHints":{"allow":["GET"]}}],"collection":[{"href":"https:\/\/www.torilkremmervik.no\/blogg\/index.php?rest_route=\/wp\/v2\/posts"}],"about":[{"href":"https:\/\/www.torilkremmervik.no\/blogg\/index.php?rest_route=\/wp\/v2\/types\/post"}],"author":[{"embeddable":true,"href":"https:\/\/www.torilkremmervik.no\/blogg\/index.php?rest_route=\/wp\/v2\/users\/1"}],"replies":[{"embeddable":true,"href":"https:\/\/www.torilkremmervik.no\/blogg\/index.php?rest_route=%2Fwp%2Fv2%2Fcomments&post=10274"}],"version-history":[{"count":1,"href":"https:\/\/www.torilkremmervik.no\/blogg\/index.php?rest_route=\/wp\/v2\/posts\/10274\/revisions"}],"predecessor-version":[{"id":10275,"href":"https:\/\/www.torilkremmervik.no\/blogg\/index.php?rest_route=\/wp\/v2\/posts\/10274\/revisions\/10275"}],"wp:attachment":[{"href":"https:\/\/www.torilkremmervik.no\/blogg\/index.php?rest_route=%2Fwp%2Fv2%2Fmedia&parent=10274"}],"wp:term":[{"taxonomy":"category","embeddable":true,"href":"https:\/\/www.torilkremmervik.no\/blogg\/index.php?rest_route=%2Fwp%2Fv2%2Fcategories&post=10274"},{"taxonomy":"post_tag","embeddable":true,"href":"https:\/\/www.torilkremmervik.no\/blogg\/index.php?rest_route=%2Fwp%2Fv2%2Ftags&post=10274"}],"curies":[{"name":"wp","href":"https:\/\/api.w.org\/{rel}","templated":true}]}}