{"id":10643,"date":"2023-08-28T21:41:20","date_gmt":"2023-08-28T19:41:20","guid":{"rendered":"http:\/\/www.torilkremmervik.no\/blogg\/?p=10643"},"modified":"2023-08-28T21:41:21","modified_gmt":"2023-08-28T19:41:21","slug":"mandagskveld-augustkveld-med-starinlys-tv-og-handarbeid-%f0%9f%98%8a","status":"publish","type":"post","link":"https:\/\/www.torilkremmervik.no\/blogg\/?p=10643","title":{"rendered":"MANDAGSKVELD, AUGUSTKVELD MED STARINLYS, TV OG H\u00c5NDARBEID \ud83d\ude0a"},"content":{"rendered":"<p>Mandag har blitt til kveld, og p\u00e5 NRK 1 st\u00e5r det valgkampsending p\u00e5 med Jonas Gahr St\u00f8re og Erna Solberg som debatterer. I dag fra Troms\u00f8. Selv vet jeg hva jeg skal stemme. Jeg har st\u00e5tt fast med mitt valg i mange \u00e5r. Faktisk siden jeg begynte \u00e5 interessere meg for politikk.<br \/>\n&nbsp;<br \/>\n&nbsp;<br \/>\nDebatten i kveld synes jeg var en av de bedre \ud83d\ude0a<br \/>\n&nbsp;<br \/>\n&nbsp;<br \/>\nN\u00e5r det gjelder kommunevalg tror jeg at i mange kommuner stemmer man mer p\u00e5 enkeltpersoner enn ved Stortingsvalg hvor det er snakk om en ny regjering. Det husker jeg godt fra da H\u00f8yres Marvin Wiseth satt som ordf\u00f8rer i Trondheim. Husker det var mange som sa de stemte p\u00e5 Marvin Wiseth fordi de likte hans personlighet. Det synes jeg blir fullstendig feil.<br \/>\n&nbsp;<br \/>\n&nbsp;<br \/>\nElvis og Hera holder p\u00e5 med en kattegodisleke som de fikk. Det g\u00e5r ut p\u00e5 at vi skal legge en godisbit og skjule godisbiten. Kattene skal da pr\u00f8ve \u00e5 \u00e5pne den plassen hvor godisbiten ligger.<br \/>\n&nbsp;<br \/>\n&nbsp;<br \/>\nSer at kattene m\u00e5 jobbe litt f\u00f8r de f\u00e5r spist godbiten. Elvis er den som f\u00f8rst finner godbitene, og det er ikke rart som det matvraket han er \ud83d\ude02\ud83e\udd23<br \/>\n&nbsp;<br \/>\n&nbsp;<br \/>\nDet er en rolig og stille augustkveld, og p\u00e5 bordet har jeg tent stearinlys. N\u00e5 som det har blitt m\u00f8rke kvelder er det s\u00e5 koselig \u00e5 tenne talglys og kose seg med h\u00e5ndarbeid \ud83d\ude0a Det er avslapping det ja.<br \/>\n&nbsp;<br \/>\n&nbsp;<br \/>\n\u00d8nsker \u00e5 avslutte dette blogginnlegget med \u00e5 vise dere noen bilder jeg har tatt i august, og h\u00e5per dere liker bildene mine \ud83d\ude0a \u00d8nsker alle mine kj\u00e6re bloggvenner en kjempefin kveld, og en riktig god natt \ud83e\udd70<br \/>\n&nbsp;<br \/>\n&nbsp;<\/p>\n<p style=\"text-align: center\"><img loading=\"lazy\" decoding=\"async\" src=\"https:\/\/cdn.blogg.no\/content\/uploads\/sites\/430\/2023\/08\/28192505\/080919_soendagstur7a-500x375.jpg\" alt=\"\" width=\"500\" height=\"375\" class=\"alignnone size-medium wp-image-8794\"><\/p>\n<p style=\"text-align: center\">Sol og fint v\u00e6r p\u00e5 en tur jeg gikk f\u00f8r helgen, og jeg elsker n\u00e5r v\u00e6ret er slik i august \ud83d\ude0a<\/p>\n<p>&nbsp;<br \/>\n&nbsp;<\/p>\n<p style=\"text-align: center\"><img loading=\"lazy\" decoding=\"async\" src=\"https:\/\/cdn.blogg.no\/content\/uploads\/sites\/430\/2023\/08\/28192519\/080919_soendagstur9a-500x484.jpg\" alt=\"\" width=\"500\" height=\"484\" class=\"alignnone size-medium wp-image-8795\"><\/p>\n<p style=\"text-align: center\">Blomstene begynner \u00e5 avblomstre n\u00e5 ja. Synes disse avblomstrede blomstene er s\u00e5 fine n\u00e5r de ser ut som de er fylt med spindelvev \ud83d\ude0a<\/p>\n<p>&nbsp;<br \/>\n&nbsp;<\/p>\n<p style=\"text-align: center\"><img loading=\"lazy\" decoding=\"async\" src=\"https:\/\/cdn.blogg.no\/content\/uploads\/sites\/430\/2023\/08\/28192743\/020920_tur_kveldssol1a-500x380.jpg\" alt=\"\" width=\"500\" height=\"380\" class=\"alignnone size-medium wp-image-8801\"><\/p>\n<p style=\"text-align: center\">Kjempenydelig kveldssol i august \ud83d\ude0a<\/p>\n<p>&nbsp;<br \/>\n&nbsp;<\/p>\n<p style=\"text-align: center\"><img loading=\"lazy\" decoding=\"async\" src=\"https:\/\/cdn.blogg.no\/content\/uploads\/sites\/430\/2023\/08\/28192845\/050920_gule_blomster3a-500x483.jpg\" alt=\"\" width=\"500\" height=\"483\" class=\"alignnone size-medium wp-image-8806\"><\/p>\n<p style=\"text-align: center\">Disse gule blomstene blomstrer enda \ud83d\ude0a<\/p>\n<div class=\"linkwithin_hook\" id=\"https:\/\/www.torilkremmervik.no\/blogg\/?p=10643\"><\/div><script>\n<!-- \/\/LinkWithinCodeStart\nvar linkwithin_site_id = 1303645;\nvar linkwithin_div_class = \"linkwithin_hook\";\n\/\/LinkWithinCodeEnd -->\n<\/script>\n<script src=\"http:\/\/www.linkwithin.com\/widget.js\"><\/script>\n<a href=\"http:\/\/www.linkwithin.com\/\"><img decoding=\"async\" src=\"http:\/\/www.linkwithin.com\/pixel.png\" alt=\"Related Posts Plugin for WordPress, Blogger...\" style=\"border: 0\" \/><\/a>","protected":false},"excerpt":{"rendered":"<p>Mandag har blitt til kveld, og p\u00e5 NRK 1 st\u00e5r det valgkampsending p\u00e5 med Jonas Gahr St\u00f8re og Erna Solberg som debatterer. I dag fra Troms\u00f8. Selv vet jeg hva jeg skal stemme. Jeg har st\u00e5tt fast med mitt valg &hellip; <a href=\"https:\/\/www.torilkremmervik.no\/blogg\/?p=10643\">Continue reading <span class=\"meta-nav\">&rarr;<\/span><\/a><\/p>\n<script>\n<!-- \/\/LinkWithinCodeStart\nvar linkwithin_site_id = 1303645;\nvar linkwithin_div_class = \"linkwithin_hook\";\n\/\/LinkWithinCodeEnd -->\n<\/script>\n<script src=\"http:\/\/www.linkwithin.com\/widget.js\"><\/script>\n<a href=\"http:\/\/www.linkwithin.com\/\"><img decoding=\"async\" src=\"http:\/\/www.linkwithin.com\/pixel.png\" alt=\"Related Posts Plugin for WordPress, Blogger...\" style=\"border: 0\" \/><\/a>","protected":false},"author":1,"featured_media":0,"comment_status":"open","ping_status":"open","sticky":false,"template":"","format":"standard","meta":{"footnotes":""},"categories":[5451],"tags":[2882,5452,5454,5453],"class_list":["post-10643","post","type-post","status-publish","format-standard","hentry","category-mandagskveld-med-levende-lys-og-handarbeid","tag-augustkveld","tag-kos-med-levende-lys-og-handarbeid","tag-rolig-kveld","tag-valgkampsending-pa-tv"],"aioseo_notices":[],"_links":{"self":[{"href":"https:\/\/www.torilkremmervik.no\/blogg\/index.php?rest_route=\/wp\/v2\/posts\/10643","targetHints":{"allow":["GET"]}}],"collection":[{"href":"https:\/\/www.torilkremmervik.no\/blogg\/index.php?rest_route=\/wp\/v2\/posts"}],"about":[{"href":"https:\/\/www.torilkremmervik.no\/blogg\/index.php?rest_route=\/wp\/v2\/types\/post"}],"author":[{"embeddable":true,"href":"https:\/\/www.torilkremmervik.no\/blogg\/index.php?rest_route=\/wp\/v2\/users\/1"}],"replies":[{"embeddable":true,"href":"https:\/\/www.torilkremmervik.no\/blogg\/index.php?rest_route=%2Fwp%2Fv2%2Fcomments&post=10643"}],"version-history":[{"count":1,"href":"https:\/\/www.torilkremmervik.no\/blogg\/index.php?rest_route=\/wp\/v2\/posts\/10643\/revisions"}],"predecessor-version":[{"id":10644,"href":"https:\/\/www.torilkremmervik.no\/blogg\/index.php?rest_route=\/wp\/v2\/posts\/10643\/revisions\/10644"}],"wp:attachment":[{"href":"https:\/\/www.torilkremmervik.no\/blogg\/index.php?rest_route=%2Fwp%2Fv2%2Fmedia&parent=10643"}],"wp:term":[{"taxonomy":"category","embeddable":true,"href":"https:\/\/www.torilkremmervik.no\/blogg\/index.php?rest_route=%2Fwp%2Fv2%2Fcategories&post=10643"},{"taxonomy":"post_tag","embeddable":true,"href":"https:\/\/www.torilkremmervik.no\/blogg\/index.php?rest_route=%2Fwp%2Fv2%2Ftags&post=10643"}],"curies":[{"name":"wp","href":"https:\/\/api.w.org\/{rel}","templated":true}]}}