{"id":10748,"date":"2023-09-18T17:35:14","date_gmt":"2023-09-18T15:35:14","guid":{"rendered":"http:\/\/www.torilkremmervik.no\/blogg\/?p=10748"},"modified":"2023-09-18T17:35:15","modified_gmt":"2023-09-18T15:35:15","slug":"kveldens-bilder-med-kattungebilder-av-godpusegutten-min-elvis-%f0%9f%a5%b0","status":"publish","type":"post","link":"https:\/\/www.torilkremmervik.no\/blogg\/?p=10748","title":{"rendered":"KVELDENS BILDE(R) MED KATTUNGEBILDER AV GODPUSEGUTTEN MIN ELVIS \ud83e\udd70"},"content":{"rendered":"<p>Kveldens bilde(r) er av godpusegutten min Elvis. Bildene ble tatt av han da han bodde hos sin oppdretter i Sverige (Ume\u00e5).<br \/>\n&nbsp;<br \/>\n&nbsp;<br \/>\nElvis og kullbror Elton ble f\u00f8dt 22.02.2015. Hans stamnavn er S*Skimmerdal&#8217;s Elvis. S st\u00e5r for Sverige.<br \/>\n&nbsp;<br \/>\n&nbsp;<br \/>\nElvis er i fargen r\u00f8d, eller sorrel som vi kaller det p\u00e5 abyssinere. Det er en slags viltfarget uten de svarte h\u00e5rene.<br \/>\n&nbsp;<br \/>\n&nbsp;<br \/>\nDet som er moro er at bak i stamtavlen til Elvis finner man min aller f\u00f8rste abyssinerhannkatt (Aros) som ble f\u00f8dt under mitt abyssineroppdrett 15.08.2006<br \/>\n&nbsp;<br \/>\n&nbsp;<br \/>\nH\u00e5per dere liker bildene mine av godpusegutten min Elvis \ud83d\ude0a<br \/>\n&nbsp;<br \/>\n&nbsp;<\/p>\n<p style=\"text-align: center\"><img loading=\"lazy\" decoding=\"async\" src=\"https:\/\/cdn.blogg.no\/content\/uploads\/sites\/430\/2023\/09\/14180440\/elvis_fire_uker1-500x333.jpg\" alt=\"\" width=\"500\" height=\"333\" class=\"alignnone size-medium wp-image-9149\"><\/p>\n<p style=\"text-align: center\">Godpusegutten min Elvis fire uker gammel \ud83d\udc99\ud83d\ude0a<\/p>\n<p>&nbsp;<br \/>\n&nbsp;<\/p>\n<p style=\"text-align: center\"><img loading=\"lazy\" decoding=\"async\" src=\"https:\/\/cdn.blogg.no\/content\/uploads\/sites\/430\/2023\/09\/14180445\/elvis_fire_uker2-500x333.jpg\" alt=\"\" width=\"500\" height=\"333\" class=\"alignnone size-medium wp-image-9150\"><\/p>\n<p style=\"text-align: center\">Godpusegutten min Elvis 4 uker gammel, og nettopp l\u00e6rt seg \u00e5 bruke kattetoalettet \ud83d\udc99\ud83d\ude0a<\/p>\n<p>&nbsp;<br \/>\n&nbsp;<\/p>\n<p style=\"text-align: center\"><img loading=\"lazy\" decoding=\"async\" src=\"https:\/\/cdn.blogg.no\/content\/uploads\/sites\/430\/2023\/09\/14180457\/elvis_8_uker1-500x333.jpg\" alt=\"\" width=\"500\" height=\"333\" class=\"alignnone size-medium wp-image-9151\"><\/p>\n<p style=\"text-align: center\">Godpusegutten min Elvis 8 uker gammel \ud83d\udc99\ud83d\ude0a<\/p>\n<p>&nbsp;<br \/>\n&nbsp;<\/p>\n<p style=\"text-align: center\"><img loading=\"lazy\" decoding=\"async\" src=\"https:\/\/cdn.blogg.no\/content\/uploads\/sites\/430\/2023\/09\/14180508\/elton_elvis_8_uker1-500x333.jpg\" alt=\"\" width=\"500\" height=\"333\" class=\"alignnone size-medium wp-image-9152\"><\/p>\n<p style=\"text-align: center\">Elton og Elvis i klatrestativet 8 uker gamle \ud83d\udc99\ud83d\ude0a<\/p>\n<p>&nbsp;<br \/>\n&nbsp;<\/p>\n<p style=\"text-align: center\"><img loading=\"lazy\" decoding=\"async\" src=\"https:\/\/cdn.blogg.no\/content\/uploads\/sites\/430\/2023\/09\/14180517\/elvis_elton_9_uker1-500x333.jpg\" alt=\"\" width=\"500\" height=\"333\" class=\"alignnone size-medium wp-image-9153\"><\/p>\n<p style=\"text-align: center\">Elvis og kullbror Elton \ud83d\udc99\ud83d\udc99\ud83d\ude0a<\/p>\n<div class=\"linkwithin_hook\" id=\"https:\/\/www.torilkremmervik.no\/blogg\/?p=10748\"><\/div><script>\n<!-- \/\/LinkWithinCodeStart\nvar linkwithin_site_id = 1303645;\nvar linkwithin_div_class = \"linkwithin_hook\";\n\/\/LinkWithinCodeEnd -->\n<\/script>\n<script src=\"http:\/\/www.linkwithin.com\/widget.js\"><\/script>\n<a href=\"http:\/\/www.linkwithin.com\/\"><img decoding=\"async\" src=\"http:\/\/www.linkwithin.com\/pixel.png\" alt=\"Related Posts Plugin for WordPress, Blogger...\" style=\"border: 0\" \/><\/a>","protected":false},"excerpt":{"rendered":"<p>Kveldens bilde(r) er av godpusegutten min Elvis. Bildene ble tatt av han da han bodde hos sin oppdretter i Sverige (Ume\u00e5). &nbsp; &nbsp; Elvis og kullbror Elton ble f\u00f8dt 22.02.2015. Hans stamnavn er S*Skimmerdal&#8217;s Elvis. S st\u00e5r for Sverige. &nbsp; &hellip; <a href=\"https:\/\/www.torilkremmervik.no\/blogg\/?p=10748\">Continue reading <span class=\"meta-nav\">&rarr;<\/span><\/a><\/p>\n<script>\n<!-- \/\/LinkWithinCodeStart\nvar linkwithin_site_id = 1303645;\nvar linkwithin_div_class = \"linkwithin_hook\";\n\/\/LinkWithinCodeEnd -->\n<\/script>\n<script src=\"http:\/\/www.linkwithin.com\/widget.js\"><\/script>\n<a href=\"http:\/\/www.linkwithin.com\/\"><img decoding=\"async\" src=\"http:\/\/www.linkwithin.com\/pixel.png\" alt=\"Related Posts Plugin for WordPress, Blogger...\" style=\"border: 0\" \/><\/a>","protected":false},"author":1,"featured_media":0,"comment_status":"open","ping_status":"open","sticky":false,"template":"","format":"standard","meta":{"footnotes":""},"categories":[5661],"tags":[5662,4628,5663,5582],"class_list":["post-10748","post","type-post","status-publish","format-standard","hentry","category-kveldens-bilder-av-elvis-som-kattunge","tag-bilder-av-elvis-som-kattunge","tag-bilder-av-sskimmerdals-elvis","tag-kattungebilder-av-elvis","tag-kveldens-bilder"],"aioseo_notices":[],"_links":{"self":[{"href":"https:\/\/www.torilkremmervik.no\/blogg\/index.php?rest_route=\/wp\/v2\/posts\/10748","targetHints":{"allow":["GET"]}}],"collection":[{"href":"https:\/\/www.torilkremmervik.no\/blogg\/index.php?rest_route=\/wp\/v2\/posts"}],"about":[{"href":"https:\/\/www.torilkremmervik.no\/blogg\/index.php?rest_route=\/wp\/v2\/types\/post"}],"author":[{"embeddable":true,"href":"https:\/\/www.torilkremmervik.no\/blogg\/index.php?rest_route=\/wp\/v2\/users\/1"}],"replies":[{"embeddable":true,"href":"https:\/\/www.torilkremmervik.no\/blogg\/index.php?rest_route=%2Fwp%2Fv2%2Fcomments&post=10748"}],"version-history":[{"count":1,"href":"https:\/\/www.torilkremmervik.no\/blogg\/index.php?rest_route=\/wp\/v2\/posts\/10748\/revisions"}],"predecessor-version":[{"id":10749,"href":"https:\/\/www.torilkremmervik.no\/blogg\/index.php?rest_route=\/wp\/v2\/posts\/10748\/revisions\/10749"}],"wp:attachment":[{"href":"https:\/\/www.torilkremmervik.no\/blogg\/index.php?rest_route=%2Fwp%2Fv2%2Fmedia&parent=10748"}],"wp:term":[{"taxonomy":"category","embeddable":true,"href":"https:\/\/www.torilkremmervik.no\/blogg\/index.php?rest_route=%2Fwp%2Fv2%2Fcategories&post=10748"},{"taxonomy":"post_tag","embeddable":true,"href":"https:\/\/www.torilkremmervik.no\/blogg\/index.php?rest_route=%2Fwp%2Fv2%2Ftags&post=10748"}],"curies":[{"name":"wp","href":"https:\/\/api.w.org\/{rel}","templated":true}]}}