{"id":10754,"date":"2023-09-18T17:54:53","date_gmt":"2023-09-18T15:54:53","guid":{"rendered":"http:\/\/www.torilkremmervik.no\/blogg\/?p=10754"},"modified":"2023-09-18T17:58:35","modified_gmt":"2023-09-18T15:58:35","slug":"__trashed-3","status":"publish","type":"post","link":"https:\/\/www.torilkremmervik.no\/blogg\/?p=10754","title":{"rendered":"DIKTET SEPTEMBERH\u00d8STDAG \ud83d\ude0a"},"content":{"rendered":"<p style=\"text-align: center\"><img loading=\"lazy\" decoding=\"async\" src=\"https:\/\/cdn.blogg.no\/content\/uploads\/sites\/430\/2023\/09\/14193612\/220921_roedt_hoestblad1a-500x418.jpg\" alt=\"\" width=\"500\" height=\"418\" class=\"alignnone size-medium wp-image-9171\">Vakker h\u00f8stfarge p\u00e5 dette bladet \ud83d\ude0a<\/p>\n<p>&nbsp;<br \/>\n&nbsp;<br \/>\nI dag har jeg lyst til \u00e5 dele et dikt som jeg har skrevet men jeg var p\u00e5 hytta. P\u00e5 hytta s\u00e5 f\u00e5r jeg inspirasjon over meg til \u00e5 skrive dikt. Jeg har alltid likt \u00e5 skrive dikt, men jeg m\u00e5 hente frem inspirasjonen slik at diktet kommer innenfra. Den f\u00f8lelsen f\u00e5r jeg n\u00e5r jeg er p\u00e5 hytta.<br \/>\n&nbsp;<br \/>\n&nbsp;<br \/>\nH\u00e5per dere liker diktet mitt \ud83d\ude0a<br \/>\n&nbsp;<br \/>\n&nbsp;<\/p>\n<p style=\"text-align: center\">SEPTEMBERH\u00d8STDAG \ud83e\udd70<br \/>\n&nbsp;<br \/>\nSeptember har kommet med sin prakt.<br \/>\n&nbsp;<br \/>\nNaturen blir kledd i h\u00f8stens drakt.<br \/>\n&nbsp;<br \/>\nFargerike blader p\u00e5 busker og tr\u00e6r.<br \/>\n&nbsp;<br \/>\nViser oss at h\u00f8sten igjen er her.<br \/>\n&nbsp;<br \/>\nBlader gule, brune og r\u00f8de.<br \/>\n&nbsp;<br \/>\nNaturen gir oss h\u00f8stens gr\u00f8de.<br \/>\n&nbsp;<br \/>\nH\u00f8stens gir oss gr\u00f8nnsaker, frukt og b\u00e6r.<br \/>\n&nbsp;<br \/>\nVi gleder oss n\u00e5r vi ser r\u00f8de rogn p\u00e5 tr\u00e6r.<br \/>\n&nbsp;<br \/>\nSolfylt dag med naturens farger i mot oss skinner.<br \/>\n&nbsp;<br \/>\nH\u00f8stfarger vakre gir fargerike minner.<br \/>\n&nbsp;<br \/>\nVi nyter h\u00f8sten s\u00e5 fin og vakker.<br \/>\n&nbsp;<br \/>\nSelv om vi vet det mot vinter lakker.<\/p>\n<p>&nbsp;<br \/>\n&nbsp;<\/p>\n<p style=\"text-align: center\"><img loading=\"lazy\" decoding=\"async\" src=\"https:\/\/cdn.blogg.no\/content\/uploads\/sites\/430\/2023\/09\/13124310\/250919_roede_blader_tre1a-500x375.jpg\" alt=\"\" width=\"500\" height=\"375\" class=\"alignnone size-medium wp-image-9114\"><\/p>\n<p style=\"text-align: center\">Vakre r\u00f8de h\u00f8stfarger p\u00e5 bladene p\u00e5 dette treet \ud83d\ude0a<\/p>\n<div class=\"linkwithin_hook\" id=\"https:\/\/www.torilkremmervik.no\/blogg\/?p=10754\"><\/div><script>\n<!-- \/\/LinkWithinCodeStart\nvar linkwithin_site_id = 1303645;\nvar linkwithin_div_class = \"linkwithin_hook\";\n\/\/LinkWithinCodeEnd -->\n<\/script>\n<script src=\"http:\/\/www.linkwithin.com\/widget.js\"><\/script>\n<a href=\"http:\/\/www.linkwithin.com\/\"><img decoding=\"async\" src=\"http:\/\/www.linkwithin.com\/pixel.png\" alt=\"Related Posts Plugin for WordPress, Blogger...\" style=\"border: 0\" \/><\/a>","protected":false},"excerpt":{"rendered":"<p>Vakker h\u00f8stfarge p\u00e5 dette bladet \ud83d\ude0a &nbsp; &nbsp; I dag har jeg lyst til \u00e5 dele et dikt som jeg har skrevet men jeg var p\u00e5 hytta. P\u00e5 hytta s\u00e5 f\u00e5r jeg inspirasjon over meg til \u00e5 skrive dikt. Jeg &hellip; <a href=\"https:\/\/www.torilkremmervik.no\/blogg\/?p=10754\">Continue reading <span class=\"meta-nav\">&rarr;<\/span><\/a><\/p>\n<script>\n<!-- \/\/LinkWithinCodeStart\nvar linkwithin_site_id = 1303645;\nvar linkwithin_div_class = \"linkwithin_hook\";\n\/\/LinkWithinCodeEnd -->\n<\/script>\n<script src=\"http:\/\/www.linkwithin.com\/widget.js\"><\/script>\n<a href=\"http:\/\/www.linkwithin.com\/\"><img decoding=\"async\" src=\"http:\/\/www.linkwithin.com\/pixel.png\" alt=\"Related Posts Plugin for WordPress, Blogger...\" style=\"border: 0\" \/><\/a>","protected":false},"author":1,"featured_media":0,"comment_status":"open","ping_status":"open","sticky":false,"template":"","format":"standard","meta":{"footnotes":""},"categories":[5673],"tags":[3361,5675,5674,1231,1230,2741],"class_list":["post-10754","post","type-post","status-publish","format-standard","hentry","category-diktet-septemberhostdag","tag-bilder-tatt-september","tag-dikt-om-hosten","tag-diktet-septemberhostdag","tag-host","tag-hostbilder","tag-selvskrevet-dikt"],"aioseo_notices":[],"_links":{"self":[{"href":"https:\/\/www.torilkremmervik.no\/blogg\/index.php?rest_route=\/wp\/v2\/posts\/10754","targetHints":{"allow":["GET"]}}],"collection":[{"href":"https:\/\/www.torilkremmervik.no\/blogg\/index.php?rest_route=\/wp\/v2\/posts"}],"about":[{"href":"https:\/\/www.torilkremmervik.no\/blogg\/index.php?rest_route=\/wp\/v2\/types\/post"}],"author":[{"embeddable":true,"href":"https:\/\/www.torilkremmervik.no\/blogg\/index.php?rest_route=\/wp\/v2\/users\/1"}],"replies":[{"embeddable":true,"href":"https:\/\/www.torilkremmervik.no\/blogg\/index.php?rest_route=%2Fwp%2Fv2%2Fcomments&post=10754"}],"version-history":[{"count":1,"href":"https:\/\/www.torilkremmervik.no\/blogg\/index.php?rest_route=\/wp\/v2\/posts\/10754\/revisions"}],"predecessor-version":[{"id":10755,"href":"https:\/\/www.torilkremmervik.no\/blogg\/index.php?rest_route=\/wp\/v2\/posts\/10754\/revisions\/10755"}],"wp:attachment":[{"href":"https:\/\/www.torilkremmervik.no\/blogg\/index.php?rest_route=%2Fwp%2Fv2%2Fmedia&parent=10754"}],"wp:term":[{"taxonomy":"category","embeddable":true,"href":"https:\/\/www.torilkremmervik.no\/blogg\/index.php?rest_route=%2Fwp%2Fv2%2Fcategories&post=10754"},{"taxonomy":"post_tag","embeddable":true,"href":"https:\/\/www.torilkremmervik.no\/blogg\/index.php?rest_route=%2Fwp%2Fv2%2Ftags&post=10754"}],"curies":[{"name":"wp","href":"https:\/\/api.w.org\/{rel}","templated":true}]}}