{"id":10757,"date":"2023-09-19T09:53:37","date_gmt":"2023-09-19T07:53:37","guid":{"rendered":"http:\/\/www.torilkremmervik.no\/blogg\/?p=10757"},"modified":"2023-09-19T09:53:38","modified_gmt":"2023-09-19T07:53:38","slug":"kveldens-bilder-himmel-og-sol-sett-gjennom-grener-blader-og-traer-%f0%9f%98%8a","status":"publish","type":"post","link":"https:\/\/www.torilkremmervik.no\/blogg\/?p=10757","title":{"rendered":"&#8220;KVELDENS BILDER&#8221; &#8211; HIMMEL OG SOL SETT GJENNOM GRENER, BLADER OG TR\u00c6R \ud83d\ude0a"},"content":{"rendered":"<p>S\u00e5 er vi kommet til &#8220;Kveldens bilde(r)&#8221;. I kveld \u00f8nsker jeg \u00e5 vise dere bilder som jeg har tatt av himmel sett gjennom grener og blader p\u00e5 tr\u00e6r. H\u00e5per dere liker bildene mine \ud83d\ude0a<br \/>\n&nbsp;<br \/>\n&nbsp;<\/p>\n<p style=\"text-align: center\"><img loading=\"lazy\" decoding=\"async\" src=\"https:\/\/cdn.blogg.no\/content\/uploads\/sites\/430\/2023\/09\/14194130\/250922_hoestfargede_blader_traer1a-500x375.jpg\" alt=\"\" width=\"500\" height=\"375\" class=\"alignnone size-medium wp-image-9186\"><\/p>\n<p style=\"text-align: center\">Himmelen sett gjennom grenene p\u00e5 disse tr\u00e6rne \ud83d\ude0a<\/p>\n<p>&nbsp;<br \/>\n&nbsp;<\/p>\n<p style=\"text-align: center\"><img loading=\"lazy\" decoding=\"async\" src=\"https:\/\/cdn.blogg.no\/content\/uploads\/sites\/430\/2023\/09\/14193830\/130922_hoestfarger_traer3a.jpg\" alt=\"\" width=\"400\" height=\"472\" class=\"alignnone size-medium wp-image-9179\"><\/p>\n<p style=\"text-align: center\">Himmelen sett over dette h\u00f8stfargede treet \ud83d\ude0a<\/p>\n<p>&nbsp;<br \/>\n&nbsp;<\/p>\n<p style=\"text-align: center\"><img loading=\"lazy\" decoding=\"async\" src=\"https:\/\/cdn.blogg.no\/content\/uploads\/sites\/430\/2023\/08\/31193354\/120921_sol_gjennom_traer1a.jpg\" alt=\"\" width=\"400\" height=\"417\" class=\"alignnone size-medium wp-image-8859\"><\/p>\n<p style=\"text-align: center\">Himmel og solen sett gjennom disse tr\u00e6rne \ud83d\ude0a<\/p>\n<p>&nbsp;<br \/>\n&nbsp;<\/p>\n<p style=\"text-align: center\"><img loading=\"lazy\" decoding=\"async\" src=\"https:\/\/cdn.blogg.no\/content\/uploads\/sites\/430\/2023\/08\/28192743\/020920_tur_kveldssol1a-500x380.jpg\" alt=\"\" width=\"500\" height=\"380\" class=\"alignnone size-medium wp-image-8801\"><\/p>\n<p style=\"text-align: center\">Kveldssolen sett gjennom disse tr\u00e6rne \ud83d\ude0a<\/p>\n<p>&nbsp;<br \/>\n&nbsp;<\/p>\n<p style=\"text-align: center\"><img loading=\"lazy\" decoding=\"async\" src=\"https:\/\/cdn.blogg.no\/content\/uploads\/sites\/430\/2023\/08\/19104710\/IMG_4458-500x375.jpeg\" alt=\"\" width=\"500\" height=\"375\" class=\"alignnone size-medium wp-image-8659\"><\/p>\n<p style=\"text-align: center\">Bl\u00e5 himmel sett gjennom bladene og grenene p\u00e5 disse tr\u00e6rne \ud83d\ude0a<\/p>\n<div class=\"linkwithin_hook\" id=\"https:\/\/www.torilkremmervik.no\/blogg\/?p=10757\"><\/div><script>\n<!-- \/\/LinkWithinCodeStart\nvar linkwithin_site_id = 1303645;\nvar linkwithin_div_class = \"linkwithin_hook\";\n\/\/LinkWithinCodeEnd -->\n<\/script>\n<script src=\"http:\/\/www.linkwithin.com\/widget.js\"><\/script>\n<a href=\"http:\/\/www.linkwithin.com\/\"><img decoding=\"async\" src=\"http:\/\/www.linkwithin.com\/pixel.png\" alt=\"Related Posts Plugin for WordPress, Blogger...\" style=\"border: 0\" \/><\/a>","protected":false},"excerpt":{"rendered":"<p>S\u00e5 er vi kommet til &#8220;Kveldens bilde(r)&#8221;. I kveld \u00f8nsker jeg \u00e5 vise dere bilder som jeg har tatt av himmel sett gjennom grener og blader p\u00e5 tr\u00e6r. H\u00e5per dere liker bildene mine \ud83d\ude0a &nbsp; &nbsp; Himmelen sett gjennom grenene &hellip; <a href=\"https:\/\/www.torilkremmervik.no\/blogg\/?p=10757\">Continue reading <span class=\"meta-nav\">&rarr;<\/span><\/a><\/p>\n<script>\n<!-- \/\/LinkWithinCodeStart\nvar linkwithin_site_id = 1303645;\nvar linkwithin_div_class = \"linkwithin_hook\";\n\/\/LinkWithinCodeEnd -->\n<\/script>\n<script src=\"http:\/\/www.linkwithin.com\/widget.js\"><\/script>\n<a href=\"http:\/\/www.linkwithin.com\/\"><img decoding=\"async\" src=\"http:\/\/www.linkwithin.com\/pixel.png\" alt=\"Related Posts Plugin for WordPress, Blogger...\" style=\"border: 0\" \/><\/a>","protected":false},"author":1,"featured_media":0,"comment_status":"open","ping_status":"open","sticky":false,"template":"","format":"standard","meta":{"footnotes":""},"categories":[5676],"tags":[5677,5680,5679,5678],"class_list":["post-10757","post","type-post","status-publish","format-standard","hentry","category-kveldens-bilder-himmel-og-sol-sett-gjennom-blader-og-grener-pa-traer","tag-kveldens-bilder-himmel-og-sol-sett-gjennom-blader-og-grener-pa-traer","tag-bilder-av-himmel-sett-gjennom-blader-pa-traer","tag-bilder-av-himmel-sett-gjennom-traer","tag-himmelmotiver"],"aioseo_notices":[],"_links":{"self":[{"href":"https:\/\/www.torilkremmervik.no\/blogg\/index.php?rest_route=\/wp\/v2\/posts\/10757","targetHints":{"allow":["GET"]}}],"collection":[{"href":"https:\/\/www.torilkremmervik.no\/blogg\/index.php?rest_route=\/wp\/v2\/posts"}],"about":[{"href":"https:\/\/www.torilkremmervik.no\/blogg\/index.php?rest_route=\/wp\/v2\/types\/post"}],"author":[{"embeddable":true,"href":"https:\/\/www.torilkremmervik.no\/blogg\/index.php?rest_route=\/wp\/v2\/users\/1"}],"replies":[{"embeddable":true,"href":"https:\/\/www.torilkremmervik.no\/blogg\/index.php?rest_route=%2Fwp%2Fv2%2Fcomments&post=10757"}],"version-history":[{"count":1,"href":"https:\/\/www.torilkremmervik.no\/blogg\/index.php?rest_route=\/wp\/v2\/posts\/10757\/revisions"}],"predecessor-version":[{"id":10758,"href":"https:\/\/www.torilkremmervik.no\/blogg\/index.php?rest_route=\/wp\/v2\/posts\/10757\/revisions\/10758"}],"wp:attachment":[{"href":"https:\/\/www.torilkremmervik.no\/blogg\/index.php?rest_route=%2Fwp%2Fv2%2Fmedia&parent=10757"}],"wp:term":[{"taxonomy":"category","embeddable":true,"href":"https:\/\/www.torilkremmervik.no\/blogg\/index.php?rest_route=%2Fwp%2Fv2%2Fcategories&post=10757"},{"taxonomy":"post_tag","embeddable":true,"href":"https:\/\/www.torilkremmervik.no\/blogg\/index.php?rest_route=%2Fwp%2Fv2%2Ftags&post=10757"}],"curies":[{"name":"wp","href":"https:\/\/api.w.org\/{rel}","templated":true}]}}