{"id":10909,"date":"2023-10-17T15:55:21","date_gmt":"2023-10-17T13:55:21","guid":{"rendered":"https:\/\/www.torilkremmervik.no\/blogg\/?p=10909"},"modified":"2023-10-17T15:55:22","modified_gmt":"2023-10-17T13:55:22","slug":"om-denne-oktobertirsdagen-og-hostbilder-fra-en-gatur-%f0%9f%98%8a","status":"publish","type":"post","link":"https:\/\/www.torilkremmervik.no\/blogg\/?p=10909","title":{"rendered":"OM DENNE OKTOBERTIRSDAGEN OG H\u00d8STBILDER FRA EN G\u00c5TUR \ud83d\ude0a"},"content":{"rendered":"<p>Oktober m\u00e5ned raser av sted, og det g\u00e5r s\u00e5 fort.<br \/>\n&nbsp;<br \/>\n&nbsp;<br \/>\nV\u00e6ret ute er gr\u00e5tt med regn i dag ogs\u00e5, men i dag var temperaturen +5 grader da jeg stod opp.<br \/>\n&nbsp;<br \/>\n&nbsp;<br \/>\nStod opp kl.08.30, og ordnet meg i stand. Spiste frokost og dro p\u00e5 trening til fysioterapeut. F\u00f8lte jeg hadde overskudd og godt med energi i dag p\u00e5 trening, og det var superdeilig \ud83d\ude0a Merker jo at kroppen har blitt mye sterkere.<br \/>\n&nbsp;<br \/>\n&nbsp;<br \/>\nVar kjempegodt \u00e5 komme hjem, og etter jeg om hjem slappet jeg av med en kopp kaffe og lunch. Det er alltid godt \u00e5 slappe av et par timer etter trening.<br \/>\n&nbsp;<br \/>\n&nbsp;<br \/>\nJeg er usikker p\u00e5 treningen resten av uken, for i morgen f\u00e5r skal jeg f\u00e5 ny dose med koronavaksine + influensavaksine siden jeg er i risikogruppen som lungeoperert. Tidligere har jeg ikke hatt noen bivirkninger av verken koronavaksinen eller influensavaksinen. Det var kun en gang jeg fikk litt influensasymptomer, og det var n\u00e5r jeg tok modernavaksinen. N\u00e5 har koronavaksinen blitt oppdatert mot den mutasjonen som n\u00e5 herjer.<br \/>\n&nbsp;<br \/>\n&nbsp;<br \/>\nJeg vil p\u00e5peke at jeg velger som mange andre i de ulike risikogruppene \u00e5 ta koronavaksinen etter FHI&#8217;s anbefalinger, for jeg stoler 100% p\u00e5 FHI og helsemyndighetene v\u00e5re! Selv om man vaksinerer seg vet vi alle sammen at man likevel kan bli smittet \u00e5 f\u00e5 korona. Vaksinen gj\u00f8r at man er<strong> beskyttet<\/strong> mot \u00e5 f\u00e5 <strong>alvorlig<\/strong> sykdomsforl\u00f8p som man kunne ha f\u00e5tt hvis man ikke har tatt vaksinen. Dette er faktisk n\u00e5 bevist av forskere. Tilbudet om koronavaksine gjelder som sagt kun noen utsatte grupper, og ikke hele befolkningen.<br \/>\n&nbsp;<br \/>\n&nbsp;<br \/>\nSynes det er superflott at vi som er i utsatte grupper kan f\u00e5 tilbud om \u00e5 ta koronavaksine for \u00e5 beskytte oss selv s\u00e5 langt som r\u00e5 er.<br \/>\n&nbsp;<br \/>\n&nbsp;<br \/>\nAt friske folk n\u00e5 ikke trenger oppfriskningsdose med koronavaksine er jo kjempebra \ud83d\ude0a De aller, aller fleste i befolkningen t\u00e5ler \u00e5 bli syke med korona, for viruset har jo heldigvis mutert slik som alle virus gj\u00f8r.<br \/>\n&nbsp;<br \/>\n&nbsp;<br \/>\nTil \u00e5 begynne med var jo koronaviruset overflatesmitte. Det er det ikke lengre. N\u00e5 vet vi jo at korona er dr\u00e5pesmitte.<br \/>\n&nbsp;<br \/>\n&nbsp;<br \/>\nJeg ser frem til \u00e5 f\u00e5 koronavaksinen og influensavaksinen i morgen. Firmaet hvor mannen min jobber spanderer de infuensavaksine p\u00e5 de ansatte. Dette for \u00e5 unng\u00e5 at ansatte, p\u00e5r\u00f8rende og kunder blir smittet av influensaen. Synes dette tiltaket er kjempebra, og det viser at de verdsetter helse p\u00e5 sine ansatte \ud83d\ude0a<br \/>\n&nbsp;<br \/>\n&nbsp;<br \/>\nI kveld er kor\u00f8velse igjen i koret jeg synger i, og etter \u00f8velsen i kveld er det en \u00f8vingskveld igjen f\u00f8r den store 100-\u00e5rs jubileumskonserten v\u00e5r \ud83d\ude0a Vi gleder oss kjempemasse alle sammen til konserten.<br \/>\n&nbsp;<br \/>\n&nbsp;<br \/>\n\u00d8nsker n\u00e5 \u00e5 vise dere noen bilder jeg tok p\u00e5 en av mine g\u00e5turer ute forrige uke, og jeg h\u00e5per dere liker bildene mine \ud83d\ude0a<br \/>\n&nbsp;<br \/>\n&nbsp;<\/p>\n<p style=\"text-align: center\"><img loading=\"lazy\" decoding=\"async\" src=\"https:\/\/cdn.blogg.no\/content\/uploads\/sites\/430\/2023\/10\/17122901\/051023_blader1a.jpg\" alt=\"\" width=\"400\" height=\"470\" class=\"alignnone size-medium wp-image-9768\" \/><\/p>\n<p style=\"text-align: center\">Gule h\u00f8stfargede blader inn i de gr\u00f8nne bladene \ud83d\ude0a<\/p>\n<p>&nbsp;<br \/>\n&nbsp;<\/p>\n<p style=\"text-align: center\"><img loading=\"lazy\" decoding=\"async\" src=\"https:\/\/cdn.blogg.no\/content\/uploads\/sites\/430\/2023\/10\/17122911\/051023_blomster_park1a-500x375.jpg\" alt=\"\" width=\"500\" height=\"375\" class=\"alignnone size-medium wp-image-9769\" \/><\/p>\n<p style=\"text-align: center\">Blomstene i parken begynner \u00e5 visne n\u00e5 ja.<\/p>\n<p>&nbsp;<br \/>\n&nbsp;<\/p>\n<p style=\"text-align: center\"><img loading=\"lazy\" decoding=\"async\" src=\"https:\/\/cdn.blogg.no\/content\/uploads\/sites\/430\/2023\/10\/17122921\/051023_hoest_baer_tre1a-500x433.jpg\" alt=\"\" width=\"500\" height=\"433\" class=\"alignnone size-medium wp-image-9770\" \/><\/p>\n<p style=\"text-align: center\">R\u00f8de b\u00e6r p\u00e5 dette treet.<\/p>\n<p>&nbsp;<br \/>\n&nbsp;<\/p>\n<p style=\"text-align: center\"><img loading=\"lazy\" decoding=\"async\" src=\"https:\/\/cdn.blogg.no\/content\/uploads\/sites\/430\/2023\/10\/17122952\/051023_hoestfarget_tre1a.jpg\" alt=\"\" width=\"400\" height=\"555\" class=\"alignnone size-medium wp-image-9771\" \/><\/p>\n<p style=\"text-align: center\">H\u00f8stfargede blader p\u00e5 treet masse l\u00f8v p\u00e5 bakken \ud83d\ude0a<\/p>\n<p>&nbsp;<br \/>\n&nbsp;<\/p>\n<p style=\"text-align: center\"><img loading=\"lazy\" decoding=\"async\" src=\"https:\/\/cdn.blogg.no\/content\/uploads\/sites\/430\/2023\/10\/17123041\/051023_roede_blader_tre2a.jpg\" alt=\"\" width=\"400\" height=\"504\" class=\"alignnone size-medium wp-image-9772\" \/><\/p>\n<p style=\"text-align: center\">R\u00f8de h\u00f8stfargede blader igjen p\u00e5 dette treet \ud83d\ude0a<\/p>\n<p>&nbsp;<br \/>\n&nbsp;<\/p>\n<p style=\"text-align: center\"><img loading=\"lazy\" decoding=\"async\" src=\"https:\/\/cdn.blogg.no\/content\/uploads\/sites\/430\/2023\/10\/17123053\/051023_roede_hoestfarger_blader1a-500x433.jpg\" alt=\"\" width=\"500\" height=\"433\" class=\"alignnone size-medium wp-image-9773\" \/><\/p>\n<p style=\"text-align: center\">Vakre h\u00f8stfargede blader \ud83d\ude0a<\/p>\n<p>&nbsp;<br \/>\n&nbsp;<\/p>\n<p style=\"text-align: center\"><img loading=\"lazy\" decoding=\"async\" src=\"https:\/\/cdn.blogg.no\/content\/uploads\/sites\/430\/2023\/10\/17123103\/051023_soelepytt1a-500x448.jpg\" alt=\"\" width=\"500\" height=\"448\" class=\"alignnone size-medium wp-image-9774\" \/><\/p>\n<p style=\"text-align: center\">Et tre som speiler seg i s\u00f8lepytten \ud83d\ude0a<\/p>\n<p>&nbsp;<br \/>\n&nbsp;<\/p>\n<p style=\"text-align: center\"><img loading=\"lazy\" decoding=\"async\" src=\"https:\/\/cdn.blogg.no\/content\/uploads\/sites\/430\/2023\/10\/17123114\/051023_utsikt_fra_stavne_bru1a-500x420.jpg\" alt=\"\" width=\"500\" height=\"420\" class=\"alignnone size-medium wp-image-9775\" \/><\/p>\n<p style=\"text-align: center\">Gule h\u00f8stfargede blader p\u00e5 tr\u00e6rne \ud83d\ude0a<\/p>\n<div class=\"linkwithin_hook\" id=\"https:\/\/www.torilkremmervik.no\/blogg\/?p=10909\"><\/div><script>\n<!-- \/\/LinkWithinCodeStart\nvar linkwithin_site_id = 1303645;\nvar linkwithin_div_class = \"linkwithin_hook\";\n\/\/LinkWithinCodeEnd -->\n<\/script>\n<script src=\"http:\/\/www.linkwithin.com\/widget.js\"><\/script>\n<a href=\"http:\/\/www.linkwithin.com\/\"><img decoding=\"async\" src=\"http:\/\/www.linkwithin.com\/pixel.png\" alt=\"Related Posts Plugin for WordPress, Blogger...\" style=\"border: 0\" \/><\/a>","protected":false},"excerpt":{"rendered":"<p>Oktober m\u00e5ned raser av sted, og det g\u00e5r s\u00e5 fort. &nbsp; &nbsp; V\u00e6ret ute er gr\u00e5tt med regn i dag ogs\u00e5, men i dag var temperaturen +5 grader da jeg stod opp. &nbsp; &nbsp; Stod opp kl.08.30, og ordnet meg &hellip; <a href=\"https:\/\/www.torilkremmervik.no\/blogg\/?p=10909\">Continue reading <span class=\"meta-nav\">&rarr;<\/span><\/a><\/p>\n<script>\n<!-- \/\/LinkWithinCodeStart\nvar linkwithin_site_id = 1303645;\nvar linkwithin_div_class = \"linkwithin_hook\";\n\/\/LinkWithinCodeEnd -->\n<\/script>\n<script src=\"http:\/\/www.linkwithin.com\/widget.js\"><\/script>\n<a href=\"http:\/\/www.linkwithin.com\/\"><img decoding=\"async\" src=\"http:\/\/www.linkwithin.com\/pixel.png\" alt=\"Related Posts Plugin for WordPress, Blogger...\" style=\"border: 0\" \/><\/a>","protected":false},"author":1,"featured_media":0,"comment_status":"open","ping_status":"open","sticky":false,"template":"","format":"standard","meta":{"footnotes":""},"categories":[5883],"tags":[5887,3808,5884,5885,5795,5886,1480],"class_list":["post-10909","post","type-post","status-publish","format-standard","hentry","category-om-denne-oktobertirsdagen-og-noen-nye-hostbilder","tag-influensavaksine","tag-koronavaksine","tag-korovelse-i-kveld","tag-noen-nye-hostbilder","tag-om-denne-oktobertirsdagen","tag-ovelse-til-jubileumskonsert","tag-trening-til-fysioterapeut"],"aioseo_notices":[],"_links":{"self":[{"href":"https:\/\/www.torilkremmervik.no\/blogg\/index.php?rest_route=\/wp\/v2\/posts\/10909","targetHints":{"allow":["GET"]}}],"collection":[{"href":"https:\/\/www.torilkremmervik.no\/blogg\/index.php?rest_route=\/wp\/v2\/posts"}],"about":[{"href":"https:\/\/www.torilkremmervik.no\/blogg\/index.php?rest_route=\/wp\/v2\/types\/post"}],"author":[{"embeddable":true,"href":"https:\/\/www.torilkremmervik.no\/blogg\/index.php?rest_route=\/wp\/v2\/users\/1"}],"replies":[{"embeddable":true,"href":"https:\/\/www.torilkremmervik.no\/blogg\/index.php?rest_route=%2Fwp%2Fv2%2Fcomments&post=10909"}],"version-history":[{"count":1,"href":"https:\/\/www.torilkremmervik.no\/blogg\/index.php?rest_route=\/wp\/v2\/posts\/10909\/revisions"}],"predecessor-version":[{"id":10910,"href":"https:\/\/www.torilkremmervik.no\/blogg\/index.php?rest_route=\/wp\/v2\/posts\/10909\/revisions\/10910"}],"wp:attachment":[{"href":"https:\/\/www.torilkremmervik.no\/blogg\/index.php?rest_route=%2Fwp%2Fv2%2Fmedia&parent=10909"}],"wp:term":[{"taxonomy":"category","embeddable":true,"href":"https:\/\/www.torilkremmervik.no\/blogg\/index.php?rest_route=%2Fwp%2Fv2%2Fcategories&post=10909"},{"taxonomy":"post_tag","embeddable":true,"href":"https:\/\/www.torilkremmervik.no\/blogg\/index.php?rest_route=%2Fwp%2Fv2%2Ftags&post=10909"}],"curies":[{"name":"wp","href":"https:\/\/api.w.org\/{rel}","templated":true}]}}