{"id":10913,"date":"2023-10-17T22:16:50","date_gmt":"2023-10-17T20:16:50","guid":{"rendered":"https:\/\/www.torilkremmervik.no\/blogg\/?p=10913"},"modified":"2023-10-17T22:16:50","modified_gmt":"2023-10-17T20:16:50","slug":"kveldens-bilder-hera-varmer-seg-pa-saltlampen-%f0%9f%a5%b0","status":"publish","type":"post","link":"https:\/\/www.torilkremmervik.no\/blogg\/?p=10913","title":{"rendered":"&#8220;KVELDENS BILDER&#8221; &#8211; HERA VARMER SEG P\u00c5 SALTLAMPEN \ud83e\udd70"},"content":{"rendered":"<p>Det er tid for &#8220;Kveldens bilder&#8221;, og i kveld vil jeg vise dere et par bilder av godpusejenta mi Hera \u2764\ud83d\ude0a<br \/>\n&nbsp;<br \/>\n&nbsp;<br \/>\nN\u00e5 skal det ikke legges skjul p\u00e5 at det har v\u00e6rt kj\u00f8lig og hustrig her i Trondheim. Varmovnen m\u00e5tten skrus p\u00e5.<br \/>\n&nbsp;<br \/>\n&nbsp;<br \/>\nN\u00e5 er abyssinere en varmekj\u00e6r rase. De elsker varme. Grunnen til det er at abyssinere ikke har den underpelsen slik f.eks huskatter har. Det gj\u00f8r at de fryser fortere.<br \/>\n&nbsp;<br \/>\n&nbsp;<br \/>\nFyrer vi med vedovnen om vinteren ligger kattene under vedovnen, og de ligger ogs\u00e5 tett inntil varmovnen p\u00e5 stua.<br \/>\n&nbsp;<br \/>\n&nbsp;<br \/>\nHera har funnet l\u00f8sningen hun for \u00e5 holde seg i varmen. Hun legger seg helt inntil saltlampen som st\u00e5r p\u00e5 pianoet. Gjett om hun koser seg? \ud83d\ude0d Det begynte hun med denne uken.<br \/>\n&nbsp;<br \/>\n&nbsp;<br \/>\nFikk lurt meg til \u00e5 ta noen bilder av Hera mens hun l\u00e5 og sov ved saltlampen i dag. H\u00e5per dere liker bildene mine \ud83d\ude0a<br \/>\n&nbsp;<br \/>\n&nbsp;<\/p>\n<p style=\"text-align: center\"><img loading=\"lazy\" decoding=\"async\" src=\"https:\/\/cdn.blogg.no\/content\/uploads\/sites\/430\/2023\/10\/17143951\/IMG_5444-500x325.jpeg\" alt=\"\" width=\"500\" height=\"325\" class=\"alignnone size-medium wp-image-9781\" \/><\/p>\n<p style=\"text-align: center\">Godpusejenta mi Hera varmer seg og koser seg ved saltlampen p\u00e5 pianoet \ud83d\ude0a<\/p>\n<p>&nbsp;<br \/>\n&nbsp;<\/p>\n<p style=\"text-align: center\"><img loading=\"lazy\" decoding=\"async\" src=\"https:\/\/cdn.blogg.no\/content\/uploads\/sites\/430\/2023\/10\/17144004\/IMG_5445-500x397.jpeg\" alt=\"\" width=\"500\" height=\"397\" class=\"alignnone size-medium wp-image-9782\" \/><\/p>\n<p style=\"text-align: center\">Saltlampen avgir mye varme, og er et lunt sted \u00e5 ligge inntil \ud83d\ude0a<\/p>\n<div class=\"linkwithin_hook\" id=\"https:\/\/www.torilkremmervik.no\/blogg\/?p=10913\"><\/div><script>\n<!-- \/\/LinkWithinCodeStart\nvar linkwithin_site_id = 1303645;\nvar linkwithin_div_class = \"linkwithin_hook\";\n\/\/LinkWithinCodeEnd -->\n<\/script>\n<script src=\"http:\/\/www.linkwithin.com\/widget.js\"><\/script>\n<a href=\"http:\/\/www.linkwithin.com\/\"><img decoding=\"async\" src=\"http:\/\/www.linkwithin.com\/pixel.png\" alt=\"Related Posts Plugin for WordPress, Blogger...\" style=\"border: 0\" \/><\/a>","protected":false},"excerpt":{"rendered":"<p>Det er tid for &#8220;Kveldens bilder&#8221;, og i kveld vil jeg vise dere et par bilder av godpusejenta mi Hera \u2764\ud83d\ude0a &nbsp; &nbsp; N\u00e5 skal det ikke legges skjul p\u00e5 at det har v\u00e6rt kj\u00f8lig og hustrig her i Trondheim. &hellip; <a href=\"https:\/\/www.torilkremmervik.no\/blogg\/?p=10913\">Continue reading <span class=\"meta-nav\">&rarr;<\/span><\/a><\/p>\n<script>\n<!-- \/\/LinkWithinCodeStart\nvar linkwithin_site_id = 1303645;\nvar linkwithin_div_class = \"linkwithin_hook\";\n\/\/LinkWithinCodeEnd -->\n<\/script>\n<script src=\"http:\/\/www.linkwithin.com\/widget.js\"><\/script>\n<a href=\"http:\/\/www.linkwithin.com\/\"><img decoding=\"async\" src=\"http:\/\/www.linkwithin.com\/pixel.png\" alt=\"Related Posts Plugin for WordPress, Blogger...\" style=\"border: 0\" \/><\/a>","protected":false},"author":1,"featured_media":0,"comment_status":"open","ping_status":"open","sticky":false,"template":"","format":"standard","meta":{"footnotes":""},"categories":[5888],"tags":[844,4627,5890,5889,5582],"class_list":["post-10913","post","type-post","status-publish","format-standard","hentry","category-kveldens-bilder-hera-varmer-seg-ved-saltlampen","tag-abyssiner","tag-bilder-av-n-hakrilas-hera","tag-bilder-av-hera","tag-hera-varmer-seg-ved-saltlampen","tag-kveldens-bilder"],"aioseo_notices":[],"_links":{"self":[{"href":"https:\/\/www.torilkremmervik.no\/blogg\/index.php?rest_route=\/wp\/v2\/posts\/10913","targetHints":{"allow":["GET"]}}],"collection":[{"href":"https:\/\/www.torilkremmervik.no\/blogg\/index.php?rest_route=\/wp\/v2\/posts"}],"about":[{"href":"https:\/\/www.torilkremmervik.no\/blogg\/index.php?rest_route=\/wp\/v2\/types\/post"}],"author":[{"embeddable":true,"href":"https:\/\/www.torilkremmervik.no\/blogg\/index.php?rest_route=\/wp\/v2\/users\/1"}],"replies":[{"embeddable":true,"href":"https:\/\/www.torilkremmervik.no\/blogg\/index.php?rest_route=%2Fwp%2Fv2%2Fcomments&post=10913"}],"version-history":[{"count":1,"href":"https:\/\/www.torilkremmervik.no\/blogg\/index.php?rest_route=\/wp\/v2\/posts\/10913\/revisions"}],"predecessor-version":[{"id":10914,"href":"https:\/\/www.torilkremmervik.no\/blogg\/index.php?rest_route=\/wp\/v2\/posts\/10913\/revisions\/10914"}],"wp:attachment":[{"href":"https:\/\/www.torilkremmervik.no\/blogg\/index.php?rest_route=%2Fwp%2Fv2%2Fmedia&parent=10913"}],"wp:term":[{"taxonomy":"category","embeddable":true,"href":"https:\/\/www.torilkremmervik.no\/blogg\/index.php?rest_route=%2Fwp%2Fv2%2Fcategories&post=10913"},{"taxonomy":"post_tag","embeddable":true,"href":"https:\/\/www.torilkremmervik.no\/blogg\/index.php?rest_route=%2Fwp%2Fv2%2Ftags&post=10913"}],"curies":[{"name":"wp","href":"https:\/\/api.w.org\/{rel}","templated":true}]}}