{"id":138,"date":"2009-11-27T21:51:00","date_gmt":"2009-11-27T21:51:00","guid":{"rendered":"http:\/\/www.torilkremmervik.no\/blogg\/?p=138"},"modified":"2018-10-10T11:37:34","modified_gmt":"2018-10-10T09:37:34","slug":"travel-helg-med-kattevisning-og-floytespilling-pa-julekonsert","status":"publish","type":"post","link":"https:\/\/www.torilkremmervik.no\/blogg\/?p=138","title":{"rendered":"TRAVEL HELG MED KATTEVISNING OG FL\u00d8YTESPILLING P\u00c5 JULEKONSERT :)"},"content":{"rendered":"<p style=\"text-align: center\"><a onblur=\"try {parent.deselectBloggerImageGracefully();} catch(e) {}\" href=\"http:\/\/2.bp.blogspot.com\/_F9g6V_Eg_z8\/SxBLz6Ish0I\/AAAAAAAAAB8\/c9viW-Lb3dQ\/s1600\/051109_nadina2.JPG\"><img decoding=\"async\" id=\"BLOGGER_PHOTO_ID_5408906507623106370\" style=\"margin: 0px auto 10px; display: block; text-align: center; cursor: pointer; width: 320px; height: 240px;\" src=\"http:\/\/2.bp.blogspot.com\/_F9g6V_Eg_z8\/SxBLz6Ish0I\/AAAAAAAAAB8\/c9viW-Lb3dQ\/s320\/051109_nadina2.JPG\" alt=\"\" border=\"0\" \/><\/a><\/p>\n<p style=\"text-align: center\">V\u00e5r kommende nye viltfargete abyssinerfr\u00f8ken (N) Igaves Nadina. Hun blir Tr\u00f8nderkatt i l\u00f8pet av desember 2009 \ud83d\ude42 Foto: Inger og K\u00e5re Nave<\/p>\n<p>&nbsp;<br \/>\n&nbsp;<\/p>\n<p style=\"text-align: center\"><a onblur=\"try {parent.deselectBloggerImageGracefully();} catch(e) {}\" href=\"http:\/\/4.bp.blogspot.com\/_F9g6V_Eg_z8\/SxBLzwY2a9I\/AAAAAAAAAB0\/Kfoha9XWMSA\/s1600\/051109_nadina3.JPG\"><img decoding=\"async\" id=\"BLOGGER_PHOTO_ID_5408906505006509010\" style=\"margin: 0px auto 10px; display: block; text-align: center; cursor: pointer; width: 320px; height: 240px;\" src=\"http:\/\/4.bp.blogspot.com\/_F9g6V_Eg_z8\/SxBLzwY2a9I\/AAAAAAAAAB0\/Kfoha9XWMSA\/s320\/051109_nadina3.JPG\" alt=\"\" border=\"0\" \/><\/a><\/p>\n<p style=\"text-align: center\">Oppdretterne omtaler Nadina som en omsorgsfull katt \ud83d\ude42 Hun er kjempesnill mot andre dyr \ud83d\ude42 Foto: Inger og K\u00e5re Nave<\/p>\n<p>&nbsp;<br \/>\n&nbsp;<\/p>\n<p style=\"text-align: center\"><a onblur=\"try {parent.deselectBloggerImageGracefully();} catch(e) {}\" href=\"http:\/\/1.bp.blogspot.com\/_F9g6V_Eg_z8\/SxBLzpJELYI\/AAAAAAAAABs\/WAMvBz6RaMw\/s1600\/120909_nadina1.JPG\"><img decoding=\"async\" id=\"BLOGGER_PHOTO_ID_5408906503061253506\" style=\"margin: 0px auto 10px; display: block; text-align: center; cursor: pointer; width: 320px; height: 240px;\" src=\"http:\/\/1.bp.blogspot.com\/_F9g6V_Eg_z8\/SxBLzpJELYI\/AAAAAAAAABs\/WAMvBz6RaMw\/s320\/120909_nadina1.JPG\" alt=\"\" border=\"0\" \/><\/a><\/p>\n<p style=\"text-align: center\">V\u00e5r kommende lilleprinsesse (N) Ingaves Nadina \ud83d\ude42 Foto: Inger og K\u00e5re Nave<\/p>\n<p>&nbsp;<br \/>\n&nbsp;<\/p>\n<p style=\"text-align: center\"><a onblur=\"try {parent.deselectBloggerImageGracefully();} catch(e) {}\" href=\"http:\/\/2.bp.blogspot.com\/_F9g6V_Eg_z8\/SxBLzdACwnI\/AAAAAAAAABk\/MSUzCgvSmTU\/s1600\/121109_nadina3.JPG\"><img decoding=\"async\" id=\"BLOGGER_PHOTO_ID_5408906499802186354\" style=\"margin: 0px auto 10px; display: block; text-align: center; cursor: pointer; width: 320px; height: 240px;\" src=\"http:\/\/2.bp.blogspot.com\/_F9g6V_Eg_z8\/SxBLzdACwnI\/AAAAAAAAABk\/MSUzCgvSmTU\/s320\/121109_nadina3.JPG\" alt=\"\" border=\"0\" \/><\/a><\/p>\n<p style=\"text-align: center\">Nadina koser seg p\u00e5 skrivepulten! \ud83d\ude42 Best \u00e5 hjelpe matmor og matfar med jobben! \ud83d\ude42 Foto: Inger og K\u00e5re Nave<\/p>\n<p>&nbsp;<br \/>\n&nbsp;<br \/>\nN\u00e5 er det en uke igjen til jeg f\u00e5r treffe v\u00e5r kommende nye abyssinerjente Nadina!:) Neste helg skal jeg p\u00e5 utstilling p\u00e5 Letlohallen p\u00e5 Dal ikke s\u00e5 langt fra Gardermoen!:) Det er Adelkatten sin \u00e5rlige juelutstilling, og den er kjempekoselig \u00e5 v\u00e6re med p\u00e5!:) Oppdretterene til lille Nadina skal ogs\u00e5 delta p\u00e5 utstillingen. De har med seg Nadina og faren til Nadina. Nadina stiller i ungdyrsklasse (kattunger fra 3 mnd &#8211; 6 mnd). Jeg gleder meg kjempemasse til \u00e5 se v\u00e5r nye lille prinsesse!:) Nadina kommer til oss i desember. Om to uker skal oppdretterene ta henne med seg p\u00e5 utstilling i G\u00f8teborg. Det er viktig at hun f\u00e5r trening p\u00e5 \u00e5 v\u00e6re p\u00e5 utstillinger n\u00e5 n\u00e5r hun er ung.<br \/>\n&nbsp;<br \/>\n&nbsp;<br \/>\nSelv skal jeg ha med Aros, Corvette og s\u00f8nnen deres Carlos \ud83d\ude42 Aros og Corvette stiller for f\u00f8rste i kastratklassen, og jeg er kjempespent p\u00e5 tilbakemeldinger dommerne gir dem. Jeg er kjempespent p\u00e5 hvordan Carlos takler utstilling. De som har ham p\u00e5 f\u00f3r forteller at han er en kjempesosial katt som er tillitsfull til andre mennesker og dyr. Jeg er ogs\u00e5 spent p\u00e5 dommernes vurderinger av Carlos.<br \/>\n&nbsp;<br \/>\n&nbsp;<br \/>\nSelv skal jeg arbeide som assistent begge utstillingsdagene. Det kan bli lange og kjedelige dager p\u00e5 en katteutstilling, og da synes jeg det er kjempegodt \u00e5 f\u00e5 jobbe. I tillegg l\u00e6rer jeg mye om de forskjellige rasene av den dommeren jeg skal v\u00e6re assistent for \ud83d\ude42<br \/>\n&nbsp;<br \/>\n&nbsp;<br \/>\nI morgen 27.11.2009 blir Carlos 8 m\u00e5neder gammel. Tenk 8 m\u00e5neder siden Lillegutt Carlos Santana ble f\u00f8dt \ud83d\ude42 M\u00e5nedene har rast alt for fort av g\u00e5rde \ud83d\ude42<br \/>\n&nbsp;<br \/>\n&nbsp;<br \/>\nI morgen ettermiddag er det badedag for Aros og Corvette. Abyssinere skal bades en uke f\u00f8r utstilling. Resten av uken skal de b\u00f8rstes med en gummib\u00f8rste. Kjempelett pelsstell i forhold til mange andre raser f.eks. persere.<br \/>\n&nbsp;<br \/>\n&nbsp;<br \/>\nDenne helgen g\u00e5r med til \u00e5 v\u00e6re med p\u00e5 kattevisning p\u00e5 dyrebutikken &#8220;Hund som hobby&#8221; her i byen. Kattevisningen foreg\u00e5r forbindelse med Kattens dag. Katteklubben jeg er med i har satt opp utstilingsbur hvor vi hadde kattene v\u00e5re i. Der har de deilig liggeunderlag, mat og vann. Det vanker ogs\u00e5 noen godbiter p\u00e5 pusene v\u00e5re \ud83d\ude42<br \/>\n&nbsp;<br \/>\n&nbsp;<br \/>\nI dag var vi der fra kl.14.00 &#8211; 19.00. Kunder som var innom for \u00e5 handle p\u00e5 butikken kom bort til oss som hadde med oss kattene v\u00e5re, og vi fortalte dem om katterasen vi hadde. Flere ble faktisk interessert i \u00e5 h\u00f8re om de forskjellige rasene \ud83d\ude42 I morgen l\u00f8rdag 28.11 foreg\u00e5r kattevisningen fra kl.10.00 &#8211; 18.00. Det blir en lang dag, men koselig og sosialt!:) Bilder fra kattevisningsdagene kommer \ud83d\ude42<br \/>\n&nbsp;<br \/>\n&nbsp;<br \/>\nS\u00f8ndag 29.11.2009 skal jeg spille fl\u00f8yte p\u00e5 julekonsert i kirken. Jeg skal v\u00e6re fl\u00f8ytesolist p\u00e5 to sanger med koret jeg dirigerte f\u00f8r. Dette blir noe annerledes enn hva jeg spiller p\u00e5 ellers. Sangene jeg skal spille p\u00e5 er: &#8220;Himlen I Min Famn&#8221; av Carloa H\u00e4ggkvist, og &#8220;Nordnorsk Julesalme&#8221;. Det er flere kor som deltar p\u00e5 julekonserten, og jeg vet det pleier \u00e5 v\u00e6re kjempemasse publikum tilstede. 30.11.2009 skal jeg ogs\u00e5 spille sammen med koret p\u00e5 pensjonisttreff som koret arrangerer. Det er kjempekoselig \u00e5 f\u00e5 spille fl\u00f8yte p\u00e5 slike spilleoppdrag, og jeg er garantert f\u00e5 f\u00f8rjulsstemning etter den konserten p\u00e5 s\u00f8ndag.<br \/>\n&nbsp;<br \/>\n&nbsp;<br \/>\nI koret som jeg jobber som dirigent i \u00f8ver vi ogs\u00e5 p\u00e5 julesanger. 13.12.2009 skal koret jeg dirigerer synge p\u00e5 konsert i en gammel stavkirke p\u00e5 et museumsomr\u00e5de. Etter konserten er ferdig skal vi g\u00e5 i luciatog ned til kaffeteriaen sammen med barn, og da skal vi synge Luciasangen. P\u00e5 kaf\u00e9n skal vi synge noen sanger for kaf\u00e9gjestene. Jeg tror konserten med koret jeg dirigerer blir stemningsfull og fin \ud83d\ude42<br \/>\n&nbsp;<br \/>\n&nbsp;<br \/>\nKirkekoret jeg synger i skal synge p\u00e5 julekonsert i kirken 09.12.2009. Vi \u00f8ver ogs\u00e5 p\u00e5 julesangene v\u00e5re n\u00e5 \ud83d\ude42<br \/>\n&nbsp;<br \/>\n&nbsp;<br \/>\nKor er kjempekoselig \u00e5 v\u00e6re med i, og s\u00e6rlig n\u00e5r det er f\u00f8rjulstid. N\u00e5r koret begynner med \u00f8velsene av julesangene i november blir det julestemning med den gang \ud83d\ude42 Det er kjempekoselig \u00e5 f\u00e5 st\u00e5 synge nydelige julesanger p\u00e5 konserter!:) Jeg anbefaler dere som ikke synger i kor om \u00e5 g\u00e5 p\u00e5 en f\u00f8rjulskonsert med et kor i n\u00e6romr\u00e5det deres eller i byen dere bor. Det kan jeg med h\u00e5nden p\u00e5 hjertet love er kjempekoselig \ud83d\ude42<br \/>\n&nbsp;<br \/>\n&nbsp;<br \/>\nI g\u00e5r torsdag 26.11.2009 var jeg p\u00e5 kirkekor. Jeg kjente at noe var ubehagelig i bl\u00e6ra mi, men dro p\u00e5 kor\u00f8velse likevel. Smertene \u00f8kte p\u00e5 etter jeg kom hjem, og det var kjempevondt \u00e5 g\u00e5 p\u00e5 WC. Jeg f\u00f8lte jeg m\u00e5tte p\u00e5 WC hele tiden, men det kom bare noen f\u00e5 dr\u00e5per. Jeg hadde s\u00e5 vondt at jeg gr\u00e5t! Kl.01.30 gikk jeg ned p\u00e5 legevakten, og det var kraftig bl\u00e6rekatar! Jeg fikk pencelintabletter f\u00f8r jeg dro, og en resept p\u00e5 pencelinkur som jeg skal ta i 5 dager. Jeg kjenner faktisk bedring i kveld, og det er kjempegodt!<br \/>\n&nbsp;<br \/>\n&nbsp;<br \/>\nTenk at det er 1.advent p\u00e5 s\u00f8ndag \ud83d\ude42 Jeg gleder meg kjempemasse til jul \ud83d\ude42 I morgen skal vi henge opp adventsstjerna og den 7.armede lysestaken. Jeg skal ogs\u00e5 pynte opp med lilla adventsduk og lilla adventslys n\u00e5 i adventstiden \ud83d\ude42 Til uka tenkte jeg \u00e5 begynne med julerengj\u00f8ring, og jeg skal ogs\u00e5 bake noen sorter til jul \ud83d\ude42 I \u00e5r skal min mor feire julaften hos oss. Et \u00e5r feirer min mann og jeg julen hjemme hos familien hans i Grong, og neste \u00e5r feirer vi her i Trondheim. I \u00e5r blir det julefeiring hjemme hos oss. Det blir kjempekoselig \ud83d\ude42<br \/>\n&nbsp;<br \/>\n&nbsp;<br \/>\nJeg kjenner det skal bli kjempegodt med juleferie snart! November og desember m\u00e5ned er de mest travleste m\u00e5nedene. Koret jeg dirigerer skal ha to konserter (en konsert 13.12 og en konsert 15.12), kirkekoret jeg synger i skal synge p\u00e5 julekonserter og jeg har fl\u00f8ytespilloppdrag tre helger n\u00e5 i desember \ud83d\ude42 Jeg elsker det jeg holder p\u00e5 med av hele mitt hjerte, og kunne over hodet ikke tenkt meg \u00e5 bytte med noe annet \ud83d\ude42 Ikke alle er s\u00e5 heldige at de f\u00e5r arbeide med det som er hovedhobbyen sin \ud83d\ude42 Jeg f\u00f8ler meg s\u00e5 privilegert \ud83d\ude42<br \/>\n&nbsp;<br \/>\n&nbsp;<br \/>\nJeg \u00f8nsker dere alle sammen mine kj\u00e6re bloggvenner en kjempefin helg \ud83d\ude42 Ta godt vare p\u00e5 dere selv og familiene deres, og husk jeg setter kjempestor pris p\u00e5 hver og en av dere \ud83d\ude42<br \/>\n&nbsp;<br \/>\n&nbsp;<\/p>\n<p style=\"text-align: center\"><object width=\"425\" height=\"344\" classid=\"clsid:d27cdb6e-ae6d-11cf-96b8-444553540000\" codebase=\"http:\/\/download.macromedia.com\/pub\/shockwave\/cabs\/flash\/swflash.cab#version=6,0,40,0\"><param name=\"allowFullScreen\" value=\"true\" \/><param name=\"allowscriptaccess\" value=\"always\" \/><param name=\"src\" value=\"http:\/\/www.youtube.com\/v\/4kuZPD5gqX0&amp;hl=en_US&amp;fs=1&amp;\" \/><param name=\"allowfullscreen\" value=\"true\" \/><embed width=\"425\" height=\"344\" type=\"application\/x-shockwave-flash\" src=\"http:\/\/www.youtube.com\/v\/4kuZPD5gqX0&amp;hl=en_US&amp;fs=1&amp;\" allowFullScreen=\"true\" allowscriptaccess=\"always\" allowfullscreen=\"true\" \/><\/object><\/p>\n<p style=\"text-align: center\">#Jul, Jul, Str\u00e5lande, Jul&#8221; med Ume\u00e5 Studentk\u00f6r<\/p>\n<div class=\"linkwithin_hook\" id=\"https:\/\/www.torilkremmervik.no\/blogg\/?p=138\"><\/div><script>\n<!-- \/\/LinkWithinCodeStart\nvar linkwithin_site_id = 1303645;\nvar linkwithin_div_class = \"linkwithin_hook\";\n\/\/LinkWithinCodeEnd -->\n<\/script>\n<script src=\"http:\/\/www.linkwithin.com\/widget.js\"><\/script>\n<a href=\"http:\/\/www.linkwithin.com\/\"><img decoding=\"async\" src=\"http:\/\/www.linkwithin.com\/pixel.png\" alt=\"Related Posts Plugin for WordPress, Blogger...\" style=\"border: 0\" \/><\/a>","protected":false},"excerpt":{"rendered":"<p>V\u00e5r kommende nye viltfargete abyssinerfr\u00f8ken (N) Igaves Nadina. Hun blir Tr\u00f8nderkatt i l\u00f8pet av desember 2009 \ud83d\ude42 Foto: Inger og K\u00e5re Nave &nbsp; &nbsp; Oppdretterne omtaler Nadina som en omsorgsfull katt \ud83d\ude42 Hun er kjempesnill mot andre dyr \ud83d\ude42 Foto: &hellip; <a href=\"https:\/\/www.torilkremmervik.no\/blogg\/?p=138\">Continue reading <span class=\"meta-nav\">&rarr;<\/span><\/a><\/p>\n<script>\n<!-- \/\/LinkWithinCodeStart\nvar linkwithin_site_id = 1303645;\nvar linkwithin_div_class = \"linkwithin_hook\";\n\/\/LinkWithinCodeEnd -->\n<\/script>\n<script src=\"http:\/\/www.linkwithin.com\/widget.js\"><\/script>\n<a href=\"http:\/\/www.linkwithin.com\/\"><img decoding=\"async\" src=\"http:\/\/www.linkwithin.com\/pixel.png\" alt=\"Related Posts Plugin for WordPress, Blogger...\" style=\"border: 0\" \/><\/a>","protected":false},"author":1,"featured_media":0,"comment_status":"open","ping_status":"open","sticky":false,"template":"","format":"standard","meta":{"footnotes":""},"categories":[31,6,29,30,23],"tags":[844,2266,627,1170,1163],"class_list":["post-138","post","type-post","status-publish","format-standard","hentry","category-helg","category-katteutstilling","category-kattevisnng","category-korkonserter","category-musikk","tag-abyssiner","tag-abyssinerkattunge","tag-bilder-av-ingaves-nadina","tag-helg","tag-oppdatering"],"aioseo_notices":[],"_links":{"self":[{"href":"https:\/\/www.torilkremmervik.no\/blogg\/index.php?rest_route=\/wp\/v2\/posts\/138","targetHints":{"allow":["GET"]}}],"collection":[{"href":"https:\/\/www.torilkremmervik.no\/blogg\/index.php?rest_route=\/wp\/v2\/posts"}],"about":[{"href":"https:\/\/www.torilkremmervik.no\/blogg\/index.php?rest_route=\/wp\/v2\/types\/post"}],"author":[{"embeddable":true,"href":"https:\/\/www.torilkremmervik.no\/blogg\/index.php?rest_route=\/wp\/v2\/users\/1"}],"replies":[{"embeddable":true,"href":"https:\/\/www.torilkremmervik.no\/blogg\/index.php?rest_route=%2Fwp%2Fv2%2Fcomments&post=138"}],"version-history":[{"count":6,"href":"https:\/\/www.torilkremmervik.no\/blogg\/index.php?rest_route=\/wp\/v2\/posts\/138\/revisions"}],"predecessor-version":[{"id":7244,"href":"https:\/\/www.torilkremmervik.no\/blogg\/index.php?rest_route=\/wp\/v2\/posts\/138\/revisions\/7244"}],"wp:attachment":[{"href":"https:\/\/www.torilkremmervik.no\/blogg\/index.php?rest_route=%2Fwp%2Fv2%2Fmedia&parent=138"}],"wp:term":[{"taxonomy":"category","embeddable":true,"href":"https:\/\/www.torilkremmervik.no\/blogg\/index.php?rest_route=%2Fwp%2Fv2%2Fcategories&post=138"},{"taxonomy":"post_tag","embeddable":true,"href":"https:\/\/www.torilkremmervik.no\/blogg\/index.php?rest_route=%2Fwp%2Fv2%2Ftags&post=138"}],"curies":[{"name":"wp","href":"https:\/\/api.w.org\/{rel}","templated":true}]}}