{"id":2003,"date":"2014-10-09T15:02:41","date_gmt":"2014-10-09T13:02:41","guid":{"rendered":"http:\/\/www.torilkremmervik.no\/blogg\/?p=2003"},"modified":"2014-10-09T15:02:41","modified_gmt":"2014-10-09T13:02:41","slug":"er-statsbudsjettet-et-forsok-pa-a-presse-oss-som-er-uforetrygdet-ut-i-jobb-igjen","status":"publish","type":"post","link":"https:\/\/www.torilkremmervik.no\/blogg\/?p=2003","title":{"rendered":"ER STATSBUDSJETTET ET FORS\u00d8K P\u00c5 \u00c5 PRESSE OSS SOM ER UF\u00d8RETRYGDET UT I JOBB IGJEN?"},"content":{"rendered":"<p>Hva i all verden er det politikerne tenker p\u00e5 n\u00e5r de foresl\u00e5r i sitt statsbudsjett som ble fremlagt i g\u00e5r at\u00a0uf\u00f8re fra 1. jan. 2015 skal skattlegges som vanlige arbeidstagere?<\/p>\n<p><a href=\"http:\/\/www.vg.no\/nyheter\/innenriks\/statsbudsjettet-2015\/saa-mye-faar-du-i-skattelette\/a\/23311612\/\">http:\/\/www.vg.no\/nyheter\/innenriks\/statsbudsjettet-2015\/saa-mye-faar-du-i-skattelette\/a\/23311612\/<\/a><\/p>\n<p>Selv er jeg 80% uf\u00f8r pga av kronisk betennelsesreumatisme, og jeg har l\u00e5n. I prinsippet at jeg\u00a0g\u00e5r inn med en overgangsordning for uf\u00f8re med gjeld, slik at de skjermes i tre \u00e5r.<\/p>\n<p>Selv ble jeg uf\u00f8retrygdet fordi kroppen min sa stopp! Jeg jobbet f\u00f8rst som f\u00f8rskolel\u00e6rer fra 1992 &#8211; 1996. Deretter fikk jeg omskolering til \u00e5 ta fag p\u00e5 l\u00e6rerh\u00f8gskolen bl.a. musikk og spes.ped, og jobbet s\u00e5 fra 2000 &#8211; 2004 som fagl\u00e6rer i ungdomsskolen. Valgte ogs\u00e5 selv \u00e5 studere musikk mellomfag og til slutt musikk mastergrad! Fra 2005 til dags dato har jeg jeg jobbet som pianol\u00e6rer, freelancemusiker p\u00e5 tverrfl\u00f8yte med spillejobber i bryllup, begravelser, gudstjenester og begravelser i tillegg til 20% kordirigent!<\/p>\n<p>Selv om jeg har jobbet de siste \u00e5rene, fikk betennelse etter betennelse, og har gjennomg\u00e5tt operasjoner etter operasjoner. Etter en dag p\u00e5 jobb m\u00e5tte jeg ta smertestillende for \u00e5 i det hele tatt fungere hjemme, og etter \u00e9n dag p\u00e5 jobb hadde jeg store kuler p\u00e5 h\u00e6lene mine samt jeg var betent i albuer og skuldre! Til slutt sa min fastlege stopp! Han mente at min kroniske betennelsesreumatisme var grunnlag til at jeg burde s\u00f8ke om uf\u00f8retrygd. Jeg fikk en kjempeflott veileder p\u00e5 NAV, og hun s\u00f8kte meg inn p\u00e5 arbeidsavklaringstiltak for \u00e5 se hva kroppen min t\u00e5lte. Jeg var heldig \u00e5 f\u00e5 arbeidsavklaring p\u00e5 kontoret p\u00e5 Norges Korforbund S\u00f8r-Tr\u00f8ndelag. Begynte i 50%, men da jeg kom hjem l\u00e5 jeg p\u00e5 sofaen med store smerter, og kulene p\u00e5 h\u00e6lene mine var s\u00e5 store at jeg nesten ikke fikk p\u00e5 meg sko. Det verket i skuldre og albuer. Gikk s\u00e5 ned til 40%, og det gikk bra i to uker. Da kom smertene i skuldre og albuer tilbake, og h\u00e6lene ildr\u00f8de og betente. Deretter m\u00e5tte jeg g\u00e5 ned til 30% Heller ikke det gikk. Smertene og betennelsene i kroppen gjorde at jeg ikke hadde overskudd til noe som helst annet enn \u00e5 ligge p\u00e5 sofaen. Jeg m\u00e5tte starte dagen med smertestillende f\u00f8r jeg dro p\u00e5 jobb, og da kulene p\u00e5 h\u00e6lene mine var p\u00e5 det st\u00f8rste fikk jeg ikke p\u00e5 meg sko. Jeg m\u00e5tte g\u00e5 i sandaler.<\/p>\n<p>Pr\u00f8vde s\u00e5 ut 20%, og det gikk kjempebra! Da fungerte jeg b\u00e5de p\u00e5 jobb og p\u00e5 hjemmebane! Jeg slapp \u00e5 ta medisiner om morgenen f\u00f8r jeg dro p\u00e5 jobb. Gikk s\u00e5 opp til 35 % for \u00e5 se hvordan jeg reagerte, og etter to uker hadde jeg betennelser flere steder i kroppen at jeg ble sykemeldt i 3 dager fordi det verket i h\u00e6ler, albuer og skuldre. Ble enig med veilederen min at jeg skulle g\u00e5 ned til 20%, og det viste seg igjen at det var det som fungerte perfekt for meg.<\/p>\n<p>Etter arbeidsutpr\u00f8vingen skulle veilederen min skrive en rapport om meg som skulle danne grunnlaget for \u00e5 s\u00f8ke om uf\u00f8retrygd!<\/p>\n<p>Jeg fikk en kjempebra ropprot hvor det stod svart p\u00e5 hvitt at jeg var positiv, engasjert, arbeidsvillig, kreativ, strukturert, selvstendig, har god orden og jeg hadde utf\u00f8rt jobben p\u00e5 kontoret p\u00e5 en kjempeflott m\u00e5te! Det st\u00e5r ogs\u00e5 skrevet at hvis Norges Korforund S\u00f8r-Tr\u00f8ndelag hadde hatt midler nok, skulle de gladelig ansatt meg i 20%!<\/p>\n<p>Rapporten ble sendt inn til NAV sammen med uttalelser fra min fastlege, fysioterapeut og ortopeden min. S\u00e5 var det bare \u00e5 vente. I mellomtiden hadde jeg min AAP utbetaling hver m\u00e5ned.<\/p>\n<p>Etter dette ventet jeg i 1 1\/2 \u00e5r f\u00f8r jeg fikk beskjed fra NAV om at jeg m\u00e5tte sende inn krav om uf\u00f8retrygd, for NAV var positiv til \u00e5 innvilge en uf\u00f8retrygd for meg. NAV-legen s\u00e5 tydelig at min betennelsesreumatisme ikke kom til bli bedre p\u00e5 sikt.<\/p>\n<p>Etter \u00e5 ha ventet i noen m\u00e5neder fikk jeg brev i posten om at 80% uf\u00f8retrygd var innvilget. N\u00e5 er jeg kjempeheldig som kan jobbe i 20%, og det gj\u00f8r jeg ogs\u00e5. Jeg jobber i 20% som kordirigent, og tar spillejobber p\u00e5 fl\u00f8yta utenom. F\u00f8ler meg be\u00e6ret som f\u00e5r lov til \u00e5 arbeide med det som er hobbyen min. Selvsagt skulle jeg \u00f8nske at jeg kunne jobbe mer, for jeg elsket jobben min som l\u00e6rer!<\/p>\n<p>Helsa mi var ikke forenelig med et slikt arbeid, og slett ikke i barnehage hvor det er mye l\u00f8ft av unger, av- og p\u00e5kledning, for unger trenger hjelp til \u00e5 ta av og p\u00e5 yttert\u00f8y, skyving av disser, skyving av akebrett, l\u00f8fte unger n\u00e5r de faller og sl\u00e5r seg samt det verste som gjorde meg syk \u00e5 st\u00e5 ute n\u00e5r v\u00e6ret var kaldt og r\u00e5tt! Det var det som utl\u00f8ste reumatismen min for f\u00f8rste gang i 1995. Jeg stortrivdes i jobben min som f\u00f8rskolel\u00e6rer!<\/p>\n<p>Helsa mi var heller i forenelig slik at jeg kunne jobbe som l\u00e6rer. Som l\u00e6rer er det mye st\u00e5ing som medf\u00f8rte betennelser i h\u00e6lene mine, v\u00e6re ute i kulde og slaps n\u00e5r man har inspeksjon, skrive p\u00e5 tavla, og det medf\u00f8rte at skuldrene mine og albuene mine ble betente og obligatoriske turdager om h\u00f8sten og vinteren. De obligatoriske turdagene m\u00e5tte jeg sykemelde meg fra. Siden jeg er operert i h\u00e6lene flere ganger har jeg ikke balanse nok til \u00e5 g\u00e5 p\u00e5 ski, og jeg har ikke styrke nok i armene til \u00e5 bruke skistaver. Jeg stortrivdes ogs\u00e5 i arbeidet mitt som l\u00e6rer!<\/p>\n<p>Det er ingen som blir uf\u00f8retrygdet for moro skyld! Alle sammen av oss som er uf\u00f8retrygdet har faktisk en grunn for at vi har f\u00e5tt uf\u00f8retrygd innvilget!<\/p>\n<p>Selvsagt skal det l\u00f8nne seg \u00e5 jobbe slik statsbudsjettet er lagt frem. Det er jeg enig i!<\/p>\n<p>Slik det fremkommer av statsbudsjettet, vil de kutte i inntektsgrunnlaget til den som er uf\u00f8retrygdet, og det h\u00f8rer ikke hjemme i det hele tatt! Det vil si at indirekte vil politikerne presse uf\u00f8retrygdete tilbake til jobb! Jeg selv kan ikke jobbe om 3 \u00e5r! Selv vet jeg at min kroniske betennelsesreumatisme kan medf\u00f8re at jeg m\u00e5 ha flere operasjoner. Jeg vet bare ikke n\u00e5r, og jeg vet ikke hvor! Hvis jeg f\u00e5r en betennelse i en h\u00e6l, m\u00e5 jeg operere den betennelsen!<\/p>\n<p>Hvilken arbeidsgiver vil ansette en kronisk syk person? Svaret sier vel seg selv. Ingen arbeidsgivere \u00f8nsker \u00a0ansette en arbeidsgiver de vet er kronisk syk som kommer til \u00e5 f\u00e5 en del frav\u00e6r pga sykdommen sin. Tilrettelegging for en arbeidstaker som er kronisk syk koster penger for bedriften, og det har de f\u00e6rreste bedriftene r\u00e5d til. Hvis en arbeidstaker sliter med rygg, nakke og skuldre vil en bedriftslege eller fysioterapeut p\u00e5legge en bedrift \u00e5 legge til rette slik at arbeidstakeren kan f\u00e5 en heve- og senkbar arbeidspult, men jeg har h\u00f8rt at bedrifter har nektet \u00e5 g\u00e5 til anskaffelse av slike pulter, fordi det koster penger! Andre bedrifter igjen har slike pulter p\u00e5 sine bedrifter, nettopp for \u00e5 forhindre belastningsskader hos sine ansatte. Disse bedriftene samarbeider gjerne med en fysioterapeut for \u00e5 legge til rette for sine ansatte.<\/p>\n<p>Dersom politiskerne og andre som kritiserer uf\u00f8retrygdete tror at vi som er uf\u00f8retrygdet er det for moro skyld, tar de skammelig feil! Vi har ikke bedt om \u00e5 bli uf\u00f8retrygdet, og vi har ikke bedt om \u00e5 bli syke! Felles for oss er at vi gjerne skulle ha byttet plass med noen andre for \u00e5 f\u00e5 v\u00e6re i jobb!<\/p>\n<p>Jeg kunne gjerne tenkt meg \u00e5 fortsette om l\u00e6rer i skolen, men n\u00e5r skolen ikke kan legge til rette for at jeg kunne slippe \u00e5 st\u00e5 flere timer om dagen, v\u00e6re ute \u00e5 ha inspeksjon i r\u00e5tt og kaldt v\u00e6r og v\u00e6re med p\u00e5 obligatoriske skidager, ja da har man ikke noe \u00e5 stille opp med. I tillegg krever kommunen at sine ansatte skal jobbe i hvert fall i 50% stilling. De ansetter ikke en person i 20% stilling. Det blir for kostbart for dem! Dermed sier svaret seg selv at jeg ikke kan g\u00e5 tilbake til yrket som l\u00e6rer.<\/p>\n<p>Heldigvis og takk og lov har jeg jobben som kordirigent i 20%, og det passer meg kjempebra. Jeg stortrives i jobben, og jeg f\u00e5r brukt meg selv 100% p\u00e5 det jeg brenner for \ud83d\ude42 Ikke minst f\u00e5r jeg jobbet med mennesker noe jeg stortrives med \ud83d\ude42<\/p>\n<p>Selv har jeg funnet ut hva som fungerer best for meg og min kroniske betennelsesreumatisme. Jeg m\u00e5 ha god tid om morgenen. Begynner dagen med en god og varm dusj, for \u00e5 bli varm i leddene mine. Deretter spiser jeg en god frokost f\u00f8r jeg g\u00e5r l\u00f8s p\u00e5 dagens jobb med \u00e5 forberede ting til kordirigentjobben. Det v\u00e6re seg \u00f8ve inn stemmene til koret slik at de sitter som spikret. Jeg har ogs\u00e5 ofte korsanger jeg m\u00e5 arrangere, og det bruker jeg ogs\u00e5 tid p\u00e5.<\/p>\n<p>Neste post p\u00e5 programmet er at jeg g\u00e5r i gang med \u00e5 \u00f8ve p\u00e5 fl\u00f8yta, f\u00f8r jeg tar en god pause. Da spiser jeg lunch, og etter jeg har spist lunch g\u00e5r jeg meg en tur. Jeg elsker \u00e5 g\u00e5 turer. Hvis det er kaldt og r\u00e5tt ute blir ikke turene s\u00e5 lang, for da hovner jeg opp i h\u00e6lene mine, og h\u00e6lene blir r\u00f8de og betente! To dager i uken trener jeg til fysioterapeut, og det er kjempegodt! N\u00e5r jeg kommer hjem igjen, g\u00e5r jeg i gang med \u00e5 \u00f8ve p\u00e5 fl\u00f8yta og piano igjen. Mannen min kommer hjem fra jobb kl.16.30, og vi spiser middag. Hver tirsdag er vi p\u00e5 koret hvor vi begge synger. Ellers er det gjerne styrem\u00f8ter m.m. for oss begge to, for b\u00e5de mannen min og jeg har forskjellige styreverv vi er engasjerte i.<\/p>\n<p>Hvis jeg har en d\u00e5rlig dag med i leddene mine med mye smerter hender det at jeg m\u00e5 ta meg en varm og god dusj for \u00e5 holde leddene mine myke, og det pleier faktisk \u00e5 hjelpe. I f\u00f8lge min lege som kjenner meg ut og inn trenger jeg \u00e5 styre min egen hverdag, for en dag kan jeg v\u00e6re stiv i leddene mine, og ha mye smerter, og neste dag ikke. Det er om morgenen leddene mine er stivest, og det er da jeg trenger tid til \u00e5 f\u00e5 dem myke slik at jeg ikke skal f\u00e5 store smerter. I tillegg er jeg avhengig av \u00e5 ta reumatismemedisinen for \u00e5 holde reumatismen min i sjakk.<\/p>\n<p>Nei jeg setter meg ikke ned og synes synd p\u00e5 meg selv fordi jeg er uf\u00f8r, for jeg nyter hver eneste dag, og jeg har en kjempebra livskvalitet. Jeg har familie, slekt og venner som jeg verdsetter kjempeh\u00f8yt, og ikke minst jeg har interesser som gir meg kjempestor glede i hverdagen \ud83d\ude42<\/p>\n<p>Likevel reagerer jeg p\u00e5 statsbudsjettet som ble lagt frem i g\u00e5r! Snakk om \u00e5 ta fra de fattige og gi til de rike. Skam over dette statsbudsjettet, og s\u00e6rlig for de som er uf\u00f8retrygdet! Med et slikt statsbudsjett ber de om \u00e5 f\u00e5 flere sosialklienter, og er virkelig det politikerne \u00f8nsker?<\/p>\n<p>La oss som er uf\u00f8retrygdet beholde den inntekten v\u00e5r vi har krav p\u00e5! Dersom politikerne tror at vi som er uf\u00f8retrygdet kommer oss ut i arbeid om 3 \u00e5r, tar dere skammelig feil. Vi har f\u00e5tt innvilget uf\u00f8retrygden v\u00e5r fordi vi har krav p\u00e5 det pga helsa v\u00e5r.<\/p>\n<p>&nbsp;<\/p>\n<p>&nbsp;<\/p>\n<p>&nbsp;<\/p>\n<p>&nbsp;<\/p>\n<p>&nbsp;<\/p>\n<div class=\"linkwithin_hook\" id=\"https:\/\/www.torilkremmervik.no\/blogg\/?p=2003\"><\/div><script>\n<!-- \/\/LinkWithinCodeStart\nvar linkwithin_site_id = 1303645;\nvar linkwithin_div_class = \"linkwithin_hook\";\n\/\/LinkWithinCodeEnd -->\n<\/script>\n<script src=\"http:\/\/www.linkwithin.com\/widget.js\"><\/script>\n<a href=\"http:\/\/www.linkwithin.com\/\"><img decoding=\"async\" src=\"http:\/\/www.linkwithin.com\/pixel.png\" alt=\"Related Posts Plugin for WordPress, Blogger...\" style=\"border: 0\" \/><\/a>","protected":false},"excerpt":{"rendered":"<p>Hva i all verden er det politikerne tenker p\u00e5 n\u00e5r de foresl\u00e5r i sitt statsbudsjett som ble fremlagt i g\u00e5r at\u00a0uf\u00f8re fra 1. jan. 2015 skal skattlegges som vanlige arbeidstagere? http:\/\/www.vg.no\/nyheter\/innenriks\/statsbudsjettet-2015\/saa-mye-faar-du-i-skattelette\/a\/23311612\/ Selv er jeg 80% uf\u00f8r pga av kronisk betennelsesreumatisme, &hellip; <a href=\"https:\/\/www.torilkremmervik.no\/blogg\/?p=2003\">Continue reading <span class=\"meta-nav\">&rarr;<\/span><\/a><\/p>\n<script>\n<!-- \/\/LinkWithinCodeStart\nvar linkwithin_site_id = 1303645;\nvar linkwithin_div_class = \"linkwithin_hook\";\n\/\/LinkWithinCodeEnd -->\n<\/script>\n<script src=\"http:\/\/www.linkwithin.com\/widget.js\"><\/script>\n<a href=\"http:\/\/www.linkwithin.com\/\"><img decoding=\"async\" src=\"http:\/\/www.linkwithin.com\/pixel.png\" alt=\"Related Posts Plugin for WordPress, Blogger...\" style=\"border: 0\" \/><\/a>","protected":false},"author":1,"featured_media":0,"comment_status":"open","ping_status":"open","sticky":false,"template":"","format":"standard","meta":{"footnotes":""},"categories":[432],"tags":[433,434],"class_list":["post-2003","post","type-post","status-publish","format-standard","hentry","category-statsbudjsett-og-uforetrygd","tag-statsbudsjett","tag-uforetrygd"],"aioseo_notices":[],"_links":{"self":[{"href":"https:\/\/www.torilkremmervik.no\/blogg\/index.php?rest_route=\/wp\/v2\/posts\/2003","targetHints":{"allow":["GET"]}}],"collection":[{"href":"https:\/\/www.torilkremmervik.no\/blogg\/index.php?rest_route=\/wp\/v2\/posts"}],"about":[{"href":"https:\/\/www.torilkremmervik.no\/blogg\/index.php?rest_route=\/wp\/v2\/types\/post"}],"author":[{"embeddable":true,"href":"https:\/\/www.torilkremmervik.no\/blogg\/index.php?rest_route=\/wp\/v2\/users\/1"}],"replies":[{"embeddable":true,"href":"https:\/\/www.torilkremmervik.no\/blogg\/index.php?rest_route=%2Fwp%2Fv2%2Fcomments&post=2003"}],"version-history":[{"count":2,"href":"https:\/\/www.torilkremmervik.no\/blogg\/index.php?rest_route=\/wp\/v2\/posts\/2003\/revisions"}],"predecessor-version":[{"id":2005,"href":"https:\/\/www.torilkremmervik.no\/blogg\/index.php?rest_route=\/wp\/v2\/posts\/2003\/revisions\/2005"}],"wp:attachment":[{"href":"https:\/\/www.torilkremmervik.no\/blogg\/index.php?rest_route=%2Fwp%2Fv2%2Fmedia&parent=2003"}],"wp:term":[{"taxonomy":"category","embeddable":true,"href":"https:\/\/www.torilkremmervik.no\/blogg\/index.php?rest_route=%2Fwp%2Fv2%2Fcategories&post=2003"},{"taxonomy":"post_tag","embeddable":true,"href":"https:\/\/www.torilkremmervik.no\/blogg\/index.php?rest_route=%2Fwp%2Fv2%2Ftags&post=2003"}],"curies":[{"name":"wp","href":"https:\/\/api.w.org\/{rel}","templated":true}]}}