{"id":6701,"date":"2018-04-22T16:12:14","date_gmt":"2018-04-22T14:12:14","guid":{"rendered":"http:\/\/www.torilkremmervik.no\/blogg\/?p=6701"},"modified":"2018-04-22T16:12:14","modified_gmt":"2018-04-22T14:12:14","slug":"apriloppdatering-og-varbilder-fra-en-kjempekoselig-kveldsutflukt","status":"publish","type":"post","link":"https:\/\/www.torilkremmervik.no\/blogg\/?p=6701","title":{"rendered":"APRILOPPDATERING OG V\u00c5RBILDER FRA EN KJEMPEKOSELIG KVELDSUTFLUKT :)"},"content":{"rendered":"<p>Over midten av april som er v\u00e5rm\u00e5neden over alle v\u00e5rm\u00e5neder, og hvor har dagene og ukene blitt av? Jeg bare sp\u00f8r. Dagene og ukene har rast av g\u00e5rde.<br \/>\n&nbsp;<br \/>\n&nbsp;<br \/>\nVi har hatt noen kjempefine uker og dager med kjempefint v\u00e5rv\u00e6r med sol fra skyfri himmel. Mye sn\u00f8 har smeltet, men sn\u00f8en som ligger i marka er mer eller mindre r\u00e5tten. De siste 2-3 dagene har vi hatt gr\u00e5tt v\u00e6r med litt regn. Det regnet gj\u00f8r seg, for det hjelper til at sn\u00f8en smelter.\u00a0<br \/>\n&nbsp;<br \/>\n&nbsp;<br \/>\nTenk at det er v\u00e5r, og alt i naturen v\u00e5kner opp etter vinterdvalen. Tr\u00e6rne begynner \u00e5 f\u00e5 knopper, leirfivelen har dukket opp, gresset blir gr\u00f8nnere og noen trekkfugler har kommet tilbake som g\u00e5sa \ud83d\ude42 Det sprudler av v\u00e5rglede i rkopp og sjel &lt;3 \ud83d\ude42<br \/>\n&nbsp;<br \/>\n&nbsp;<br \/>\nPlanen for v\u00e5ren er \u00e5 ordne skikkelig ute p\u00e5 verandaen v\u00e5r med en slags sofal\u00f8sning, puter, pledd, et bord og ikke minst ny netting slik at kattene kan v\u00e6re ute. Den nettingen vi har n\u00e5 begynner \u00e5 bli rusten, og det er p\u00e5 tide \u00e5 skifte den ut. Jeg gleder meg kjempemasse til \u00e5 kose opp ute p\u00e5 verandaen. Ikke noe er som \u00e5 kose seg en varm v\u00e5r- og sommermorgen ute p\u00e5 verandaen med en god kopp kaffe og avisen \ud83d\ude42 Det er er sommer ja \ud83d\ude42<br \/>\n&nbsp;<br \/>\n&nbsp;<br \/>\nDe siste 3 ukene har jeg v\u00e6rt v\u00e6rt syk. Det begynte med forkj\u00f8lelse, men gikk over til innkapslet lungebetennelse. Jeg m\u00e5tte ha to antibiotikakurer f\u00f8r jeg ble bra. Tok mandlene i 2002, og i f\u00f8lge fastlegen min er det normalt \u00e5 f\u00e5 bronkitt eller lungebetennelse som en del av forkj\u00f8lelsen. Mandlene har en misjon.\u00a0<br \/>\n&nbsp;<br \/>\n&nbsp;<br \/>\n3 uker uten trening var kjempelange, og jeg ble rastl\u00f8s den siste uka! Man\u00a0skal aldri trene n\u00e5r man har bronkitt, lungebetennelse og feber. Det kan v\u00e6re direkte farlig fikk jeg h\u00f8re!<br \/>\n&nbsp;<br \/>\n&nbsp;<br \/>\nJeg var flink og passet dietten min mens jeg var syk, og det er kjempeforn\u00f8yd med. Den dietten jeg spiser er ren mat, og jeg merker at kroppen min har det mye bedre av \u00e5 spise ren mat! De gangene jeg sporer av fra dietten f.eks. med \u00e5 spise pizza, har ikke kroppen min det godt. Jeg f\u00f8ler dietten p\u00e5 hverdagene, men er ikke fantastisk slik at jeg kan unne meg et kakestykke i bursdager.\u00a0<br \/>\n&nbsp;<br \/>\n&nbsp;<br \/>\nS\u00f8ndag 15.04.2018 var mannen min og jeg ute p\u00e5 kinarestaurant sammen min mor og spiste, og det var kjempekoselig \ud83d\ude42 Hun liker \u00e5 spandere middag p\u00e5 s\u00f8steren og meg og v\u00e5re bedre halvdeler. Det setter vi kjempestor pris p\u00e5 &lt;3 \ud83d\ude42<br \/>\n&nbsp;<br \/>\n&nbsp;<br \/>\nOm kvelden 15.04.2018 var v\u00e6ret kjempefint, og over 15 grader i solen. Mannen min, en korvennninne av oss og jeg dro p\u00e5 utflukt ned til fj\u00e6ra utenfor Trondheim hvor vi tente b\u00e5l, slappet av, opplevde sj\u00f8en, fikk v\u00e6re vitne til en kjempemagisk og nydelig\u00a0solnedgang\u00a0og satt og pratet \ud83d\ude42 Vi hadde det kjempekoselig \ud83d\ude42 N\u00e5r det er varmt og fint v\u00e5r- og sommerv\u00e6r er vi flinke til \u00e5 dra p\u00e5 slike utflukter til sj\u00f8en, alene eller sammen med gode venner \ud83d\ude42 Gjett om vi koser oss alle sammen \ud83d\ude42\u00a0<br \/>\n&nbsp;<br \/>\n&nbsp;<br \/>\nMannen min og jeg deler interessen for fotografering, og vi elsker \u00e5 ta bilder n\u00e5r vi er p\u00e5 utflukt i fj\u00e6ra \ud83d\ude42 Det som er moro er \u00e5 finne fine motiver som vi kan fotografere \ud83d\ude42\u00a0<br \/>\n&nbsp;<br \/>\n&nbsp;<br \/>\nMandag 16.04.2018 fikk jeg begynne med trening igjen, og dere kan tro det var kjempegodt \ud83d\ude42 Jeg fikk beskjed fra fysioterapeuten om at jeg m\u00e5tte g\u00e5 ned i tempo p\u00e5 tredem\u00f8lla, og fysioterapeuten sa at jeg m\u00e5tte regne med \u00e5 holde p\u00e5 den hastigheten noen uker etter en innkapslet lungebetennelse.\u00a0<br \/>\n&nbsp;<br \/>\n&nbsp;<br \/>\nN\u00e5r det gjelder vektbelastning p\u00e5 apparatene stod jeg p\u00e5 det samme som f\u00f8r jeg ble syk, og det er jeg kjempeforn\u00f8yd med. N\u00e5 f\u00e5r jeg kun lov til \u00e5 trene styrke 2 dager i uka. Det er fordi jeg\u00a0sliter med kraftig betennelse under venstre h\u00e6l, og denne gangen er det h\u00e6lsporebetennelse. Jeg har v\u00e6rt p\u00e5 r\u00f8ntgen, og er henvist til ortoped. Selv om jeg har betennelse under h\u00e6len\u00a0fortsetter jeg \u00e5 trene to ganger i uka, og det er kjempebra med tanke p\u00e5 en operasjon. Jeg m\u00e5 igjennom en operasjon om noen m\u00e5neder, for betennelsen under h\u00e6len er kraftig. Er kjempeglad for at jeg er tilbake med treningen igjen. Treningen gir meg kjempemasse energi og glede \ud83d\ude42\u00a0<br \/>\n&nbsp;<br \/>\n&nbsp;<br \/>\nJeg f\u00f8ler jeg sprudler om dagene, jeg str\u00e5ler fordi jeg med h\u00e5nden p\u00e5 hjertet kan si jeg har det kjempebra \ud83d\ude42 Noen sp\u00f8r meg om hvordan jeg kan str\u00e5le n\u00e5r jeg sliter med kroniske betennelser i ulike ledd? Svaret er enkelt. Jeg har to alternativ. Nummer 1 er \u00e5 sette meg ned og synes synd p\u00e5 meg selv, og nummer 2 si til meg selv: &#8220;Jeg har betennelser og f\u00e5r betennelser, og slik er det bare! Det er ikke noe jeg kan gj\u00f8re noe med.&#8221;. Selvf\u00f8lgelig velger jeg nummer 2! Nummer 1 er ikke et alternativ for meg en gang.<br \/>\n&nbsp;<br \/>\n&nbsp;<br \/>\nN\u00e5r de jeg kjenner sp\u00f8r meg om hvordan jeg har det, er jeg \u00e6rlig mot dem. Det er\u00a0fordi de har sagt at de \u00f8nsker\u00a0jeg skal v\u00e6re \u00e6rlig mot dem om hvordan jeg har det. Familie, slekt og venner sier jeg har like stor rett til \u00e5 si at jeg har smerter de gangene jeg har smerter grunnet betennelsene i ulike ledd. Jeg har\u00a0blitt flinkere til \u00e5 si fra om det, og ikke bare si at jeg har det bra for \u00e5 tilfredsstille andre rundt meg. Jeg er kjempeglad for familien, slekt og alle de kjempegode vennene jeg har for at jeg kan v\u00e6re 100% meg selv slik at jeg slipper \u00e5 ta p\u00e5 meg en falsk maske. Familien min, slekt og de n\u00e6rmeste kjempegode\u00a0vennene mine kjenner meg som en \u00e5pen bok, og det samme gj\u00f8r jeg ogs\u00e5 n\u00e5r det gjelder dem &lt;3 \ud83d\ude42 Jeg har sagt det f\u00f8r, og sier det igjen. Jeg f\u00f8ler meg kjempeprivilegert som f\u00e5r ha de kjempegode og flotte vennene mine, familien og slekten min i livet mitt &lt;3 \ud83d\ude42<br \/>\n&nbsp;<br \/>\n&nbsp;<br \/>\n\u00d8nsker \u00e5 dele noen bilder med dere som jeg tok s\u00f8ndag 15.04.2018 da mannen min, korvenninnen min og jeg var p\u00e5 tur i fj\u00e6ra og tente b\u00e5l \ud83d\ude42 H\u00e5per dere liker bildene mine \ud83d\ude42\u00a0<br \/>\n&nbsp;<br \/>\n&nbsp;<\/p>\n<p style=\"text-align: center;\"><img loading=\"lazy\" decoding=\"async\" src=\"http:\/\/www.torilkremmervik.no\/blogg\/wp-content\/uploads\/2018\/04\/150418_bal_fjaere_rye9.jpg\" alt=\"\" width=\"400\" height=\"470\" class=\"aligncenter size-full wp-image-6704\" srcset=\"https:\/\/www.torilkremmervik.no\/blogg\/wp-content\/uploads\/2018\/04\/150418_bal_fjaere_rye9.jpg 400w, https:\/\/www.torilkremmervik.no\/blogg\/wp-content\/uploads\/2018\/04\/150418_bal_fjaere_rye9-255x300.jpg 255w\" sizes=\"auto, (max-width: 400px) 100vw, 400px\" \/><\/p>\n<p style=\"text-align: center;\">B\u00e5ltenning i fj\u00e6ra er kjempekoselig \ud83d\ude42<\/p>\n<p>&nbsp;<br \/>\n&nbsp;<\/p>\n<p style=\"text-align: center;\"><img loading=\"lazy\" decoding=\"async\" src=\"http:\/\/www.torilkremmervik.no\/blogg\/wp-content\/uploads\/2018\/04\/150418_gragas3.jpg\" alt=\"\" width=\"400\" height=\"403\" class=\"aligncenter size-full wp-image-6705\" srcset=\"https:\/\/www.torilkremmervik.no\/blogg\/wp-content\/uploads\/2018\/04\/150418_gragas3.jpg 400w, https:\/\/www.torilkremmervik.no\/blogg\/wp-content\/uploads\/2018\/04\/150418_gragas3-150x150.jpg 150w, https:\/\/www.torilkremmervik.no\/blogg\/wp-content\/uploads\/2018\/04\/150418_gragas3-298x300.jpg 298w\" sizes=\"auto, (max-width: 400px) 100vw, 400px\" \/><\/p>\n<p style=\"text-align: center;\">Vi var vitne til at vi fikk se tre trekk med g\u00e5s \ud83d\ude42<\/p>\n<p>&nbsp;<br \/>\n&nbsp;<\/p>\n<p style=\"text-align: center;\"><img loading=\"lazy\" decoding=\"async\" src=\"http:\/\/www.torilkremmervik.no\/blogg\/wp-content\/uploads\/2018\/04\/150418_fingerklype_sol2.jpg\" alt=\"\" width=\"512\" height=\"441\" class=\"aligncenter size-full wp-image-6706\" srcset=\"https:\/\/www.torilkremmervik.no\/blogg\/wp-content\/uploads\/2018\/04\/150418_fingerklype_sol2.jpg 512w, https:\/\/www.torilkremmervik.no\/blogg\/wp-content\/uploads\/2018\/04\/150418_fingerklype_sol2-300x258.jpg 300w\" sizes=\"auto, (max-width: 512px) 100vw, 512px\" \/><\/p>\n<p style=\"text-align: center;\">En &#8220;klype&#8221; med sol \ud83d\ude42<\/p>\n<p>&nbsp;<br \/>\n&nbsp;<\/p>\n<p style=\"text-align: center;\"><img loading=\"lazy\" decoding=\"async\" src=\"http:\/\/www.torilkremmervik.no\/blogg\/wp-content\/uploads\/2018\/04\/150418_sol_hand2.jpg\" alt=\"\" width=\"400\" height=\"406\" class=\"aligncenter size-full wp-image-6707\" srcset=\"https:\/\/www.torilkremmervik.no\/blogg\/wp-content\/uploads\/2018\/04\/150418_sol_hand2.jpg 400w, https:\/\/www.torilkremmervik.no\/blogg\/wp-content\/uploads\/2018\/04\/150418_sol_hand2-296x300.jpg 296w\" sizes=\"auto, (max-width: 400px) 100vw, 400px\" \/><\/p>\n<p style=\"text-align: center;\">Med kveldssolen i h\u00e5nden &lt;3 \ud83d\ude42<\/p>\n<p>&nbsp;<br \/>\n&nbsp;<\/p>\n<p style=\"text-align: center;\"><img loading=\"lazy\" decoding=\"async\" src=\"http:\/\/www.torilkremmervik.no\/blogg\/wp-content\/uploads\/2018\/04\/150418_solhjerte3.jpg\" alt=\"\" width=\"400\" height=\"451\" class=\"aligncenter size-full wp-image-6708\" srcset=\"https:\/\/www.torilkremmervik.no\/blogg\/wp-content\/uploads\/2018\/04\/150418_solhjerte3.jpg 400w, https:\/\/www.torilkremmervik.no\/blogg\/wp-content\/uploads\/2018\/04\/150418_solhjerte3-266x300.jpg 266w\" sizes=\"auto, (max-width: 400px) 100vw, 400px\" \/><\/p>\n<p style=\"text-align: center;\">Hjertesol \ud83d\ude42<\/p>\n<p>&nbsp;<br \/>\n&nbsp;<\/p>\n<p style=\"text-align: center;\"><img loading=\"lazy\" decoding=\"async\" src=\"http:\/\/www.torilkremmervik.no\/blogg\/wp-content\/uploads\/2018\/04\/150418_sol_gjennom_hjerte5.jpg\" alt=\"\" width=\"512\" height=\"384\" class=\"aligncenter size-full wp-image-6709\" srcset=\"https:\/\/www.torilkremmervik.no\/blogg\/wp-content\/uploads\/2018\/04\/150418_sol_gjennom_hjerte5.jpg 512w, https:\/\/www.torilkremmervik.no\/blogg\/wp-content\/uploads\/2018\/04\/150418_sol_gjennom_hjerte5-300x225.jpg 300w\" sizes=\"auto, (max-width: 512px) 100vw, 512px\" \/><\/p>\n<p style=\"text-align: center;\">Sol i hjertet &lt;3 \ud83d\ude42<\/p>\n<p>&nbsp;<br \/>\n&nbsp;<\/p>\n<p style=\"text-align: center;\"><img loading=\"lazy\" decoding=\"async\" src=\"http:\/\/www.torilkremmervik.no\/blogg\/wp-content\/uploads\/2018\/04\/150418_fra_fjaera_trondheimsfjorden5.jpg\" alt=\"\" width=\"640\" height=\"480\" class=\"aligncenter size-full wp-image-6710\" srcset=\"https:\/\/www.torilkremmervik.no\/blogg\/wp-content\/uploads\/2018\/04\/150418_fra_fjaera_trondheimsfjorden5.jpg 640w, https:\/\/www.torilkremmervik.no\/blogg\/wp-content\/uploads\/2018\/04\/150418_fra_fjaera_trondheimsfjorden5-300x225.jpg 300w\" sizes=\"auto, (max-width: 640px) 100vw, 640px\" \/><\/p>\n<p style=\"text-align: center;\">Utsikt mot Trondheimsfjorden mot ferjene som g\u00e5r over til andre siden av Trondheimsfjorden \ud83d\ude42<\/p>\n<p>&nbsp;<br \/>\n&nbsp;<\/p>\n<p style=\"text-align: center;\"><img loading=\"lazy\" decoding=\"async\" src=\"http:\/\/www.torilkremmervik.no\/blogg\/wp-content\/uploads\/2018\/04\/150418_solnedgang_fjaere_rye2.jpg\" alt=\"\" width=\"640\" height=\"480\" class=\"aligncenter size-full wp-image-6711\" srcset=\"https:\/\/www.torilkremmervik.no\/blogg\/wp-content\/uploads\/2018\/04\/150418_solnedgang_fjaere_rye2.jpg 640w, https:\/\/www.torilkremmervik.no\/blogg\/wp-content\/uploads\/2018\/04\/150418_solnedgang_fjaere_rye2-300x225.jpg 300w\" sizes=\"auto, (max-width: 640px) 100vw, 640px\" \/><\/p>\n<p style=\"text-align: center;\">Bildet av solen som har begynt \u00e5 g\u00e5 ned \ud83d\ude42<\/p>\n<p>&nbsp;<br \/>\n&nbsp;<\/p>\n<p style=\"text-align: center;\"><img loading=\"lazy\" decoding=\"async\" src=\"http:\/\/www.torilkremmervik.no\/blogg\/wp-content\/uploads\/2018\/04\/150418_gasetrekk_to6.jpg\" alt=\"\" width=\"640\" height=\"467\" class=\"aligncenter size-full wp-image-6712\" srcset=\"https:\/\/www.torilkremmervik.no\/blogg\/wp-content\/uploads\/2018\/04\/150418_gasetrekk_to6.jpg 640w, https:\/\/www.torilkremmervik.no\/blogg\/wp-content\/uploads\/2018\/04\/150418_gasetrekk_to6-300x219.jpg 300w\" sizes=\"auto, (max-width: 640px) 100vw, 640px\" \/><\/p>\n<p style=\"text-align: center;\">G\u00e5setrekk nr.2 \ud83d\ude42<\/p>\n<p>&nbsp;<br \/>\n&nbsp;<\/p>\n<p style=\"text-align: center;\"><img loading=\"lazy\" decoding=\"async\" src=\"http:\/\/www.torilkremmervik.no\/blogg\/wp-content\/uploads\/2018\/04\/150418_kveldssol5.jpg\" alt=\"\" width=\"640\" height=\"480\" class=\"aligncenter size-full wp-image-6713\" srcset=\"https:\/\/www.torilkremmervik.no\/blogg\/wp-content\/uploads\/2018\/04\/150418_kveldssol5.jpg 640w, https:\/\/www.torilkremmervik.no\/blogg\/wp-content\/uploads\/2018\/04\/150418_kveldssol5-300x225.jpg 300w\" sizes=\"auto, (max-width: 640px) 100vw, 640px\" \/><\/p>\n<p style=\"text-align: center;\">Kjempefin og magisk kveldssol \ud83d\ude42<\/p>\n<p>&nbsp;<br \/>\n&nbsp;<\/p>\n<p style=\"text-align: center;\"><img loading=\"lazy\" decoding=\"async\" src=\"http:\/\/www.torilkremmervik.no\/blogg\/wp-content\/uploads\/2018\/04\/150418_solnedgang6.jpg\" alt=\"\" width=\"640\" height=\"480\" class=\"aligncenter size-full wp-image-6714\" srcset=\"https:\/\/www.torilkremmervik.no\/blogg\/wp-content\/uploads\/2018\/04\/150418_solnedgang6.jpg 640w, https:\/\/www.torilkremmervik.no\/blogg\/wp-content\/uploads\/2018\/04\/150418_solnedgang6-300x225.jpg 300w\" sizes=\"auto, (max-width: 640px) 100vw, 640px\" \/><\/p>\n<p style=\"text-align: center;\">Bildet av solen som snart hadde g\u00e5tt ned \ud83d\ude42<\/p>\n<p>&nbsp;<br \/>\n&nbsp;<\/p>\n<p style=\"text-align: center;\"><img loading=\"lazy\" decoding=\"async\" src=\"http:\/\/www.torilkremmervik.no\/blogg\/wp-content\/uploads\/2018\/04\/150418_solnedgang7.jpg\" alt=\"\" width=\"640\" height=\"480\" class=\"aligncenter size-full wp-image-6715\" srcset=\"https:\/\/www.torilkremmervik.no\/blogg\/wp-content\/uploads\/2018\/04\/150418_solnedgang7.jpg 640w, https:\/\/www.torilkremmervik.no\/blogg\/wp-content\/uploads\/2018\/04\/150418_solnedgang7-300x225.jpg 300w\" sizes=\"auto, (max-width: 640px) 100vw, 640px\" \/><\/p>\n<p style=\"text-align: center;\">Der var solen g\u00e5tt ned, og himmelen fikk en kjempevakkert og lys p\u00e5 seg over fjellene &lt;3 \ud83d\ude42<\/p>\n<p>&nbsp;<br \/>\n&nbsp;<\/p>\n<p style=\"text-align: center;\"><img loading=\"lazy\" decoding=\"async\" src=\"http:\/\/www.torilkremmervik.no\/blogg\/wp-content\/uploads\/2018\/04\/150418_gasetrekk_tre5.jpg\" alt=\"\" width=\"400\" height=\"443\" class=\"aligncenter size-full wp-image-6716\" srcset=\"https:\/\/www.torilkremmervik.no\/blogg\/wp-content\/uploads\/2018\/04\/150418_gasetrekk_tre5.jpg 400w, https:\/\/www.torilkremmervik.no\/blogg\/wp-content\/uploads\/2018\/04\/150418_gasetrekk_tre5-271x300.jpg 271w\" sizes=\"auto, (max-width: 400px) 100vw, 400px\" \/><\/p>\n<p style=\"text-align: center;\">G\u00e5setrekk nr.3 \ud83d\ude42<\/p>\n<div class=\"linkwithin_hook\" id=\"https:\/\/www.torilkremmervik.no\/blogg\/?p=6701\"><\/div><script>\n<!-- \/\/LinkWithinCodeStart\nvar linkwithin_site_id = 1303645;\nvar linkwithin_div_class = \"linkwithin_hook\";\n\/\/LinkWithinCodeEnd -->\n<\/script>\n<script src=\"http:\/\/www.linkwithin.com\/widget.js\"><\/script>\n<a href=\"http:\/\/www.linkwithin.com\/\"><img decoding=\"async\" src=\"http:\/\/www.linkwithin.com\/pixel.png\" alt=\"Related Posts Plugin for WordPress, Blogger...\" style=\"border: 0\" \/><\/a>","protected":false},"excerpt":{"rendered":"<p>Over midten av april som er v\u00e5rm\u00e5neden over alle v\u00e5rm\u00e5neder, og hvor har dagene og ukene blitt av? Jeg bare sp\u00f8r. Dagene og ukene har rast av g\u00e5rde. &nbsp; &nbsp; Vi har hatt noen kjempefine uker og dager med kjempefint &hellip; <a href=\"https:\/\/www.torilkremmervik.no\/blogg\/?p=6701\">Continue reading <span class=\"meta-nav\">&rarr;<\/span><\/a><\/p>\n<script>\n<!-- \/\/LinkWithinCodeStart\nvar linkwithin_site_id = 1303645;\nvar linkwithin_div_class = \"linkwithin_hook\";\n\/\/LinkWithinCodeEnd -->\n<\/script>\n<script src=\"http:\/\/www.linkwithin.com\/widget.js\"><\/script>\n<a href=\"http:\/\/www.linkwithin.com\/\"><img decoding=\"async\" src=\"http:\/\/www.linkwithin.com\/pixel.png\" alt=\"Related Posts Plugin for WordPress, Blogger...\" style=\"border: 0\" \/><\/a>","protected":false},"author":1,"featured_media":0,"comment_status":"open","ping_status":"open","sticky":false,"template":"","format":"standard","meta":{"footnotes":""},"categories":[2206],"tags":[790,1160,1033,2208,2120,2207,2209,1446,379,1497,745],"class_list":["post-6701","post","type-post","status-publish","format-standard","hentry","category-apriloppdatering-og-bilder","tag-april","tag-bilder","tag-daglige-gjoremal","tag-frisk-igjen","tag-kosthold","tag-oppdatering-av-den-siste-uka","tag-tenne-bal","tag-trening","tag-trondheim","tag-utflukt-til-fjaera","tag-var"],"aioseo_notices":[],"_links":{"self":[{"href":"https:\/\/www.torilkremmervik.no\/blogg\/index.php?rest_route=\/wp\/v2\/posts\/6701","targetHints":{"allow":["GET"]}}],"collection":[{"href":"https:\/\/www.torilkremmervik.no\/blogg\/index.php?rest_route=\/wp\/v2\/posts"}],"about":[{"href":"https:\/\/www.torilkremmervik.no\/blogg\/index.php?rest_route=\/wp\/v2\/types\/post"}],"author":[{"embeddable":true,"href":"https:\/\/www.torilkremmervik.no\/blogg\/index.php?rest_route=\/wp\/v2\/users\/1"}],"replies":[{"embeddable":true,"href":"https:\/\/www.torilkremmervik.no\/blogg\/index.php?rest_route=%2Fwp%2Fv2%2Fcomments&post=6701"}],"version-history":[{"count":3,"href":"https:\/\/www.torilkremmervik.no\/blogg\/index.php?rest_route=\/wp\/v2\/posts\/6701\/revisions"}],"predecessor-version":[{"id":6717,"href":"https:\/\/www.torilkremmervik.no\/blogg\/index.php?rest_route=\/wp\/v2\/posts\/6701\/revisions\/6717"}],"wp:attachment":[{"href":"https:\/\/www.torilkremmervik.no\/blogg\/index.php?rest_route=%2Fwp%2Fv2%2Fmedia&parent=6701"}],"wp:term":[{"taxonomy":"category","embeddable":true,"href":"https:\/\/www.torilkremmervik.no\/blogg\/index.php?rest_route=%2Fwp%2Fv2%2Fcategories&post=6701"},{"taxonomy":"post_tag","embeddable":true,"href":"https:\/\/www.torilkremmervik.no\/blogg\/index.php?rest_route=%2Fwp%2Fv2%2Ftags&post=6701"}],"curies":[{"name":"wp","href":"https:\/\/api.w.org\/{rel}","templated":true}]}}