{"id":6781,"date":"2018-06-03T14:28:26","date_gmt":"2018-06-03T12:28:26","guid":{"rendered":"http:\/\/www.torilkremmervik.no\/blogg\/?p=6781"},"modified":"2018-06-03T14:28:26","modified_gmt":"2018-06-03T12:28:26","slug":"har-hatt-noen-fantastiske-uker-med-sol-og-kjempeherlig-vaer","status":"publish","type":"post","link":"https:\/\/www.torilkremmervik.no\/blogg\/?p=6781","title":{"rendered":"HAR HATT NOEN FANTASTISKE UKER MED SOL OG KJEMPEHERLIG V\u00c6R :)"},"content":{"rendered":"<p>Hva skal man si da. Vi Tr\u00f8ndere er overveldet over det kjempeherlige og flotte v\u00e6ret med sol fra skyfri himmel vi har hatt i nesten 2 uker i ett strekk i mai m\u00e5ned! Det er nesten ikke til \u00e5 tro. Enda s\u00e5 skriver vi 03.06.2018, og sommeren har s\u00e5 vidt\u00a0begynt.\u00a0<br \/>\n&nbsp;<br \/>\n&nbsp;<br \/>\nDet er meldt overskyet og litt kaldere n\u00e5, men jeg tror litt regn gj\u00f8r naturen godt, for det er t\u00f8rt ute n\u00e5 ja. Trenger ikke regne i syv fjortendager!<br \/>\n&nbsp;<br \/>\n&nbsp;<br \/>\nN\u00e5 begynner det \u00e5 g\u00e5 mot sommerferie p\u00e5 fritidsinteressene jeg holder p\u00e5 med. 19.06.2018 er det sommeravslutning med kurvfest for koret. Vi i redaksjonen i Bel Canto (koravisen i Norges Korforbund S\u00f8r-Tr\u00f8ndelag) kom ut med siste\u00a0 nummer av koravsien for sommeren 2018. I katteklubben jeg er med i planleggere vi katteutstilling 07.07 &#8211; 08.07.2018 her i Trondheim. Vi styret i Aby- og somaliringen skal ha v\u00e5rt siste styrem\u00f8te f\u00f8r sommeren i juni.\u00a0<br \/>\n&nbsp;<br \/>\n&nbsp;<br \/>\nDet skal bli godt med sommerferie, men man savner jo ukentlige kor\u00f8velser n\u00e5r sommerfereien n\u00e6rmer seg slutten. F\u00e5r litt abstinens \ud83d\ude42 Ha, ha, ha \ud83d\ude42<br \/>\n&nbsp;<br \/>\n&nbsp;<br \/>\nN\u00e5r det er fint v\u00e6r og varmt ute pr\u00f8ver mannen min og jeg \u00e5 ta turen ut til sj\u00f8en. B\u00e5de mannen min og jeg liker \u00e5 fotografere, og ikke noe er som \u00e5 pr\u00f8ve \u00e5 f\u00e5 tatt bilder av en vakker solnedgang \ud83d\ude42 Vi f\u00e5r ogs\u00e5 med venner og vennepar n\u00e5r vi drar p\u00e5 tur til sj\u00f8en, og det er kjempekoselig. Da tenner vi b\u00e5l, sitter og prater og har det kjempesosialt \ud83d\ude42\u00a0<br \/>\n&nbsp;<br \/>\n&nbsp;<br \/>\nOnsdag 30.05.2018 dro mannen min, en korvenninne av oss og jeg ut til sj\u00f8en litt uten for Trondheim. Vi hadde sjekket p\u00e5 Trondheim Kommunes sine hjemmesider hva det stod om \u00e5 tenne b\u00e5l. Der var det var kun i skogen det var b\u00e5lforbud. Ikke i fj\u00e6resteinene hvor det blir flo.<br \/>\n&nbsp;<br \/>\n&nbsp;<br \/>\nIkke noe er som \u00e5 sitte ved sj\u00f8en, v\u00e6re helt stille, h\u00f8re p\u00e5 m\u00e5kene, h\u00f8re sj\u00f8fuglene og h\u00f8re b\u00f8lgeskvulpen. Det er meditasjon i seg selv, og man f\u00e5r en slik innvendig fred og ro i sjelen \ud83d\ude42\u00a0<br \/>\n&nbsp;<br \/>\n&nbsp;<br \/>\nI uken som var var jeg til etterkontroll til ortopeden i forbindelse med operasjonen jeg hadde i fjor h\u00f8st. Ortopeden sier at h\u00e5ndleddene er totalt utslitt, og jeg har ingen brusk igjen noe som medf\u00f8rer kroniske smerter og beinsmerter i begge h\u00e5ndleddene.\u00a0<br \/>\n&nbsp;<br \/>\n&nbsp;<br \/>\nDet eneste som kan gj\u00f8res \u00a0er \u00e5 stive av h\u00e5ndleddene, men ortopeden vil at jeg venter 3-4 \u00e5r f\u00f8r jeg tar den operasjonen. Fikk beskjed om at jeg skal bruke h\u00e5ndleddsst\u00f8tte i alt jeg skal foreta meg hvor jeg bruker h\u00e5nden.<br \/>\n&nbsp;<br \/>\n&nbsp;<br \/>\nFastlegen, ortoped og fysioterapeut er 100% enige i at jeg m\u00e5 s\u00f8ke om 100% uf\u00f8retrygd. N\u00e5 i dag har jeg 80%.<br \/>\n&nbsp;<br \/>\n&nbsp;<br \/>\nJeg kommer til \u00e5 ta fl\u00f8ytespillejobb, men jeg kommer til \u00e5 tilby mine tjenester gratis. Stortrives med \u00e5 ha spillejobber p\u00e5 fl\u00f8yta, for jeg elsker \u00e5 formidle musikk til de som h\u00f8rer p\u00e5.\u00a0<br \/>\n&nbsp;<br \/>\n&nbsp;<br \/>\nDet er kjempeherlig at jeg selv kan velge n\u00e5r jeg vil spille og ikke spille. Hvis\u00a0jeg en vond periode med h\u00e5ndleddene og f\u00f8ttene mine takker jeg nei til spillejobber, men i gode perioder takker jeg ja.\u00a0<br \/>\n&nbsp;<br \/>\n&nbsp;<br \/>\nDet er kjempegodt og endelig \u00e5 ha f\u00e5tt et svar p\u00e5 hvorfor jeg sliter slik med h\u00e5ndleddene, og hvorfor det gj\u00f8r vondt n\u00e5r jeg vrir og vender p\u00e5 h\u00e5ndleddet i forskjellige posisjoner.<br \/>\n&nbsp;<br \/>\n&nbsp;<br \/>\nJeg har lyst til \u00e5 dele bilder med dere fra da mannen min, en venninne fra koret og jeg var p\u00e5 en kvelds- og fotoutflukt til fj\u00e6ra litt utenfor Trondheim hvor vi ble vitne til en kjempefantastsik solnedgang \ud83d\ude42 H\u00e5per dere liker bildene mine \ud83d\ude42\u00a0<br \/>\n&nbsp;<br \/>\n&nbsp;<\/p>\n<p style=\"text-align: center;\"><img loading=\"lazy\" decoding=\"async\" src=\"http:\/\/www.torilkremmervik.no\/blogg\/wp-content\/uploads\/2018\/06\/300518_fjaera_rye_byneset4.jpg\" alt=\"\" width=\"640\" height=\"480\" class=\"aligncenter size-full wp-image-6784\" srcset=\"https:\/\/www.torilkremmervik.no\/blogg\/wp-content\/uploads\/2018\/06\/300518_fjaera_rye_byneset4.jpg 640w, https:\/\/www.torilkremmervik.no\/blogg\/wp-content\/uploads\/2018\/06\/300518_fjaera_rye_byneset4-300x225.jpg 300w\" sizes=\"auto, (max-width: 640px) 100vw, 640px\" \/><\/p>\n<p style=\"text-align: center;\">Kveldsutflukt til f\u00e6ra for \u00e5 kose oss og se p\u00e5 solnedgangen \ud83d\ude42<\/p>\n<p>&nbsp;<br \/>\n&nbsp;<\/p>\n<p style=\"text-align: center;\"><img loading=\"lazy\" decoding=\"async\" src=\"http:\/\/www.torilkremmervik.no\/blogg\/wp-content\/uploads\/2018\/06\/300518_bal_fjaera_rye5.jpg\" alt=\"\" width=\"512\" height=\"438\" class=\"aligncenter size-full wp-image-6785\" srcset=\"https:\/\/www.torilkremmervik.no\/blogg\/wp-content\/uploads\/2018\/06\/300518_bal_fjaera_rye5.jpg 512w, https:\/\/www.torilkremmervik.no\/blogg\/wp-content\/uploads\/2018\/06\/300518_bal_fjaera_rye5-300x257.jpg 300w\" sizes=\"auto, (max-width: 512px) 100vw, 512px\" \/><\/p>\n<p style=\"text-align: center;\">Det var ikke noe problem \u00e5 tenne b\u00e5l i fj\u00e6ra, for grunnen var s\u00e5 fuktig, og n\u00e6r sj\u00f8en \ud83d\ude42<\/p>\n<p>&nbsp;<br \/>\n&nbsp;<\/p>\n<p style=\"text-align: center;\"><img loading=\"lazy\" decoding=\"async\" src=\"http:\/\/www.torilkremmervik.no\/blogg\/wp-content\/uploads\/2018\/06\/300518_bla_himmel3.jpg\" alt=\"\" width=\"512\" height=\"384\" class=\"aligncenter size-full wp-image-6786\" srcset=\"https:\/\/www.torilkremmervik.no\/blogg\/wp-content\/uploads\/2018\/06\/300518_bla_himmel3.jpg 512w, https:\/\/www.torilkremmervik.no\/blogg\/wp-content\/uploads\/2018\/06\/300518_bla_himmel3-300x225.jpg 300w\" sizes=\"auto, (max-width: 512px) 100vw, 512px\" \/><\/p>\n<p style=\"text-align: center;\">Det var kjempeherlig v\u00e6r med sol fra skyfri himmel\u00a0\ud83d\ude42<\/p>\n<p>&nbsp;<br \/>\n&nbsp;<\/p>\n<p style=\"text-align: center;\"><img loading=\"lazy\" decoding=\"async\" src=\"http:\/\/www.torilkremmervik.no\/blogg\/wp-content\/uploads\/2018\/06\/300518_kveldssol_rye3-1.jpg\" alt=\"\" width=\"512\" height=\"441\" class=\"aligncenter size-full wp-image-6787\" srcset=\"https:\/\/www.torilkremmervik.no\/blogg\/wp-content\/uploads\/2018\/06\/300518_kveldssol_rye3-1.jpg 512w, https:\/\/www.torilkremmervik.no\/blogg\/wp-content\/uploads\/2018\/06\/300518_kveldssol_rye3-1-300x258.jpg 300w\" sizes=\"auto, (max-width: 512px) 100vw, 512px\" \/><\/p>\n<p style=\"text-align: center;\">Kjempefin kveldssol over Trondheimsfjorden \ud83d\ude42\u00a0 \ud83d\ude42<\/p>\n<p>&nbsp;<br \/>\n&nbsp;<\/p>\n<p style=\"text-align: center;\"><img loading=\"lazy\" decoding=\"async\" src=\"http:\/\/www.torilkremmervik.no\/blogg\/wp-content\/uploads\/2018\/06\/300518_kystvakt5.jpg\" alt=\"\" width=\"512\" height=\"453\" class=\"aligncenter size-full wp-image-6788\" srcset=\"https:\/\/www.torilkremmervik.no\/blogg\/wp-content\/uploads\/2018\/06\/300518_kystvakt5.jpg 512w, https:\/\/www.torilkremmervik.no\/blogg\/wp-content\/uploads\/2018\/06\/300518_kystvakt5-300x265.jpg 300w\" sizes=\"auto, (max-width: 512px) 100vw, 512px\" \/><\/p>\n<p style=\"text-align: center;\">Ute i Trondheimsfjorden l\u00e5 kystvaktskipet KV Njord.\u00a0 \ud83d\ude42<\/p>\n<p>&nbsp;<br \/>\n&nbsp;<\/p>\n<p style=\"text-align: center;\"><img loading=\"lazy\" decoding=\"async\" src=\"http:\/\/www.torilkremmervik.no\/blogg\/wp-content\/uploads\/2018\/06\/300518_moloen_utenfor_fjaera5.jpg\" alt=\"\" width=\"512\" height=\"412\" class=\"aligncenter size-full wp-image-6789\" srcset=\"https:\/\/www.torilkremmervik.no\/blogg\/wp-content\/uploads\/2018\/06\/300518_moloen_utenfor_fjaera5.jpg 512w, https:\/\/www.torilkremmervik.no\/blogg\/wp-content\/uploads\/2018\/06\/300518_moloen_utenfor_fjaera5-300x241.jpg 300w\" sizes=\"auto, (max-width: 512px) 100vw, 512px\" \/><\/p>\n<p style=\"text-align: center;\">Fr\u00f8setskj\u00e6ret utenfor fj\u00e6ra der vi var p\u00e5 utflukt \ud83d\ude42<\/p>\n<p>&nbsp;<br \/>\n&nbsp;<\/p>\n<p style=\"text-align: center;\"><img loading=\"lazy\" decoding=\"async\" src=\"http:\/\/www.torilkremmervik.no\/blogg\/wp-content\/uploads\/2018\/06\/300518_kveldssolen_rye6.jpg\" alt=\"\" width=\"512\" height=\"448\" class=\"aligncenter size-full wp-image-6790\" srcset=\"https:\/\/www.torilkremmervik.no\/blogg\/wp-content\/uploads\/2018\/06\/300518_kveldssolen_rye6.jpg 512w, https:\/\/www.torilkremmervik.no\/blogg\/wp-content\/uploads\/2018\/06\/300518_kveldssolen_rye6-300x263.jpg 300w\" sizes=\"auto, (max-width: 512px) 100vw, 512px\" \/><\/p>\n<p style=\"text-align: center;\">Kjempefin kveldssol over Fosenfjellene sett fra fj\u00e6ra der vi var p\u00e5 utflukt \ud83d\ude42<\/p>\n<p>&nbsp;<br \/>\n&nbsp;<\/p>\n<p style=\"text-align: center;\"><img loading=\"lazy\" decoding=\"async\" src=\"http:\/\/www.torilkremmervik.no\/blogg\/wp-content\/uploads\/2018\/06\/300518_solnedgang5.jpg\" alt=\"\" width=\"640\" height=\"480\" class=\"aligncenter size-full wp-image-6791\" srcset=\"https:\/\/www.torilkremmervik.no\/blogg\/wp-content\/uploads\/2018\/06\/300518_solnedgang5.jpg 640w, https:\/\/www.torilkremmervik.no\/blogg\/wp-content\/uploads\/2018\/06\/300518_solnedgang5-300x225.jpg 300w\" sizes=\"auto, (max-width: 640px) 100vw, 640px\" \/><\/p>\n<p style=\"text-align: center;\">Vi ble vitne til en kjempenydelig og fin solnedag. Her g\u00e5r solen ned bak Fosenfjellene \ud83d\ude42<\/p>\n<p>&nbsp;<br \/>\n&nbsp;<\/p>\n<p style=\"text-align: center;\"><img loading=\"lazy\" decoding=\"async\" src=\"http:\/\/www.torilkremmervik.no\/blogg\/wp-content\/uploads\/2018\/06\/300518_kveldshimmel7.jpg\" alt=\"\" width=\"640\" height=\"480\" class=\"aligncenter size-full wp-image-6792\" srcset=\"https:\/\/www.torilkremmervik.no\/blogg\/wp-content\/uploads\/2018\/06\/300518_kveldshimmel7.jpg 640w, https:\/\/www.torilkremmervik.no\/blogg\/wp-content\/uploads\/2018\/06\/300518_kveldshimmel7-300x225.jpg 300w\" sizes=\"auto, (max-width: 640px) 100vw, 640px\" \/><\/p>\n<p style=\"text-align: center;\">Kjempefin og nydelig farge p\u00e5 kveldshimmelen \ud83d\ude42<\/p>\n<div class=\"linkwithin_hook\" id=\"https:\/\/www.torilkremmervik.no\/blogg\/?p=6781\"><\/div><script>\n<!-- \/\/LinkWithinCodeStart\nvar linkwithin_site_id = 1303645;\nvar linkwithin_div_class = \"linkwithin_hook\";\n\/\/LinkWithinCodeEnd -->\n<\/script>\n<script src=\"http:\/\/www.linkwithin.com\/widget.js\"><\/script>\n<a href=\"http:\/\/www.linkwithin.com\/\"><img decoding=\"async\" src=\"http:\/\/www.linkwithin.com\/pixel.png\" alt=\"Related Posts Plugin for WordPress, Blogger...\" style=\"border: 0\" \/><\/a>","protected":false},"excerpt":{"rendered":"<p>Hva skal man si da. Vi Tr\u00f8ndere er overveldet over det kjempeherlige og flotte v\u00e6ret med sol fra skyfri himmel vi har hatt i nesten 2 uker i ett strekk i mai m\u00e5ned! Det er nesten ikke til \u00e5 tro. &hellip; <a href=\"https:\/\/www.torilkremmervik.no\/blogg\/?p=6781\">Continue reading <span class=\"meta-nav\">&rarr;<\/span><\/a><\/p>\n<script>\n<!-- \/\/LinkWithinCodeStart\nvar linkwithin_site_id = 1303645;\nvar linkwithin_div_class = \"linkwithin_hook\";\n\/\/LinkWithinCodeEnd -->\n<\/script>\n<script src=\"http:\/\/www.linkwithin.com\/widget.js\"><\/script>\n<a href=\"http:\/\/www.linkwithin.com\/\"><img decoding=\"async\" src=\"http:\/\/www.linkwithin.com\/pixel.png\" alt=\"Related Posts Plugin for WordPress, Blogger...\" style=\"border: 0\" \/><\/a>","protected":false},"author":1,"featured_media":0,"comment_status":"open","ping_status":"open","sticky":false,"template":"","format":"standard","meta":{"footnotes":""},"categories":[2242],"tags":[1160,1200,2245,1499,355,2244,2246,379,1497,745,2243],"class_list":["post-6781","post","type-post","status-publish","format-standard","hentry","category-kjempefin-solnedgangkveld","tag-bilder","tag-bloggoppdatering","tag-byneset","tag-kveldssol","tag-mai-2","tag-rye","tag-solnedgang","tag-trondheim","tag-utflukt-til-fjaera","tag-var","tag-varkveld"],"aioseo_notices":[],"_links":{"self":[{"href":"https:\/\/www.torilkremmervik.no\/blogg\/index.php?rest_route=\/wp\/v2\/posts\/6781","targetHints":{"allow":["GET"]}}],"collection":[{"href":"https:\/\/www.torilkremmervik.no\/blogg\/index.php?rest_route=\/wp\/v2\/posts"}],"about":[{"href":"https:\/\/www.torilkremmervik.no\/blogg\/index.php?rest_route=\/wp\/v2\/types\/post"}],"author":[{"embeddable":true,"href":"https:\/\/www.torilkremmervik.no\/blogg\/index.php?rest_route=\/wp\/v2\/users\/1"}],"replies":[{"embeddable":true,"href":"https:\/\/www.torilkremmervik.no\/blogg\/index.php?rest_route=%2Fwp%2Fv2%2Fcomments&post=6781"}],"version-history":[{"count":2,"href":"https:\/\/www.torilkremmervik.no\/blogg\/index.php?rest_route=\/wp\/v2\/posts\/6781\/revisions"}],"predecessor-version":[{"id":6793,"href":"https:\/\/www.torilkremmervik.no\/blogg\/index.php?rest_route=\/wp\/v2\/posts\/6781\/revisions\/6793"}],"wp:attachment":[{"href":"https:\/\/www.torilkremmervik.no\/blogg\/index.php?rest_route=%2Fwp%2Fv2%2Fmedia&parent=6781"}],"wp:term":[{"taxonomy":"category","embeddable":true,"href":"https:\/\/www.torilkremmervik.no\/blogg\/index.php?rest_route=%2Fwp%2Fv2%2Fcategories&post=6781"},{"taxonomy":"post_tag","embeddable":true,"href":"https:\/\/www.torilkremmervik.no\/blogg\/index.php?rest_route=%2Fwp%2Fv2%2Ftags&post=6781"}],"curies":[{"name":"wp","href":"https:\/\/api.w.org\/{rel}","templated":true}]}}