{"id":8037,"date":"2019-05-18T23:06:31","date_gmt":"2019-05-18T21:06:31","guid":{"rendered":"http:\/\/www.torilkremmervik.no\/blogg\/?p=8037"},"modified":"2019-05-18T23:06:31","modified_gmt":"2019-05-18T21:06:31","slug":"min-17-mai-i-ord-og-bilder","status":"publish","type":"post","link":"https:\/\/www.torilkremmervik.no\/blogg\/?p=8037","title":{"rendered":"MIN 17.MAI I ORD OG BILDER :)"},"content":{"rendered":"<p>Vel overst\u00e5tt 17.mai alle sammen \ud83d\ude42 Jeg h\u00e5per alle mine bloggvenner, f\u00f8lgere og blogglesere hadde en kjempefin feiring av Nasjonaldagen i g\u00e5r \ud83d\ude42<br \/>\n&nbsp;<br \/>\n&nbsp;<br \/>\nVi hadde en kjempefin 17.mai-feiring sammen s\u00f8sknene v\u00e5re. Kl.10.30 dro vi p\u00e5 Tiller for \u00e5 se p\u00e5 barnetoget der. Min niese sin eldste s\u00f8nn gikk i toget for f\u00f8rste gang, og han \u00f8nsket at noen kunne komme for \u00e5 se p\u00e5 ham i toget. Husker jo selv fra jeg gikk p\u00e5 barneskolen hvor moro det var n\u00e5r familie, slekt og venner stod langs ruten der hvor barnetoget gikk og ropte: &#8220;Hurra&#8221; til meg. Jo flere vi s\u00e5, jo stoltere ble vi \ud83d\ude42<br \/>\n&nbsp;<br \/>\n&nbsp;<br \/>\nVi ble med ned p\u00e5 skolen hvor min niese sin s\u00f8nn g\u00e5r p\u00e5 17.mai-tilstelning sammen med s\u00f8steren min, svogeren min og familien til min niese. Kj\u00f8pte oss kaffe og is, og vi st\u00f8ttet skolen med \u00e5 kj\u00f8pe lodd. Det \u00e5 f\u00e5 se gleden til unger p\u00e5 en dag 17.mai er noe helt spesielt, for det er jo barnas dag \ud83d\ude42 Vi hadde en kjempekoselig formiddag \ud83d\ude42<br \/>\n&nbsp;<br \/>\n&nbsp;<br \/>\nOm ettermiddagen dro mannen min, en venninne av meg og jeg p\u00e5 bes\u00f8k til broren til mannen min, kona hans og s\u00f8nnene deres. Vi grillet og koste ute i hagen deres oss med kaffe og bl\u00f8tekake \ud83d\ude42 Hadde en kjempekoselig ettermiddag og kveld \ud83d\ude42<br \/>\n&nbsp;<br \/>\n&nbsp;<br \/>\nPrikken over &#8220;i-en&#8221; var det kjempefine og nydelige v\u00e6ret med sol, bl\u00e5 himmel og over 20 grader \ud83d\ude42 V\u00e6ret har kjempemasse \u00e5 si p\u00e5 en dag som 17.mai. Synes synd p\u00e5 ungene hvis v\u00e6ret er v\u00e5tt og kaldt med regnv\u00e6r.<br \/>\n&nbsp;<br \/>\n&nbsp;<br \/>\nVi hadde en kjempekoselig 17.mai, og det er kjempekoselig \u00e5 v\u00e6re sammen familie, og det fikk vi i g\u00e5r \ud83d\ude42<br \/>\n&nbsp;<br \/>\n&nbsp;<br \/>\nI dag har det v\u00e6rt en avslappende og rolig dag. Det ble en del g\u00e5ing i g\u00e5r, og i dag har jeg hatt vondt i h\u00e6lene mine, og jeg har satt med foten h\u00f8yt.<br \/>\n&nbsp;<br \/>\n&nbsp;<br \/>\nJeg h\u00e5per dere har hatt en fin 17.mai, og at dere har kost dere? Her f\u00e5r dere se noen bilder som jeg har tatt, og h\u00e5per dere liker bildene mine \ud83d\ude42<br \/>\n&nbsp;<br \/>\n&nbsp;<\/p>\n<p style=\"text-align: center;\"><img loading=\"lazy\" decoding=\"async\" src=\"http:\/\/www.torilkremmervik.no\/blogg\/wp-content\/uploads\/2019\/05\/170519_flagg3a.jpg\" alt=\"\" width=\"400\" height=\"450\" class=\"aligncenter size-full wp-image-8038\" srcset=\"https:\/\/www.torilkremmervik.no\/blogg\/wp-content\/uploads\/2019\/05\/170519_flagg3a.jpg 400w, https:\/\/www.torilkremmervik.no\/blogg\/wp-content\/uploads\/2019\/05\/170519_flagg3a-267x300.jpg 267w\" sizes=\"auto, (max-width: 400px) 100vw, 400px\" \/><\/p>\n<p style=\"text-align: center;\">17.mai, og balkongflagget i r\u00f8dt, hvitt og bl\u00e5tt har blitt hengt opp \ud83d\ude42 <\/p>\n<p>&nbsp;<br \/>\n&nbsp;<\/p>\n<p style=\"text-align: center;\"><img loading=\"lazy\" decoding=\"async\" src=\"http:\/\/www.torilkremmervik.no\/blogg\/wp-content\/uploads\/2019\/05\/170519_pynt2a.jpg\" alt=\"\" width=\"512\" height=\"473\" class=\"aligncenter size-full wp-image-8039\" srcset=\"https:\/\/www.torilkremmervik.no\/blogg\/wp-content\/uploads\/2019\/05\/170519_pynt2a.jpg 512w, https:\/\/www.torilkremmervik.no\/blogg\/wp-content\/uploads\/2019\/05\/170519_pynt2a-300x277.jpg 300w\" sizes=\"auto, (max-width: 512px) 100vw, 512px\" \/><\/p>\n<p style=\"text-align: center;\">Pyntet med bj\u00f8kekvister og flagg ute p\u00e5 verandaen \ud83d\ude42<\/p>\n<p>&nbsp;<br \/>\n&nbsp;<\/p>\n<p style=\"text-align: center;\"><img loading=\"lazy\" decoding=\"async\" src=\"http:\/\/www.torilkremmervik.no\/blogg\/wp-content\/uploads\/2019\/05\/170519_venter_pa_tog1a.jpg\" alt=\"\" width=\"400\" height=\"453\" class=\"aligncenter size-full wp-image-8040\" srcset=\"https:\/\/www.torilkremmervik.no\/blogg\/wp-content\/uploads\/2019\/05\/170519_venter_pa_tog1a.jpg 400w, https:\/\/www.torilkremmervik.no\/blogg\/wp-content\/uploads\/2019\/05\/170519_venter_pa_tog1a-265x300.jpg 265w\" sizes=\"auto, (max-width: 400px) 100vw, 400px\" \/><\/p>\n<p style=\"text-align: center;\">Dette er beviset p\u00e5 en perfekt 17.mai. En 17.mai med sol, bl\u00e5 himmel og gr\u00f8nne blader p\u00e5 grenene \ud83d\ude42 <\/p>\n<p>&nbsp;<br \/>\n&nbsp;<\/p>\n<p style=\"text-align: center;\"><img loading=\"lazy\" decoding=\"async\" src=\"http:\/\/www.torilkremmervik.no\/blogg\/wp-content\/uploads\/2019\/05\/170519_toget_tiller1a.jpg\" alt=\"\" width=\"400\" height=\"421\" class=\"aligncenter size-full wp-image-8041\" srcset=\"https:\/\/www.torilkremmervik.no\/blogg\/wp-content\/uploads\/2019\/05\/170519_toget_tiller1a.jpg 400w, https:\/\/www.torilkremmervik.no\/blogg\/wp-content\/uploads\/2019\/05\/170519_toget_tiller1a-285x300.jpg 285w\" sizes=\"auto, (max-width: 400px) 100vw, 400px\" \/><\/p>\n<p style=\"text-align: center;\">17.mai-toget p\u00e5 Tiller ankommer der vi stod og ventet \ud83d\ude42<\/p>\n<p>&nbsp;<br \/>\n&nbsp;<\/p>\n<p style=\"text-align: center;\"><img loading=\"lazy\" decoding=\"async\" src=\"http:\/\/www.torilkremmervik.no\/blogg\/wp-content\/uploads\/2019\/05\/170519_tillerbyen_skolekorps_harstad_skole2a.jpg\" alt=\"\" width=\"640\" height=\"480\" class=\"aligncenter size-full wp-image-8042\" srcset=\"https:\/\/www.torilkremmervik.no\/blogg\/wp-content\/uploads\/2019\/05\/170519_tillerbyen_skolekorps_harstad_skole2a.jpg 640w, https:\/\/www.torilkremmervik.no\/blogg\/wp-content\/uploads\/2019\/05\/170519_tillerbyen_skolekorps_harstad_skole2a-300x225.jpg 300w\" sizes=\"auto, (max-width: 640px) 100vw, 640px\" \/><\/p>\n<p style=\"text-align: center;\">Tillerbyen Skolekorps i 17.mai-toget \ud83d\ude42 Korpsmusikk h\u00f8rer 17.mai med \ud83d\ude42<\/p>\n<p>&nbsp;<br \/>\n&nbsp;<\/p>\n<p style=\"text-align: center;\"><img loading=\"lazy\" decoding=\"async\" src=\"http:\/\/www.torilkremmervik.no\/blogg\/wp-content\/uploads\/2019\/05\/170519_harstad_skole1a.jpg\" alt=\"\" width=\"640\" height=\"480\" class=\"aligncenter size-full wp-image-8043\" srcset=\"https:\/\/www.torilkremmervik.no\/blogg\/wp-content\/uploads\/2019\/05\/170519_harstad_skole1a.jpg 640w, https:\/\/www.torilkremmervik.no\/blogg\/wp-content\/uploads\/2019\/05\/170519_harstad_skole1a-300x225.jpg 300w\" sizes=\"auto, (max-width: 640px) 100vw, 640px\" \/><\/p>\n<p style=\"text-align: center;\">Det var mye 17.mai-stemte mennesker p\u00e5 skolen, og ungene storkoste seg i solen med is, p\u00f8lse, loddsalg og fiskedam \ud83d\ude42 Akkurat det som h\u00f8rer med til en 17.mai \ud83d\ude42<\/p>\n<p>&nbsp;<br \/>\n&nbsp;<\/p>\n<p style=\"text-align: center;\"><img loading=\"lazy\" decoding=\"async\" src=\"http:\/\/www.torilkremmervik.no\/blogg\/wp-content\/uploads\/2019\/05\/170519_toril_bunad_hage1a.jpg\" alt=\"\" width=\"400\" height=\"533\" class=\"aligncenter size-full wp-image-8044\" srcset=\"https:\/\/www.torilkremmervik.no\/blogg\/wp-content\/uploads\/2019\/05\/170519_toril_bunad_hage1a.jpg 400w, https:\/\/www.torilkremmervik.no\/blogg\/wp-content\/uploads\/2019\/05\/170519_toril_bunad_hage1a-225x300.jpg 225w\" sizes=\"auto, (max-width: 400px) 100vw, 400px\" \/><\/p>\n<p style=\"text-align: center;\">Meg selv i hagen i bunaden min, og jeg er kjempeglad i bunaden min \ud83d\ude42 I \u00e5r var bunaden for stor. Den hang p\u00e5 hektene i stedet for p\u00e5 kroppen, og den var for stor rundt brystet \ud83d\ude42<\/p>\n<p>&nbsp;<br \/>\n&nbsp;<\/p>\n<p style=\"text-align: center;\"><img loading=\"lazy\" decoding=\"async\" src=\"http:\/\/www.torilkremmervik.no\/blogg\/wp-content\/uploads\/2019\/05\/170519_toril_bunad_hage5a.jpg\" alt=\"\" width=\"400\" height=\"544\" class=\"aligncenter size-full wp-image-8045\" srcset=\"https:\/\/www.torilkremmervik.no\/blogg\/wp-content\/uploads\/2019\/05\/170519_toril_bunad_hage5a.jpg 400w, https:\/\/www.torilkremmervik.no\/blogg\/wp-content\/uploads\/2019\/05\/170519_toril_bunad_hage5a-221x300.jpg 221w\" sizes=\"auto, (max-width: 400px) 100vw, 400px\" \/><\/p>\n<p style=\"text-align: center;\">Hver gang jeg har p\u00e5 meg bunaden min b\u00e6rer jeg den med stolthet \ud83d\ude42<\/p>\n<div class=\"linkwithin_hook\" id=\"https:\/\/www.torilkremmervik.no\/blogg\/?p=8037\"><\/div><script>\n<!-- \/\/LinkWithinCodeStart\nvar linkwithin_site_id = 1303645;\nvar linkwithin_div_class = \"linkwithin_hook\";\n\/\/LinkWithinCodeEnd -->\n<\/script>\n<script src=\"http:\/\/www.linkwithin.com\/widget.js\"><\/script>\n<a href=\"http:\/\/www.linkwithin.com\/\"><img decoding=\"async\" src=\"http:\/\/www.linkwithin.com\/pixel.png\" alt=\"Related Posts Plugin for WordPress, Blogger...\" style=\"border: 0\" \/><\/a>","protected":false},"excerpt":{"rendered":"<p>Vel overst\u00e5tt 17.mai alle sammen \ud83d\ude42 Jeg h\u00e5per alle mine bloggvenner, f\u00f8lgere og blogglesere hadde en kjempefin feiring av Nasjonaldagen i g\u00e5r \ud83d\ude42 &nbsp; &nbsp; Vi hadde en kjempefin 17.mai-feiring sammen s\u00f8sknene v\u00e5re. Kl.10.30 dro vi p\u00e5 Tiller for \u00e5 &hellip; <a href=\"https:\/\/www.torilkremmervik.no\/blogg\/?p=8037\">Continue reading <span class=\"meta-nav\">&rarr;<\/span><\/a><\/p>\n<script>\n<!-- \/\/LinkWithinCodeStart\nvar linkwithin_site_id = 1303645;\nvar linkwithin_div_class = \"linkwithin_hook\";\n\/\/LinkWithinCodeEnd -->\n<\/script>\n<script src=\"http:\/\/www.linkwithin.com\/widget.js\"><\/script>\n<a href=\"http:\/\/www.linkwithin.com\/\"><img decoding=\"async\" src=\"http:\/\/www.linkwithin.com\/pixel.png\" alt=\"Related Posts Plugin for WordPress, Blogger...\" style=\"border: 0\" \/><\/a>","protected":false},"author":1,"featured_media":0,"comment_status":"open","ping_status":"open","sticky":false,"template":"","format":"standard","meta":{"footnotes":""},"categories":[2754],"tags":[2756,1160,2755,1163,2757],"class_list":["post-8037","post","type-post","status-publish","format-standard","hentry","category-17-mai-2019","tag-17-mai-2019","tag-bilder","tag-min-17-mai-feiring","tag-oppdatering","tag-oppdatering-av-hva-vi-gjorde-17-mai-2019"],"aioseo_notices":[],"_links":{"self":[{"href":"https:\/\/www.torilkremmervik.no\/blogg\/index.php?rest_route=\/wp\/v2\/posts\/8037","targetHints":{"allow":["GET"]}}],"collection":[{"href":"https:\/\/www.torilkremmervik.no\/blogg\/index.php?rest_route=\/wp\/v2\/posts"}],"about":[{"href":"https:\/\/www.torilkremmervik.no\/blogg\/index.php?rest_route=\/wp\/v2\/types\/post"}],"author":[{"embeddable":true,"href":"https:\/\/www.torilkremmervik.no\/blogg\/index.php?rest_route=\/wp\/v2\/users\/1"}],"replies":[{"embeddable":true,"href":"https:\/\/www.torilkremmervik.no\/blogg\/index.php?rest_route=%2Fwp%2Fv2%2Fcomments&post=8037"}],"version-history":[{"count":1,"href":"https:\/\/www.torilkremmervik.no\/blogg\/index.php?rest_route=\/wp\/v2\/posts\/8037\/revisions"}],"predecessor-version":[{"id":8046,"href":"https:\/\/www.torilkremmervik.no\/blogg\/index.php?rest_route=\/wp\/v2\/posts\/8037\/revisions\/8046"}],"wp:attachment":[{"href":"https:\/\/www.torilkremmervik.no\/blogg\/index.php?rest_route=%2Fwp%2Fv2%2Fmedia&parent=8037"}],"wp:term":[{"taxonomy":"category","embeddable":true,"href":"https:\/\/www.torilkremmervik.no\/blogg\/index.php?rest_route=%2Fwp%2Fv2%2Fcategories&post=8037"},{"taxonomy":"post_tag","embeddable":true,"href":"https:\/\/www.torilkremmervik.no\/blogg\/index.php?rest_route=%2Fwp%2Fv2%2Ftags&post=8037"}],"curies":[{"name":"wp","href":"https:\/\/api.w.org\/{rel}","templated":true}]}}