{"id":9057,"date":"2020-03-22T21:29:45","date_gmt":"2020-03-22T20:29:45","guid":{"rendered":"http:\/\/www.torilkremmervik.no\/blogg\/?p=9057"},"modified":"2020-03-22T21:29:45","modified_gmt":"2020-03-22T20:29:45","slug":"frodith-sin-fargeutfordring","status":"publish","type":"post","link":"https:\/\/www.torilkremmervik.no\/blogg\/?p=9057","title":{"rendered":"FRODITH SIN FARGEUTFORDRING :)"},"content":{"rendered":"<p>Min bloggveninne Frodith har en fotofargeutfordring: <a href=\"https:\/\/frodith.blogg.no\/psykolog-frodith-kommer-med-tiltak-utfordring.html\">https:\/\/frodith.blogg.no\/psykolog-frodith-kommer-med-tiltak-utfordring.html<\/a>, og jeg er med p\u00e5 den \ud83d\ude42<br \/>\n&nbsp;<br \/>\n&nbsp;<br \/>\nFargen jeg har valgt i dag er oransje \ud83d\ude42<br \/>\n&nbsp;<br \/>\n&nbsp;<\/p>\n<p style=\"text-align: center\"><img loading=\"lazy\" decoding=\"async\" src=\"https:\/\/cdn.blogg.no\/content\/uploads\/sites\/430\/2020\/03\/22211848\/271017_halloweengresskar2-500x475.jpg\" alt=\"\" width=\"500\" height=\"475\" class=\"alignnone size-medium wp-image-2977\"><\/p>\n<p style=\"text-align: center\">H\u00f8stens farger for meg er oransje, og oransje er en farge som vi forbinder med halloween \ud83d\ude42 Her er et oransje glassgresskar \ud83d\ude42<\/p>\n<p>&nbsp;<br \/>\n&nbsp;<\/p>\n<p style=\"text-align: center\"><img loading=\"lazy\" decoding=\"async\" src=\"https:\/\/cdn.blogg.no\/content\/uploads\/sites\/430\/2020\/03\/22212151\/271017_halloweenpynt7-500x397.jpg\" alt=\"\" width=\"500\" height=\"397\" class=\"alignnone size-medium wp-image-2978\"><\/p>\n<p style=\"text-align: center\">Oransje halloweenpynt p\u00e5 spisebordet \ud83d\ude42<\/p>\n<p>&nbsp;<br \/>\n&nbsp;<\/p>\n<p style=\"text-align: center\"><img loading=\"lazy\" decoding=\"async\" src=\"https:\/\/cdn.blogg.no\/content\/uploads\/sites\/430\/2020\/03\/22212351\/180419_toeffel1a.jpg\" alt=\"\" width=\"400\" height=\"468\" class=\"alignnone size-medium wp-image-2979\"><\/p>\n<p style=\"text-align: center\">Oransje farge p\u00e5 tuppen av foten p\u00e5 denne t\u00f8ffelen \ud83d\ude42<\/p>\n<div class=\"linkwithin_hook\" id=\"https:\/\/www.torilkremmervik.no\/blogg\/?p=9057\"><\/div><script>\n<!-- \/\/LinkWithinCodeStart\nvar linkwithin_site_id = 1303645;\nvar linkwithin_div_class = \"linkwithin_hook\";\n\/\/LinkWithinCodeEnd -->\n<\/script>\n<script src=\"http:\/\/www.linkwithin.com\/widget.js\"><\/script>\n<a href=\"http:\/\/www.linkwithin.com\/\"><img decoding=\"async\" src=\"http:\/\/www.linkwithin.com\/pixel.png\" alt=\"Related Posts Plugin for WordPress, Blogger...\" style=\"border: 0\" \/><\/a>","protected":false},"excerpt":{"rendered":"<p>Min bloggveninne Frodith har en fotofargeutfordring: https:\/\/frodith.blogg.no\/psykolog-frodith-kommer-med-tiltak-utfordring.html, og jeg er med p\u00e5 den \ud83d\ude42 &nbsp; &nbsp; Fargen jeg har valgt i dag er oransje \ud83d\ude42 &nbsp; &nbsp; H\u00f8stens farger for meg er oransje, og oransje er en farge som vi &hellip; <a href=\"https:\/\/www.torilkremmervik.no\/blogg\/?p=9057\">Continue reading <span class=\"meta-nav\">&rarr;<\/span><\/a><\/p>\n<script>\n<!-- \/\/LinkWithinCodeStart\nvar linkwithin_site_id = 1303645;\nvar linkwithin_div_class = \"linkwithin_hook\";\n\/\/LinkWithinCodeEnd -->\n<\/script>\n<script src=\"http:\/\/www.linkwithin.com\/widget.js\"><\/script>\n<a href=\"http:\/\/www.linkwithin.com\/\"><img decoding=\"async\" src=\"http:\/\/www.linkwithin.com\/pixel.png\" alt=\"Related Posts Plugin for WordPress, Blogger...\" style=\"border: 0\" \/><\/a>","protected":false},"author":1,"featured_media":0,"comment_status":"open","ping_status":"open","sticky":false,"template":"","format":"standard","meta":{"footnotes":""},"categories":[3205],"tags":[1160,681,3220,3233,3232,3231],"class_list":["post-9057","post","type-post","status-publish","format-standard","hentry","category-frodiths-fotoutfordring","tag-bilder","tag-bloggutfordring","tag-fargeutfordring","tag-fotoutfordring-i-farger","tag-frodith-sin-fargeutfordring","tag-oransje"],"aioseo_notices":[],"_links":{"self":[{"href":"https:\/\/www.torilkremmervik.no\/blogg\/index.php?rest_route=\/wp\/v2\/posts\/9057","targetHints":{"allow":["GET"]}}],"collection":[{"href":"https:\/\/www.torilkremmervik.no\/blogg\/index.php?rest_route=\/wp\/v2\/posts"}],"about":[{"href":"https:\/\/www.torilkremmervik.no\/blogg\/index.php?rest_route=\/wp\/v2\/types\/post"}],"author":[{"embeddable":true,"href":"https:\/\/www.torilkremmervik.no\/blogg\/index.php?rest_route=\/wp\/v2\/users\/1"}],"replies":[{"embeddable":true,"href":"https:\/\/www.torilkremmervik.no\/blogg\/index.php?rest_route=%2Fwp%2Fv2%2Fcomments&post=9057"}],"version-history":[{"count":2,"href":"https:\/\/www.torilkremmervik.no\/blogg\/index.php?rest_route=\/wp\/v2\/posts\/9057\/revisions"}],"predecessor-version":[{"id":9059,"href":"https:\/\/www.torilkremmervik.no\/blogg\/index.php?rest_route=\/wp\/v2\/posts\/9057\/revisions\/9059"}],"wp:attachment":[{"href":"https:\/\/www.torilkremmervik.no\/blogg\/index.php?rest_route=%2Fwp%2Fv2%2Fmedia&parent=9057"}],"wp:term":[{"taxonomy":"category","embeddable":true,"href":"https:\/\/www.torilkremmervik.no\/blogg\/index.php?rest_route=%2Fwp%2Fv2%2Fcategories&post=9057"},{"taxonomy":"post_tag","embeddable":true,"href":"https:\/\/www.torilkremmervik.no\/blogg\/index.php?rest_route=%2Fwp%2Fv2%2Ftags&post=9057"}],"curies":[{"name":"wp","href":"https:\/\/api.w.org\/{rel}","templated":true}]}}