{"id":9123,"date":"2020-08-11T11:00:00","date_gmt":"2020-08-11T09:00:00","guid":{"rendered":"http:\/\/www.torilkremmervik.no\/blogg\/?p=9123"},"modified":"2020-08-09T19:23:51","modified_gmt":"2020-08-09T17:23:51","slug":"mine-sommerbilder-fra-juni-og-juli-maned-2020","status":"publish","type":"post","link":"https:\/\/www.torilkremmervik.no\/blogg\/?p=9123","title":{"rendered":"MINE SOMMERBILDER FRA JUNI OG JULI M\u00c5NED 2020 :)"},"content":{"rendered":"<p>Sommerferien 2020 g\u00e5r mot slutten for de fleste. Noen er kanskje tilbake p\u00e5 jobb, andre m\u00e5 fortsette med hjemmekontor. Det er kjempegodt med ferie, men godt \u00e5 komme tilbake til hverdagen, selv om hverdagene i disse koronatider er annerledes for alle sammen.<br \/>\n&nbsp;<br \/>\n&nbsp;<br \/>\nDenne uken er det oppstart for nye studenter p\u00e5 universitet og h\u00f8gskoler. S\u00e5 er det ikke lenge f\u00f8r grunnskolene og videreg\u00e5ende skole starter opp igjen \ud83d\ude42<br \/>\n&nbsp;<br \/>\n&nbsp;<br \/>\nVi har hatt et par dager med sol og varme, og det var kjempegodt \u00e5 se igjen solen etter noen ukers frav\u00e6r \ud83d\ude42<br \/>\n&nbsp;<br \/>\n&nbsp;<br \/>\nI sommerferien har jeg brukt tiden p\u00e5 \u00e5 trene. Fra coachen (Christian) i Team Jeg Liker har jeg f\u00e5tt nytt styrkeprogram. Jeg kj\u00f8rer to underkropps\u00f8kter og to overkropps\u00f8kter i uka. F\u00f8r hver styrke \u00f8kt begynner jeg med oppvarming p\u00e5 tredem\u00f8lle hvor jeg g\u00e5r 3,6 km. Jeg har \u00f8kt i fart p\u00e5 g\u00e5ingen p\u00e5 tredem\u00f8lla, og n\u00e5 g\u00e5r jeg 5,6 km\/t &#8211; 5,8 km\/t. Det er jeg kjempeforn\u00f8yd med \ud83d\ude42<br \/>\n&nbsp;<br \/>\n&nbsp;<br \/>\nDe dagene jeg ikke trener styrke er det v\u00e6ravhengig hva jeg gj\u00f8r. Hvis det regner ute tar jeg en tredem\u00f8lle\u00f8kt p\u00e5 treningssenteret, men er det oppholdsv\u00e6r g\u00e5r jeg en turrute utend\u00f8rs p\u00e5 ca. 3,8 km. Synes det er kjempegodt \u00e5 g\u00e5 turene mine utend\u00f8rs. Har en fridag i uka.<br \/>\n&nbsp;<br \/>\n&nbsp;<br \/>\nAv og til er m\u00e5let for turene \u00e5 g\u00e5 for \u00e5 kose seg. Da stopper jeg opp og fotograferer motiver jeg synes er fine \ud83d\ude42<br \/>\n&nbsp;<br \/>\n&nbsp;<br \/>\nJuni m\u00e5ned gikk fort, og det gjorde ogs\u00e5 juli m\u00e5ned. Mannen min har hatt sin f\u00f8rste arbeidsuke etter hans to f\u00f8rste ferieuker. Han skal ha to ferieuker til i august.<br \/>\n&nbsp;<br \/>\n&nbsp;<br \/>\nBle operert i venstre pekefinger og venstre lillefinger 30.06.2020 fordi jeg var plaget med at fingrene hoppet ut av ledd i tide og utide. Jeg kunne st\u00e5 \u00e5 spille fl\u00f8yte, og plutselig var fingrene ute av ledd. Selve operasjonen gikk bra, men det ble som dere vet infeksjon og gule stafylokokker i s\u00e5ret.<br \/>\n&nbsp;<br \/>\n&nbsp;<br \/>\nHar f\u00e5tt truffet gode venner i sommer. Min barndomsvenninne som n\u00e5 bor i Oslo er hjemme p\u00e5 ferie hos foreldrene sine. Vi har truffet hverandre flere ganger, og vi har ogs\u00e5 truffet en annen venninne av oss som vi gikk p\u00e5 videreg\u00e5ende sammen med. Det har v\u00e6rt kjempekoselig &lt;3 \ud83d\ude42 Kjempekoselig \u00e5 treffe begge to &lt;3 &lt;3 \ud83d\ude42 Vi har mange gode minner og opplevelser fra barne- og ungdoms\u00e5rene.<br \/>\n&nbsp;<br \/>\n&nbsp;<br \/>\nMannen min og jeg har ogs\u00e5 v\u00e6rrt sosial med vennene v\u00e5re og familie, og det har v\u00e6rt kjempekoselig \ud83d\ude42<br \/>\n&nbsp;<br \/>\n&nbsp;<br \/>\nI juli var mannen min, broren hans og nev\u00f8en deres p\u00e5 hyttetur p\u00e5 hytten til broren. I alle \u00e5r har de hatt en \u00e5rlig hyttetur hvor de har fisket og kost seg, men s\u00e5 ble broren til mannen min og nev\u00f8en deres foreldre og det var ikke s\u00e5 ofte at alle 3 kunne reise p\u00e5 turene sine.<br \/>\n&nbsp;<br \/>\n&nbsp;<br \/>\nDe koste seg p\u00e5 hytteturen og var ute og fisket fisk \ud83d\ude42 Det er kjempekoselig at de tre gutta f\u00e5r til en slik \u00e5rlig tradisjon med hyttetur \ud83d\ude42<br \/>\n&nbsp;<br \/>\n&nbsp;<br \/>\nJeg m\u00e5 innr\u00f8mme at jeg er impulsiv av meg. 20.07.2020 etterlyst NRK Tr\u00f8ndelag forslag for hva en av deres reportere kunne gj\u00f8re. Impulsiv som jeg er sendte jeg inn en sms og inviterte dem p\u00e5 bes\u00f8k for \u00e5 hilse p\u00e5 kattene mine. Jo da. Mandag 20.07.2020 etter ettermiddagssendingen var ferdig ringte en reporter meg, og lurte p\u00e5 om han fikk lov til \u00e5 komme p\u00e5 bes\u00f8k. Jeg sa ja, og tirsdag 21.07.2020 kom reporteren for \u00e5 hilse p\u00e5 kattene mine og meg. Jeg ble intervjuet p\u00e5 direkten p\u00e5 ettermiddagssendingen. Det var kjempeg\u00f8y \ud83d\ude42 Kattene viste seg frem for reporteren \ud83d\ude42 Reporteren sa dette var en reportasje han aldri hadde trodd han kom til \u00e5 f\u00e5.<br \/>\n&nbsp;<br \/>\n&nbsp;<br \/>\nMed h\u00e5nden p\u00e5 hjertet har sommerferien v\u00e6rt en kjempekoselig ferie, og vi har gjort mye forskjellig. N\u00e5r v\u00e6ret har v\u00e6rt fint har vi dratt til sj\u00f8en, i har bes\u00f8kt venner, vi har g\u00e5tt turer og vi har v\u00e6rt p\u00e5 hyttetur  til s\u00f8steren min og familie \ud83d\ude42 V\u00e6ret kunne gjerne ha v\u00e6rt bedre, men vi fikk n\u00e6rmere 3-4 uker med sol og varme i juni. Det skal vi ikke klage over \ud83d\ude42 N\u00e5 h\u00e5per vi at august m\u00e5ned viser seg bedre enn det juli har v\u00e6rt.<br \/>\n&nbsp;<br \/>\n&nbsp;<br \/>\nEnda er det noen uker igjen av ferien. Ser frem til oppstart av kor\u00f8velse, og til \u00e5 m\u00f8te god korvenner igjen. F\u00f8r ferien rakk vi \u00e5 ha 4 kor\u00f8velser samt sommeravslutning etter det ble \u00e5pnet igjen.<br \/>\n&nbsp;<br \/>\n&nbsp;<br \/>\nGleder meg ogs\u00e5 til \u00e5 f\u00e5 begynne med spillejobbene p\u00e5 tverrfl\u00f8yta, men f\u00f8rst m\u00e5 jeg f\u00e5 skikk p\u00e5 betennelsen i h\u00e5nden.<br \/>\nJeg \u00f8nsker \u00e5 dele noen bilder med dere som jeg har tatt i sommerferien, og jeg h\u00e5per dere liker bildene mine \ud83d\ude42<br \/>\n&nbsp;<br \/>\n&nbsp;<br \/>\nHva har dere gjort i ferien? H\u00e5per dere har hatt en kjempefin og god ferie \ud83d\ude42<br \/>\n&nbsp;<br \/>\n&nbsp;<\/p>\n<p style=\"text-align: center\"><img loading=\"lazy\" decoding=\"async\" src=\"https:\/\/cdn.blogg.no\/content\/uploads\/sites\/430\/2020\/08\/09184441\/260620_visdomsord2a-500x475.jpg\" alt=\"\" width=\"500\" height=\"475\" class=\"alignnone size-medium wp-image-3224\"><\/p>\n<p style=\"text-align: center\">Dette er sanne ord ja \ud83d\ude42<\/p>\n<p>&nbsp;<br \/>\n&nbsp;<\/p>\n<p style=\"text-align: center\"><img loading=\"lazy\" decoding=\"async\" src=\"https:\/\/cdn.blogg.no\/content\/uploads\/sites\/430\/2020\/08\/09184611\/280620_fotball_rbk3a.jpg\" alt=\"\" width=\"400\" height=\"391\" class=\"alignnone size-medium wp-image-3225\"><\/p>\n<p style=\"text-align: center\">Garderobene p\u00e5 treningssenteret blir brukt av bortelaget som spiller eliteseriekamper p\u00e5 Lerkendal. I garderoben er det en tavle hvor bortelaget analyserer RBK-spillerne, og her er det Bod\u00f8 Glimt som hadde analysert RBK-spillerne \ud83d\ude42<\/p>\n<p>&nbsp;<br \/>\n&nbsp;<\/p>\n<p style=\"text-align: center\"><img loading=\"lazy\" decoding=\"async\" src=\"https:\/\/cdn.blogg.no\/content\/uploads\/sites\/430\/2020\/08\/09185104\/280620_under_trening2a-1-500x371.jpg\" alt=\"\" width=\"500\" height=\"371\" class=\"alignnone size-medium wp-image-3226\"><\/p>\n<p style=\"text-align: center\">Meg selv p\u00e5 trening \ud83d\ude42 Elsker \u00e5 trene styrketrening:)<\/p>\n<p>&nbsp;<br \/>\n&nbsp;<\/p>\n<p style=\"text-align: center\"><img loading=\"lazy\" decoding=\"async\" src=\"https:\/\/cdn.blogg.no\/content\/uploads\/sites\/430\/2020\/08\/09185303\/010720_turrute1a.jpg\" alt=\"\" width=\"400\" height=\"541\" class=\"alignnone size-medium wp-image-3227\"><\/p>\n<p style=\"text-align: center\">Turruta jeg bruker \u00e5 g\u00e5 \ud83d\ude42<\/p>\n<p>&nbsp;<br \/>\n&nbsp;<\/p>\n<p style=\"text-align: center\"><img loading=\"lazy\" decoding=\"async\" src=\"https:\/\/cdn.blogg.no\/content\/uploads\/sites\/430\/2020\/08\/09185407\/030720_kardiotrening_juni_20201a.jpg\" alt=\"\" width=\"400\" height=\"403\" class=\"alignnone size-medium wp-image-3228\"><\/p>\n<p style=\"text-align: center\">Antall km jeg gikk i juni 2020 \ud83d\ude42<\/p>\n<p>&nbsp;<br \/>\n&nbsp;<\/p>\n<p style=\"text-align: center\"><img loading=\"lazy\" decoding=\"async\" src=\"https:\/\/cdn.blogg.no\/content\/uploads\/sites\/430\/2020\/08\/09185557\/040720_sommerblomster_bed1a-500x375.jpg\" alt=\"\" width=\"500\" height=\"375\" class=\"alignnone size-medium wp-image-3229\"><\/p>\n<p style=\"text-align: center\">Kjempefine blomster som er plantet i et av Trondheim Bydrift sine blomsterbed ved parken i n\u00e6rheten der vi  bor \ud83d\ude42<\/p>\n<p>&nbsp;<br \/>\n&nbsp;<\/p>\n<p style=\"text-align: center\"><img loading=\"lazy\" decoding=\"async\" src=\"https:\/\/cdn.blogg.no\/content\/uploads\/sites\/430\/2020\/08\/09185902\/040720_sommerblomster_bed3a.jpg\" alt=\"\" width=\"400\" height=\"471\" class=\"alignnone size-medium wp-image-3230\"><\/p>\n<p style=\"text-align: center\">Kjempefine blomster som er plantet i et av Trondheim Bydrift sine blomsterbed ved parken i n\u00e6rheten der vi  bor \ud83d\ude42<\/p>\n<p>&nbsp;<br \/>\n&nbsp;<\/p>\n<p style=\"text-align: center\"><img loading=\"lazy\" decoding=\"async\" src=\"https:\/\/cdn.blogg.no\/content\/uploads\/sites\/430\/2020\/08\/09190058\/040720_sommerblomster3a-500x442.jpg\" alt=\"\" width=\"500\" height=\"442\" class=\"alignnone size-medium wp-image-3231\"><\/p>\n<p style=\"text-align: center\">Geitrams er faktisk kjempefine villblomster som vokser om sommeren \ud83d\ude42<\/p>\n<p>&nbsp;<br \/>\n&nbsp;<\/p>\n<p style=\"text-align: center\"><img loading=\"lazy\" decoding=\"async\" src=\"https:\/\/cdn.blogg.no\/content\/uploads\/sites\/430\/2020\/08\/09190428\/200720_blomster2a-500x456.jpg\" alt=\"\" width=\"500\" height=\"456\" class=\"alignnone size-medium wp-image-3232\"><\/p>\n<p style=\"text-align: center\">Kjempefine lilla sommerblomster \ud83d\ude42 Jeg vet ikke navnet p\u00e5 blomstene.<\/p>\n<p>&nbsp;<br \/>\n&nbsp;<\/p>\n<p style=\"text-align: center\"><img loading=\"lazy\" decoding=\"async\" src=\"https:\/\/cdn.blogg.no\/content\/uploads\/sites\/430\/2020\/08\/09190702\/200720_blomster4a-500x395.jpg\" alt=\"\" width=\"500\" height=\"395\" class=\"alignnone size-medium wp-image-3233\"><\/p>\n<p style=\"text-align: center\">Kjempefine gule sommerblomster \ud83d\ude42<\/p>\n<p>&nbsp;<br \/>\n&nbsp;<\/p>\n<p style=\"text-align: center\"><img loading=\"lazy\" decoding=\"async\" src=\"https:\/\/cdn.blogg.no\/content\/uploads\/sites\/430\/2020\/08\/09190906\/210720_paraplyer_trondheim1a-500x375.jpg\" alt=\"\" width=\"500\" height=\"375\" class=\"alignnone size-medium wp-image-3234\"><\/p>\n<p style=\"text-align: center\">G\u00e5gaten Thomas Angellsgt i Trondheim er dekorert med fargerike paraplyer \ud83d\ude42<\/p>\n<p>&nbsp;<br \/>\n&nbsp;<\/p>\n<p style=\"text-align: center\"><img loading=\"lazy\" decoding=\"async\" src=\"https:\/\/cdn.blogg.no\/content\/uploads\/sites\/430\/2020\/08\/09191200\/210720_paraplyer_speilbilde_soelepytt1a-500x477.jpg\" alt=\"\" width=\"500\" height=\"477\" class=\"alignnone size-medium wp-image-3235\"><\/p>\n<p style=\"text-align: center\">Paraplyene speiler seg i s\u00f8lepytten \ud83d\ude42<\/p>\n<div class=\"linkwithin_hook\" id=\"https:\/\/www.torilkremmervik.no\/blogg\/?p=9123\"><\/div><script>\n<!-- \/\/LinkWithinCodeStart\nvar linkwithin_site_id = 1303645;\nvar linkwithin_div_class = \"linkwithin_hook\";\n\/\/LinkWithinCodeEnd -->\n<\/script>\n<script src=\"http:\/\/www.linkwithin.com\/widget.js\"><\/script>\n<a href=\"http:\/\/www.linkwithin.com\/\"><img decoding=\"async\" src=\"http:\/\/www.linkwithin.com\/pixel.png\" alt=\"Related Posts Plugin for WordPress, Blogger...\" style=\"border: 0\" \/><\/a>","protected":false},"excerpt":{"rendered":"<p>Sommerferien 2020 g\u00e5r mot slutten for de fleste. Noen er kanskje tilbake p\u00e5 jobb, andre m\u00e5 fortsette med hjemmekontor. Det er kjempegodt med ferie, men godt \u00e5 komme tilbake til hverdagen, selv om hverdagene i disse koronatider er annerledes for &hellip; <a href=\"https:\/\/www.torilkremmervik.no\/blogg\/?p=9123\">Continue reading <span class=\"meta-nav\">&rarr;<\/span><\/a><\/p>\n<script>\n<!-- \/\/LinkWithinCodeStart\nvar linkwithin_site_id = 1303645;\nvar linkwithin_div_class = \"linkwithin_hook\";\n\/\/LinkWithinCodeEnd -->\n<\/script>\n<script src=\"http:\/\/www.linkwithin.com\/widget.js\"><\/script>\n<a href=\"http:\/\/www.linkwithin.com\/\"><img decoding=\"async\" src=\"http:\/\/www.linkwithin.com\/pixel.png\" alt=\"Related Posts Plugin for WordPress, Blogger...\" style=\"border: 0\" \/><\/a>","protected":false},"author":1,"featured_media":0,"comment_status":"open","ping_status":"open","sticky":false,"template":"","format":"standard","meta":{"footnotes":""},"categories":[3300],"tags":[3303,1174,2890,3301,3302,3304,3305],"class_list":["post-9123","post","type-post","status-publish","format-standard","hentry","category-juni-og-julibilder","tag-bilder-fra-sommeren-2020","tag-blomster","tag-blomsterbilder","tag-juli-2020","tag-juni-2020","tag-kjempefin-sommer","tag-mote-venninner"],"aioseo_notices":[],"_links":{"self":[{"href":"https:\/\/www.torilkremmervik.no\/blogg\/index.php?rest_route=\/wp\/v2\/posts\/9123","targetHints":{"allow":["GET"]}}],"collection":[{"href":"https:\/\/www.torilkremmervik.no\/blogg\/index.php?rest_route=\/wp\/v2\/posts"}],"about":[{"href":"https:\/\/www.torilkremmervik.no\/blogg\/index.php?rest_route=\/wp\/v2\/types\/post"}],"author":[{"embeddable":true,"href":"https:\/\/www.torilkremmervik.no\/blogg\/index.php?rest_route=\/wp\/v2\/users\/1"}],"replies":[{"embeddable":true,"href":"https:\/\/www.torilkremmervik.no\/blogg\/index.php?rest_route=%2Fwp%2Fv2%2Fcomments&post=9123"}],"version-history":[{"count":2,"href":"https:\/\/www.torilkremmervik.no\/blogg\/index.php?rest_route=\/wp\/v2\/posts\/9123\/revisions"}],"predecessor-version":[{"id":9125,"href":"https:\/\/www.torilkremmervik.no\/blogg\/index.php?rest_route=\/wp\/v2\/posts\/9123\/revisions\/9125"}],"wp:attachment":[{"href":"https:\/\/www.torilkremmervik.no\/blogg\/index.php?rest_route=%2Fwp%2Fv2%2Fmedia&parent=9123"}],"wp:term":[{"taxonomy":"category","embeddable":true,"href":"https:\/\/www.torilkremmervik.no\/blogg\/index.php?rest_route=%2Fwp%2Fv2%2Fcategories&post=9123"},{"taxonomy":"post_tag","embeddable":true,"href":"https:\/\/www.torilkremmervik.no\/blogg\/index.php?rest_route=%2Fwp%2Fv2%2Ftags&post=9123"}],"curies":[{"name":"wp","href":"https:\/\/api.w.org\/{rel}","templated":true}]}}