{"id":9127,"date":"2020-08-12T11:00:03","date_gmt":"2020-08-12T09:00:03","guid":{"rendered":"http:\/\/www.torilkremmervik.no\/blogg\/?p=9127"},"modified":"2020-08-09T19:47:11","modified_gmt":"2020-08-09T17:47:11","slug":"nye-akrylnegler","status":"publish","type":"post","link":"https:\/\/www.torilkremmervik.no\/blogg\/?p=9127","title":{"rendered":"NYE AKRYLNEGLER :)"},"content":{"rendered":"<p>20.07.2020 var jeg til negledesigneren min, og jeg fikk lagt nye akrylnegler. Jeg ble kjempeforn\u00f8yd med resultatet \ud83d\ude42<br \/>\n&nbsp;<br \/>\n&nbsp;<br \/>\nHer skal dere f\u00e5 se et par bilder som jeg tok etter jeg var ferdig \ud83d\ude42 H\u00e5per dere liker bildene mine \ud83d\ude42<br \/>\n&nbsp;<br \/>\n&nbsp;<\/p>\n<p style=\"text-align: center\"><img loading=\"lazy\" decoding=\"async\" src=\"https:\/\/cdn.blogg.no\/content\/uploads\/sites\/430\/2020\/08\/09193455\/200720_negler2a.jpg\" alt=\"\" width=\"400\" height=\"437\" class=\"alignnone size-medium wp-image-3239\"><\/p>\n<p style=\"text-align: center\">Kjempeforn\u00f8yd med resultatet med akrylneglene og fargen p\u00e5 dem \ud83d\ude42<\/p>\n<p>&nbsp;<br \/>\n&nbsp;<\/p>\n<p style=\"text-align: center\"><img loading=\"lazy\" decoding=\"async\" src=\"https:\/\/cdn.blogg.no\/content\/uploads\/sites\/430\/2020\/08\/09193752\/200720_negler6a.jpg\" alt=\"\" width=\"400\" height=\"465\" class=\"alignnone size-medium wp-image-3240\"><\/p>\n<p style=\"text-align: center\">Det er kjempegodt \u00e5 f\u00e5 ordnet neglene sine, og mine negler har blitt sterkere etter jeg begynte \u00e5 ordne neglene til negledesigneren \ud83d\ude42<\/p>\n<div class=\"linkwithin_hook\" id=\"https:\/\/www.torilkremmervik.no\/blogg\/?p=9127\"><\/div><script>\n<!-- \/\/LinkWithinCodeStart\nvar linkwithin_site_id = 1303645;\nvar linkwithin_div_class = \"linkwithin_hook\";\n\/\/LinkWithinCodeEnd -->\n<\/script>\n<script src=\"http:\/\/www.linkwithin.com\/widget.js\"><\/script>\n<a href=\"http:\/\/www.linkwithin.com\/\"><img decoding=\"async\" src=\"http:\/\/www.linkwithin.com\/pixel.png\" alt=\"Related Posts Plugin for WordPress, Blogger...\" style=\"border: 0\" \/><\/a>","protected":false},"excerpt":{"rendered":"<p>20.07.2020 var jeg til negledesigneren min, og jeg fikk lagt nye akrylnegler. Jeg ble kjempeforn\u00f8yd med resultatet \ud83d\ude42 &nbsp; &nbsp; Her skal dere f\u00e5 se et par bilder som jeg tok etter jeg var ferdig \ud83d\ude42 H\u00e5per dere liker bildene &hellip; <a href=\"https:\/\/www.torilkremmervik.no\/blogg\/?p=9127\">Continue reading <span class=\"meta-nav\">&rarr;<\/span><\/a><\/p>\n<script>\n<!-- \/\/LinkWithinCodeStart\nvar linkwithin_site_id = 1303645;\nvar linkwithin_div_class = \"linkwithin_hook\";\n\/\/LinkWithinCodeEnd -->\n<\/script>\n<script src=\"http:\/\/www.linkwithin.com\/widget.js\"><\/script>\n<a href=\"http:\/\/www.linkwithin.com\/\"><img decoding=\"async\" src=\"http:\/\/www.linkwithin.com\/pixel.png\" alt=\"Related Posts Plugin for WordPress, Blogger...\" style=\"border: 0\" \/><\/a>","protected":false},"author":1,"featured_media":0,"comment_status":"open","ping_status":"open","sticky":false,"template":"","format":"standard","meta":{"footnotes":""},"categories":[3306],"tags":[3309,3308,3307],"class_list":["post-9127","post","type-post","status-publish","format-standard","hentry","category-nye-akrylnegler","tag-bilder-av-nye-akrylnegler","tag-nye-akrylnegler","tag-time-til-negledesigneren-20-07-2020"],"aioseo_notices":[],"_links":{"self":[{"href":"https:\/\/www.torilkremmervik.no\/blogg\/index.php?rest_route=\/wp\/v2\/posts\/9127","targetHints":{"allow":["GET"]}}],"collection":[{"href":"https:\/\/www.torilkremmervik.no\/blogg\/index.php?rest_route=\/wp\/v2\/posts"}],"about":[{"href":"https:\/\/www.torilkremmervik.no\/blogg\/index.php?rest_route=\/wp\/v2\/types\/post"}],"author":[{"embeddable":true,"href":"https:\/\/www.torilkremmervik.no\/blogg\/index.php?rest_route=\/wp\/v2\/users\/1"}],"replies":[{"embeddable":true,"href":"https:\/\/www.torilkremmervik.no\/blogg\/index.php?rest_route=%2Fwp%2Fv2%2Fcomments&post=9127"}],"version-history":[{"count":2,"href":"https:\/\/www.torilkremmervik.no\/blogg\/index.php?rest_route=\/wp\/v2\/posts\/9127\/revisions"}],"predecessor-version":[{"id":9129,"href":"https:\/\/www.torilkremmervik.no\/blogg\/index.php?rest_route=\/wp\/v2\/posts\/9127\/revisions\/9129"}],"wp:attachment":[{"href":"https:\/\/www.torilkremmervik.no\/blogg\/index.php?rest_route=%2Fwp%2Fv2%2Fmedia&parent=9127"}],"wp:term":[{"taxonomy":"category","embeddable":true,"href":"https:\/\/www.torilkremmervik.no\/blogg\/index.php?rest_route=%2Fwp%2Fv2%2Fcategories&post=9127"},{"taxonomy":"post_tag","embeddable":true,"href":"https:\/\/www.torilkremmervik.no\/blogg\/index.php?rest_route=%2Fwp%2Fv2%2Ftags&post=9127"}],"curies":[{"name":"wp","href":"https:\/\/api.w.org\/{rel}","templated":true}]}}