{"id":9632,"date":"2021-07-11T18:28:46","date_gmt":"2021-07-11T16:28:46","guid":{"rendered":"http:\/\/www.torilkremmervik.no\/blogg\/?p=9632"},"modified":"2021-07-11T18:28:49","modified_gmt":"2021-07-11T16:28:49","slug":"sommerkveld-ved-sjoen-01-07-2021-%f0%9f%98%8a","status":"publish","type":"post","link":"https:\/\/www.torilkremmervik.no\/blogg\/?p=9632","title":{"rendered":"SOMMERKVELD VED SJ\u00d8EN 01.07.2021 \ud83d\ude0a"},"content":{"rendered":"<p>01.07.2021 var det sol, bl\u00e5 himmel og varmt \ud83d\ude0a N\u00e5r v\u00e6ret er slik m\u00e5 det virkelig nytes for fullt, for hos oss vet vi ikke hvor lenge det varer.<br \/>\n&nbsp;<br \/>\n&nbsp;<br \/>\nMannen min, korvenninnen v\u00e5r og jeg bestemte oss for \u00e5 dra til fj\u00e6ra og sj\u00f8en. Vi pakket med oss, drikke, frukt, stoler og kj\u00f8rte av g\u00e5rde til plassen hvor vi bruker \u00e5 v\u00e6re.<br \/>\n&nbsp;<br \/>\n&nbsp;<br \/>\nAlle 3 deler vi interessen for fotografering, og vi tipser hverandre om ulike motiver som vi kan fotografere. Vi fikk noe fine fotomotiver.<br \/>\n&nbsp;<br \/>\n&nbsp;<br \/>\nI fj\u00e6ra koste vi oss, satt og pratet, lyttet til lyden av b\u00f8lgeskvulp, lyttet til lydene av sj\u00f8fuglene og ikke minst vi fikk se kjempenydelig solnedgang \u2764\ud83d\ude0a  Jeg kaller en sommerkveld ved sj\u00f8en rekreasjon for sjel og sinn \ud83d\ude0a Det er rett og slett magisk \u00e5 v\u00e6re ved sj\u00f8en en kjempenydelig sommerkveld, og bare det \u00e5 sitte og lytte til lydene er meditasjon i seg selv \ud83d\ude0a<br \/>\n&nbsp;<br \/>\n&nbsp;<br \/>\nHar lyst til \u00e5 vise dere noen av bildene jeg tok, og h\u00e5per dere liker bildene mine \ud83d\ude0a<br \/>\n&nbsp;<br \/>\n&nbsp;<\/p>\n<p style=\"text-align: center\"><img loading=\"lazy\" decoding=\"async\" src=\"https:\/\/cdn.blogg.no\/content\/uploads\/sites\/430\/2021\/07\/11152608\/010721_rye_fugl_sten3a-500x334.jpg\" alt=\"\" width=\"500\" height=\"334\" class=\"alignnone size-medium wp-image-4804\"><\/p>\n<p style=\"text-align: center\">Skj\u00e6ret rett utenfor fj\u00e6ra der vi var \ud83d\ude0a<\/p>\n<p>&nbsp;<br \/>\n&nbsp;<\/p>\n<p style=\"text-align: center\"><img loading=\"lazy\" decoding=\"async\" src=\"https:\/\/cdn.blogg.no\/content\/uploads\/sites\/430\/2021\/07\/11152806\/010721_kveldssol_rye_make1a-500x332.jpg\" alt=\"\" width=\"500\" height=\"332\" class=\"alignnone size-medium wp-image-4807\"><\/p>\n<p style=\"text-align: center\">V\u00e6ret var str\u00e5lende med sol og varme \ud83d\ude0a<\/p>\n<p>&nbsp;<br \/>\n&nbsp;<\/p>\n<p style=\"text-align: center\"><img loading=\"lazy\" decoding=\"async\" src=\"https:\/\/cdn.blogg.no\/content\/uploads\/sites\/430\/2021\/07\/11152743\/010721_tang1a-500x472.jpg\" alt=\"\" width=\"500\" height=\"472\" class=\"alignnone size-medium wp-image-4806\"><\/p>\n<p style=\"text-align: center\">Tang i sj\u00f8en.<\/p>\n<p>&nbsp;<br \/>\n&nbsp;<\/p>\n<p style=\"text-align: center\"><img loading=\"lazy\" decoding=\"async\" src=\"https:\/\/cdn.blogg.no\/content\/uploads\/sites\/430\/2021\/07\/11152907\/010721_skjell_tare1a-500x395.jpg\" alt=\"\" width=\"500\" height=\"395\" class=\"alignnone size-medium wp-image-4808\"><\/p>\n<p style=\"text-align: center\">Bl\u00e6retang p\u00e5 stein og ett skjell \ud83d\ude0a<\/p>\n<p>&nbsp;<br \/>\n&nbsp;<\/p>\n<p style=\"text-align: center\"><img loading=\"lazy\" decoding=\"async\" src=\"https:\/\/cdn.blogg.no\/content\/uploads\/sites\/430\/2021\/07\/11153037\/010721_solnedgang1a-500x377.jpg\" alt=\"\" width=\"500\" height=\"377\" class=\"alignnone size-medium wp-image-4811\"><\/p>\n<p style=\"text-align: center\">Kjempefin og nydelig kveldssol over fjorden \ud83d\ude0a<\/p>\n<p>&nbsp;<br \/>\n&nbsp;<\/p>\n<p style=\"text-align: center\"><img loading=\"lazy\" decoding=\"async\" src=\"https:\/\/cdn.blogg.no\/content\/uploads\/sites\/430\/2021\/07\/11153103\/010721_nelly_rye3a.jpg\" alt=\"\" width=\"400\" height=\"462\" class=\"alignnone size-medium wp-image-4812\"><\/p>\n<p style=\"text-align: center\">Korvenninnen v\u00e5r har en kjempes\u00f8t og nydelig hund som er med p\u00e5 utfluktene v\u00e5re til fj\u00e6ra \u2764\ud83d\ude0a<\/p>\n<p>&nbsp;<br \/>\n&nbsp;<\/p>\n<p style=\"text-align: center\"><img loading=\"lazy\" decoding=\"async\" src=\"https:\/\/cdn.blogg.no\/content\/uploads\/sites\/430\/2021\/07\/11152945\/010721_varde_i_kveldssol1a-500x375.jpg\" alt=\"\" width=\"500\" height=\"375\" class=\"alignnone size-medium wp-image-4809\"><\/p>\n<p style=\"text-align: center\">Varde i kveldssol \ud83d\ude0a<\/p>\n<p>&nbsp;<br \/>\n&nbsp;<\/p>\n<p style=\"text-align: center\"><img loading=\"lazy\" decoding=\"async\" src=\"https:\/\/cdn.blogg.no\/content\/uploads\/sites\/430\/2021\/07\/11153128\/010721_halvard_toril_kveldssol2a.jpg\" alt=\"\" width=\"400\" height=\"533\" class=\"alignnone size-medium wp-image-4813\"><\/p>\n<p style=\"text-align: center\">Et fotomotiv tatt av korvenninnen v\u00e5r av min mann og jeg som illustrerer &#8220;Lady og Landsstrykeren&#8221; da med bl\u00e6retang i stedet for spagetti \ud83d\ude0a<\/p>\n<div class=\"linkwithin_hook\" id=\"https:\/\/www.torilkremmervik.no\/blogg\/?p=9632\"><\/div><script>\n<!-- \/\/LinkWithinCodeStart\nvar linkwithin_site_id = 1303645;\nvar linkwithin_div_class = \"linkwithin_hook\";\n\/\/LinkWithinCodeEnd -->\n<\/script>\n<script src=\"http:\/\/www.linkwithin.com\/widget.js\"><\/script>\n<a href=\"http:\/\/www.linkwithin.com\/\"><img decoding=\"async\" src=\"http:\/\/www.linkwithin.com\/pixel.png\" alt=\"Related Posts Plugin for WordPress, Blogger...\" style=\"border: 0\" \/><\/a>","protected":false},"excerpt":{"rendered":"<p>01.07.2021 var det sol, bl\u00e5 himmel og varmt \ud83d\ude0a N\u00e5r v\u00e6ret er slik m\u00e5 det virkelig nytes for fullt, for hos oss vet vi ikke hvor lenge det varer. &nbsp; &nbsp; Mannen min, korvenninnen v\u00e5r og jeg bestemte oss for &hellip; <a href=\"https:\/\/www.torilkremmervik.no\/blogg\/?p=9632\">Continue reading <span class=\"meta-nav\">&rarr;<\/span><\/a><\/p>\n<script>\n<!-- \/\/LinkWithinCodeStart\nvar linkwithin_site_id = 1303645;\nvar linkwithin_div_class = \"linkwithin_hook\";\n\/\/LinkWithinCodeEnd -->\n<\/script>\n<script src=\"http:\/\/www.linkwithin.com\/widget.js\"><\/script>\n<a href=\"http:\/\/www.linkwithin.com\/\"><img decoding=\"async\" src=\"http:\/\/www.linkwithin.com\/pixel.png\" alt=\"Related Posts Plugin for WordPress, Blogger...\" style=\"border: 0\" \/><\/a>","protected":false},"author":1,"featured_media":0,"comment_status":"open","ping_status":"open","sticky":false,"template":"","format":"standard","meta":{"footnotes":""},"categories":[3951],"tags":[3953,3253,3252,184,2881,3907,3952],"class_list":["post-9632","post","type-post","status-publish","format-standard","hentry","category-bilder-fra-sommerkveld-i-fjaera-01-07-21","tag-bilder-fra-utflukt-til-fjaera-01-07-2021","tag-fjaere","tag-sjo","tag-sommer","tag-sommerkveld","tag-sommerkveld-ved-sjoen","tag-utflukt-til-fjaera-og-sjoen-01-07-2021"],"aioseo_notices":[],"_links":{"self":[{"href":"https:\/\/www.torilkremmervik.no\/blogg\/index.php?rest_route=\/wp\/v2\/posts\/9632","targetHints":{"allow":["GET"]}}],"collection":[{"href":"https:\/\/www.torilkremmervik.no\/blogg\/index.php?rest_route=\/wp\/v2\/posts"}],"about":[{"href":"https:\/\/www.torilkremmervik.no\/blogg\/index.php?rest_route=\/wp\/v2\/types\/post"}],"author":[{"embeddable":true,"href":"https:\/\/www.torilkremmervik.no\/blogg\/index.php?rest_route=\/wp\/v2\/users\/1"}],"replies":[{"embeddable":true,"href":"https:\/\/www.torilkremmervik.no\/blogg\/index.php?rest_route=%2Fwp%2Fv2%2Fcomments&post=9632"}],"version-history":[{"count":2,"href":"https:\/\/www.torilkremmervik.no\/blogg\/index.php?rest_route=\/wp\/v2\/posts\/9632\/revisions"}],"predecessor-version":[{"id":9634,"href":"https:\/\/www.torilkremmervik.no\/blogg\/index.php?rest_route=\/wp\/v2\/posts\/9632\/revisions\/9634"}],"wp:attachment":[{"href":"https:\/\/www.torilkremmervik.no\/blogg\/index.php?rest_route=%2Fwp%2Fv2%2Fmedia&parent=9632"}],"wp:term":[{"taxonomy":"category","embeddable":true,"href":"https:\/\/www.torilkremmervik.no\/blogg\/index.php?rest_route=%2Fwp%2Fv2%2Fcategories&post=9632"},{"taxonomy":"post_tag","embeddable":true,"href":"https:\/\/www.torilkremmervik.no\/blogg\/index.php?rest_route=%2Fwp%2Fv2%2Ftags&post=9632"}],"curies":[{"name":"wp","href":"https:\/\/api.w.org\/{rel}","templated":true}]}}