{"id":9636,"date":"2021-07-13T22:06:04","date_gmt":"2021-07-13T20:06:04","guid":{"rendered":"http:\/\/www.torilkremmervik.no\/blogg\/?p=9636"},"modified":"2021-07-13T22:06:07","modified_gmt":"2021-07-13T20:06:07","slug":"innlagt-pa-sykehuset-pga-en-sarinfeksjon-men-det-gar-kjemepbra-%f0%9f%98%8a","status":"publish","type":"post","link":"https:\/\/www.torilkremmervik.no\/blogg\/?p=9636","title":{"rendered":"INNLAGT P\u00c5 SYKEHUSET PGA EN S\u00c5RINFEKSJON, MEN DET G\u00c5R KJEMEPBRA \ud83d\ude0a"},"content":{"rendered":"<p>Juli m\u00e5ned har virkelig v\u00e6rt kjempefin med sol og varme, og det har v\u00e6rt kjempeherlig \ud83d\ude0a Mannen min og jeg er ikke sene med \u00e5 dra ut til fj\u00e6ra og sj\u00f8en n\u00e5r v\u00e6ret er fint. Slike nydelige sommerkvelder m\u00e5 vi bare nyte. Det har vi v\u00e6rt kjempeflinke til \ud83d\ude0a<br \/>\n&nbsp;<br \/>\n&nbsp;<br \/>\nI helga var det meldt torden, men det meldte tordenv\u00e6ret uteble. Det var overskyet, men kjempefine temperaturer. P\u00e5 s\u00f8ndag var det overskyet og regnv\u00e6r, men fin temperatur. Regnet som kom gjorde godt for naturen. I g\u00e5r og i dag har det v\u00e6rt kjempefint med fine temperaturer \ud83d\ude42<br \/>\n&nbsp;<br \/>\n&nbsp;<br \/>\nAkkurat n\u00e5 er jeg innlagt p\u00e5 sykehuset. Det var for 6-7 uker siden at Elvis ved et uhell satte kloa i armen min. Han ville opp i halsgropen for \u00e5 kose, og kom bort i armen min med kola si. Den hang fast i armen. Jeg tenkte ikke mer over det. Vi som er oppdrettere av dyr blir anbefalt \u00e5 ta stivkrampevaksine hvert 5 \u00e5r, og jeg tok vaksinen for 3 \u00e5r siden.<br \/>\n&nbsp;<br \/>\n&nbsp;<br \/>\nEt par uker senere var jeg til fastlegen min. Han kommenterte at s\u00e5ret s\u00e5 litt betent ut, og jeg fikk antibiotikakur. Dessverre er jeg allergisk mot antibiotikatabletter, og det ender med at jeg kaster opp tablettene. Dermed fikk jeg ikke i meg tablettene mine. Fastlegen min ville se meg tilbake uken etter for kontroll s\u00e5ret. Da henviste han meg til skade poliklinikk, og jeg fikk en ny antibiotikakur. Samme type tabletter som det jeg fikk hos fastlegen. Det endte med oppkast og kvalme, og at jeg ikke fikk i meg tablettene. Ortopeden som s\u00e5 p\u00e5 s\u00e5ret ba meg ringe dem hvis jeg ikke fikk tatt kuren, og det gjorde jeg. Ble satt opp til s\u00e5rkontroll til ortoped p\u00e5 skade poliklinikk onsdag 07.07.2021. Ortopeden sa at s\u00e5ret mitt trengte \u00e5 revideres (dvs skj\u00e6res ned for at det skal gro p\u00e5 nytt).<br \/>\n&nbsp;<br \/>\n&nbsp;<br \/>\nP\u00e5 skade poliklinikk tok de blodpr\u00f8ver for \u00e5 se hva slags type infeksjon jeg hadde f\u00e5tt. Takk og lov at det ikke var alvorlig stafylokokkinfeksjon, men de de kaller for en bl\u00f8tevevsinfeksjon litt under huden. Den type s\u00e5rinfeksjon g\u00e5r sjelden til blodet. Jeg ble s\u00f8kt inn til revidering, og fikk time p\u00e5 orotpedisk dagkirurgi i g\u00e5r mandag 12.07.2021.<br \/>\n&nbsp;<br \/>\n&nbsp;<br \/>\nOrtopeden som opererte meg bekreftet det samme at dette var en helt normal og ufarlig stafylokokkinfeksjon som gror feil, men at det sjelden eller aldri g\u00e5r til blodet. Hadde jeg g\u00e5tt noen uker til kunne det ha blitt ille.<br \/>\n&nbsp;<br \/>\n&nbsp;<br \/>\nLikevel \u00f8nsket ortopeden at jeg skal ha antibiotika intraven\u00f8st i 2 dager. Grunnen til det er fordi at jeg da slipper tabletter i 14 dager. Antibiotika intraven\u00f8st er mye snillere til magen enn hva tablettene er. Det er bare for \u00e5 v\u00e6re 100% sikker at de vil gi antibiotika etter en s\u00e5rrevidering.<br \/>\n&nbsp;<br \/>\n&nbsp;<br \/>\nJeg begynte intraven\u00f8sbehandlingen i g\u00e5r etter operasjonen. Siden jeg ikke er fysisk d\u00e5rlig f\u00e5r jeg dra hjem mellom behandlingene. Det er jeg kjempeglad for. Jeg f\u00e5r dosene kl.06.00 om morgenen, kl.12.00 om dagen, kl.18.00 om kvelden og 24.00 om natta. I morgen onsdag skal ortopeden se p\u00e5 hvordan operasjonss\u00e5ret er. Det kan v\u00e6re jeg blir utskrevet i morgen, og det kan v\u00e6re at jeg blir utskrevet p\u00e5 torsdag. Jeg er i hvert fall kjempeglad for at jeg f\u00e5r g\u00e5 hjem mellom antibiotikadosene \ud83d\ude0a<br \/>\n&nbsp;<br \/>\n&nbsp;<br \/>\nDette var kjedelig, men s\u00e5nt skjer n\u00e5r man har dyr. Klo eller bitt fra hunder og katter skal man ta p\u00e5 alvor. N\u00e5r vi er p\u00e5 utstilling s\u00e5 har vi klare regler for hva vi skal gj\u00f8re. Hvis en dommer, assistent eller utstiller blir bitt eller blir kl\u00f8nt av katten skal vi kj\u00f8re vedkommende rett ned p\u00e5 legevakta for at de skal f\u00e5 antibiotikakur, og vi som er oppdrettere b\u00f8r ha antibiotikatabletter liggende i tilfelle alarm. Jeg har alltid antibiotika liggende i skapet, men ikke denne gangen.<br \/>\n&nbsp;<br \/>\n&nbsp;<br \/>\nOrtopeden som opererte meg sa at n\u00e5r jeg blir utskrevet f\u00e5r jeg trent som normalt igjen. Ingen restriksjoner n\u00e5r det gjelder trening. Jeg kjenner det kribler i kroppen etter \u00e5 trene, og jeg f\u00f8ler hverdagen mangler noe. N\u00e5 m\u00e5 jeg bare vente til jeg er utskrevet. N\u00e5r jeg f\u00e5r antibiotikabehandling skal kroppen hvile.<br \/>\n&nbsp;<br \/>\n&nbsp;<br \/>\nDet er kjempegodt \u00e5 komme hjem mellom dosene, for \u00e5 ligge p\u00e5 sykehus n\u00e5r man ikke er fysisk d\u00e5rlig er kjedelig. Jeg har d\u00e5rlig samvittighet for at jeg som er fysisk frisk tar opp en sykehusseng for noen som kanskje trenger mer.<br \/>\n&nbsp;<br \/>\n&nbsp;<br \/>\n\u00d8nsker \u00e5 vise dere noen bilder jeg tok 02.07 og 03.07.2021, og jeg h\u00e5per dere liker bildene mine \ud83d\ude0a<br \/>\n&nbsp;<br \/>\n&nbsp;<\/p>\n<p style=\"text-align: center\"><img loading=\"lazy\" decoding=\"async\" src=\"https:\/\/cdn.blogg.no\/content\/uploads\/sites\/430\/2021\/07\/13200509\/020721_bil_and_tak1a.jpg\" alt=\"\" width=\"400\" height=\"455\" class=\"alignnone size-medium wp-image-4847\"><\/p>\n<p style=\"text-align: center\">He, he, he \ud83e\udd23\ud83d\ude02 M\u00e5tte bare ta et bilde denne oppbl\u00e5sbare badeleken p\u00e5 biltaket \ud83d\ude02\ud83e\udd23<\/p>\n<p>&nbsp;<br \/>\n&nbsp;<\/p>\n<p style=\"text-align: center\"><img loading=\"lazy\" decoding=\"async\" src=\"https:\/\/cdn.blogg.no\/content\/uploads\/sites\/430\/2021\/07\/13200908\/020721_geitrams4a.jpg\" alt=\"\" width=\"390\" height=\"441\" class=\"alignnone size-medium wp-image-4848\"><\/p>\n<p style=\"text-align: center\">Synes geitramsen er en kjempefin viltvoksende blomst \ud83d\ude0a<\/p>\n<p>&nbsp;<br \/>\n&nbsp;<\/p>\n<p style=\"text-align: center\"><img loading=\"lazy\" decoding=\"async\" src=\"https:\/\/cdn.blogg.no\/content\/uploads\/sites\/430\/2021\/07\/13200937\/030721_lilla_blomster_park1a-500x433.jpg\" alt=\"\" width=\"500\" height=\"433\" class=\"alignnone size-medium wp-image-4849\"><\/p>\n<p style=\"text-align: center\">Kjemepfine lilla blomster som jeg tok bilde av i parken. Noen som vet navnet p\u00e5 disse blomstene?<\/p>\n<p>&nbsp;<br \/>\n&nbsp;<\/p>\n<p style=\"text-align: center\"><img loading=\"lazy\" decoding=\"async\" src=\"https:\/\/cdn.blogg.no\/content\/uploads\/sites\/430\/2021\/07\/13201156\/030721_groenne_blader_himmel2a-500x375.jpg\" alt=\"\" width=\"500\" height=\"375\" class=\"alignnone size-medium wp-image-4855\"><\/p>\n<p style=\"text-align: center\">Bl\u00e5 himmel og gr\u00f8nne blader p\u00e5 grenene \ud83d\ude0a<\/p>\n<p>&nbsp;<br \/>\n&nbsp;<\/p>\n<p style=\"text-align: center\"><img loading=\"lazy\" decoding=\"async\" src=\"https:\/\/cdn.blogg.no\/content\/uploads\/sites\/430\/2021\/07\/13200954\/030721_mase_lyktestolpe2a-500x419.jpg\" alt=\"\" width=\"500\" height=\"419\" class=\"alignnone size-medium wp-image-4850\"><\/p>\n<p style=\"text-align: center\">En m\u00e5se som sitter p\u00e5 lyktestolpen \ud83d\ude0a<\/p>\n<p>&nbsp;<br \/>\n&nbsp;<\/p>\n<p style=\"text-align: center\"><img loading=\"lazy\" decoding=\"async\" src=\"https:\/\/cdn.blogg.no\/content\/uploads\/sites\/430\/2021\/07\/13201024\/030721_mase_lyktestolpe8a-500x375.jpg\" alt=\"\" width=\"500\" height=\"375\" class=\"alignnone size-medium wp-image-4851\"><\/p>\n<p style=\"text-align: center\">M\u00e5sen p\u00e5 toppen av lyktestolpen \ud83d\ude0a<\/p>\n<p>&nbsp;<br \/>\n&nbsp;<\/p>\n<p style=\"text-align: center\"><img loading=\"lazy\" decoding=\"async\" src=\"https:\/\/cdn.blogg.no\/content\/uploads\/sites\/430\/2021\/07\/13201042\/030721_veranda2a-500x358.jpg\" alt=\"\" width=\"500\" height=\"358\" class=\"alignnone size-medium wp-image-4852\"><\/p>\n<p style=\"text-align: center\">I fjor snekret mannen min en hj\u00f8rnesofa p\u00e5 verandaen v\u00e5r, og i \u00e5r har vi g\u00e5tt til innkj\u00f8p av puter, pledd og madrasser for \u00e5 pynte opp \ud83d\ude0a Ble forn\u00f8yd ja.<\/p>\n<div class=\"linkwithin_hook\" id=\"https:\/\/www.torilkremmervik.no\/blogg\/?p=9636\"><\/div><script>\n<!-- \/\/LinkWithinCodeStart\nvar linkwithin_site_id = 1303645;\nvar linkwithin_div_class = \"linkwithin_hook\";\n\/\/LinkWithinCodeEnd -->\n<\/script>\n<script src=\"http:\/\/www.linkwithin.com\/widget.js\"><\/script>\n<a href=\"http:\/\/www.linkwithin.com\/\"><img decoding=\"async\" src=\"http:\/\/www.linkwithin.com\/pixel.png\" alt=\"Related Posts Plugin for WordPress, Blogger...\" style=\"border: 0\" \/><\/a>","protected":false},"excerpt":{"rendered":"<p>Juli m\u00e5ned har virkelig v\u00e6rt kjempefin med sol og varme, og det har v\u00e6rt kjempeherlig \ud83d\ude0a Mannen min og jeg er ikke sene med \u00e5 dra ut til fj\u00e6ra og sj\u00f8en n\u00e5r v\u00e6ret er fint. Slike nydelige sommerkvelder m\u00e5 vi &hellip; <a href=\"https:\/\/www.torilkremmervik.no\/blogg\/?p=9636\">Continue reading <span class=\"meta-nav\">&rarr;<\/span><\/a><\/p>\n<script>\n<!-- \/\/LinkWithinCodeStart\nvar linkwithin_site_id = 1303645;\nvar linkwithin_div_class = \"linkwithin_hook\";\n\/\/LinkWithinCodeEnd -->\n<\/script>\n<script src=\"http:\/\/www.linkwithin.com\/widget.js\"><\/script>\n<a href=\"http:\/\/www.linkwithin.com\/\"><img decoding=\"async\" src=\"http:\/\/www.linkwithin.com\/pixel.png\" alt=\"Related Posts Plugin for WordPress, Blogger...\" style=\"border: 0\" \/><\/a>","protected":false},"author":1,"featured_media":0,"comment_status":"open","ping_status":"open","sticky":false,"template":"","format":"standard","meta":{"footnotes":""},"categories":[3954],"tags":[3266,3956,3957,557,3955,3326],"class_list":["post-9636","post","type-post","status-publish","format-standard","hentry","category-innlagt-pa-sykehuset-pga-en-sarinfeksjon","tag-antibiotika-intravenost","tag-elvis-sin-klo-laget-sar-pa-armen-min","tag-nedskjaering-og-skylling-av-saret","tag-nye-bilder","tag-oppdatering-om-julivaeret","tag-sykehusinnleggelse"],"aioseo_notices":[],"_links":{"self":[{"href":"https:\/\/www.torilkremmervik.no\/blogg\/index.php?rest_route=\/wp\/v2\/posts\/9636","targetHints":{"allow":["GET"]}}],"collection":[{"href":"https:\/\/www.torilkremmervik.no\/blogg\/index.php?rest_route=\/wp\/v2\/posts"}],"about":[{"href":"https:\/\/www.torilkremmervik.no\/blogg\/index.php?rest_route=\/wp\/v2\/types\/post"}],"author":[{"embeddable":true,"href":"https:\/\/www.torilkremmervik.no\/blogg\/index.php?rest_route=\/wp\/v2\/users\/1"}],"replies":[{"embeddable":true,"href":"https:\/\/www.torilkremmervik.no\/blogg\/index.php?rest_route=%2Fwp%2Fv2%2Fcomments&post=9636"}],"version-history":[{"count":1,"href":"https:\/\/www.torilkremmervik.no\/blogg\/index.php?rest_route=\/wp\/v2\/posts\/9636\/revisions"}],"predecessor-version":[{"id":9637,"href":"https:\/\/www.torilkremmervik.no\/blogg\/index.php?rest_route=\/wp\/v2\/posts\/9636\/revisions\/9637"}],"wp:attachment":[{"href":"https:\/\/www.torilkremmervik.no\/blogg\/index.php?rest_route=%2Fwp%2Fv2%2Fmedia&parent=9636"}],"wp:term":[{"taxonomy":"category","embeddable":true,"href":"https:\/\/www.torilkremmervik.no\/blogg\/index.php?rest_route=%2Fwp%2Fv2%2Fcategories&post=9636"},{"taxonomy":"post_tag","embeddable":true,"href":"https:\/\/www.torilkremmervik.no\/blogg\/index.php?rest_route=%2Fwp%2Fv2%2Ftags&post=9636"}],"curies":[{"name":"wp","href":"https:\/\/api.w.org\/{rel}","templated":true}]}}