{"id":9638,"date":"2021-07-14T16:06:58","date_gmt":"2021-07-14T14:06:58","guid":{"rendered":"http:\/\/www.torilkremmervik.no\/blogg\/?p=9638"},"modified":"2021-07-14T16:07:00","modified_gmt":"2021-07-14T14:07:00","slug":"bilder-fra-kveldsutflukt-til-sjoen-og-fjaera-03-07-2021-%f0%9f%98%8a","status":"publish","type":"post","link":"https:\/\/www.torilkremmervik.no\/blogg\/?p=9638","title":{"rendered":"BILDER FRA KVELDSUTFLUKT TIL SJ\u00d8EN OG FJ\u00c6RA 03.07.2021 \ud83d\ude0a"},"content":{"rendered":"<p>03.07.2021 var det kjempefint og nydelig v\u00e6r her i Trondheim, og selvf\u00f8lgelig m\u00e5tte vi nyte den kjempefine sommerkvelden.<br \/>\n&nbsp;<br \/>\n&nbsp;<br \/>\nMannen min, korvenninnen v\u00e5r og jeg avtalte at vi skulle dra ut til fj\u00e6ra vi bruker \u00e5 v\u00e6re.<br \/>\n&nbsp;<br \/>\n&nbsp;<br \/>\nVi pakket med oss noe frukt \u00e5 spise, drikke, stol, badet\u00f8y, h\u00e5ndduker og godt hum\u00f8r \ud83d\ude0a<br \/>\n&nbsp;<br \/>\n&nbsp;<br \/>\nI fj\u00e6ra hadde vi en kjempekoselig kveld. Vi fotograferte ulike motiver, satt og pratet og bare koste oss kjempemasse \ud83d\ude0a Ikke minst ble vi nok en gang vitne til en kjempenydelig solnedgang hvor bare alt stod stille \u2764\ud83d\ude0a<br \/>\n&nbsp;<br \/>\n&nbsp;<br \/>\nDet ble bading&#8230;. Ikke p\u00e5 meg, men p\u00e5 mannen min. Jeg er verdens st\u00f8rste pyse og bader ikke med mindre det er + 25 grader, sol og bl\u00e5 himmel i 3-4 uker sammenhengende. Da kan jeg til og med stikke storet\u00e5a mi ned i vannet.<br \/>\n&nbsp;<br \/>\n&nbsp;<br \/>\n\u00d8nsker \u00e5 vise dere noen av bildene jeg tok, og h\u00e5per dere liker bildene mine \ud83d\ude0a<br \/>\n&nbsp;<br \/>\n&nbsp;<\/p>\n<p style=\"text-align: center\"><img loading=\"lazy\" decoding=\"async\" src=\"https:\/\/cdn.blogg.no\/content\/uploads\/sites\/430\/2021\/07\/13201625\/030721_sjoe_fjaere_rye2a-500x334.jpg\" alt=\"\" width=\"500\" height=\"334\" class=\"alignnone size-medium wp-image-4863\"><\/p>\n<p style=\"text-align: center\">Det er alltid kjempegodt \u00e5 komme seg ut til sj\u00f8en n\u00e5r v\u00e6ret er varmt og fint \ud83d\ude0a<\/p>\n<p>&nbsp;<br \/>\n&nbsp;<\/p>\n<p style=\"text-align: center\"><img loading=\"lazy\" decoding=\"async\" src=\"https:\/\/cdn.blogg.no\/content\/uploads\/sites\/430\/2021\/07\/14155346\/030721_vannkant_fjaere1a-1-500x350.jpg\" alt=\"\" width=\"500\" height=\"350\" class=\"alignnone size-medium wp-image-4882\"><\/p>\n<p style=\"text-align: center\">Ikke noe er som duften av fj\u00e6re og sj\u00f8 en kjemepfin og varm sommerkveld \ud83d\ude0a<\/p>\n<p>&nbsp;<br \/>\n&nbsp;<\/p>\n<p style=\"text-align: center\"><img loading=\"lazy\" decoding=\"async\" src=\"https:\/\/cdn.blogg.no\/content\/uploads\/sites\/430\/2021\/07\/13201144\/030721_boelgeskvulp4a-500x355.jpg\" alt=\"\" width=\"500\" height=\"355\" class=\"alignnone size-medium wp-image-4854\"><\/p>\n<p style=\"text-align: center\">B\u00f8lgeskvulp mot stein \ud83d\ude0a<\/p>\n<p>&nbsp;<br \/>\n&nbsp;<\/p>\n<p style=\"text-align: center\"><img loading=\"lazy\" decoding=\"async\" src=\"https:\/\/cdn.blogg.no\/content\/uploads\/sites\/430\/2021\/07\/13201326\/030721_boelge_mot_strand3a-500x375.jpg\" alt=\"\" width=\"500\" height=\"375\" class=\"alignnone size-medium wp-image-4857\"><\/p>\n<p style=\"text-align: center\">Tang, sj\u00f8 og sand \ud83d\ude0a<\/p>\n<p>&nbsp;<br \/>\n&nbsp;<\/p>\n<p style=\"text-align: center\"><img loading=\"lazy\" decoding=\"async\" src=\"https:\/\/cdn.blogg.no\/content\/uploads\/sites\/430\/2021\/07\/13201442\/030721_kveldssol2a.jpg\" alt=\"\" width=\"400\" height=\"403\" class=\"alignnone size-medium wp-image-4859\"><\/p>\n<p style=\"text-align: center\">Kjempefin kveldssol som speiler seg i sj\u00f8en \ud83d\ude0a<\/p>\n<p>&nbsp;<br \/>\n&nbsp;<\/p>\n<p style=\"text-align: center\"><img loading=\"lazy\" decoding=\"async\" src=\"https:\/\/cdn.blogg.no\/content\/uploads\/sites\/430\/2021\/07\/13201459\/030721_kveldssolen3a-500x366.jpg\" alt=\"\" width=\"500\" height=\"366\" class=\"alignnone size-medium wp-image-4860\"><\/p>\n<p style=\"text-align: center\">Kveldssolen p\u00e5 vei ned \ud83d\ude0a<\/p>\n<p>&nbsp;<br \/>\n&nbsp;<\/p>\n<p style=\"text-align: center\"><img loading=\"lazy\" decoding=\"async\" src=\"https:\/\/cdn.blogg.no\/content\/uploads\/sites\/430\/2021\/07\/13201547\/030721_solnedgang3a-500x375.jpg\" alt=\"\" width=\"500\" height=\"375\" class=\"alignnone size-medium wp-image-4862\"><\/p>\n<p style=\"text-align: center\">Kjempefin og magisk solnedgang \ud83d\ude0a<\/p>\n<p>&nbsp;<br \/>\n&nbsp;<\/p>\n<p style=\"text-align: center\"><img loading=\"lazy\" decoding=\"async\" src=\"https:\/\/cdn.blogg.no\/content\/uploads\/sites\/430\/2021\/07\/14155410\/030721_mase3a-500x423.jpg\" alt=\"\" width=\"500\" height=\"423\" class=\"alignnone size-medium wp-image-4883\"><\/p>\n<p style=\"text-align: center\">En m\u00e5se som sitter p\u00e5 gjerdet \ud83d\ude0a<\/p>\n<div class=\"linkwithin_hook\" id=\"https:\/\/www.torilkremmervik.no\/blogg\/?p=9638\"><\/div><script>\n<!-- \/\/LinkWithinCodeStart\nvar linkwithin_site_id = 1303645;\nvar linkwithin_div_class = \"linkwithin_hook\";\n\/\/LinkWithinCodeEnd -->\n<\/script>\n<script src=\"http:\/\/www.linkwithin.com\/widget.js\"><\/script>\n<a href=\"http:\/\/www.linkwithin.com\/\"><img decoding=\"async\" src=\"http:\/\/www.linkwithin.com\/pixel.png\" alt=\"Related Posts Plugin for WordPress, Blogger...\" style=\"border: 0\" \/><\/a>","protected":false},"excerpt":{"rendered":"<p>03.07.2021 var det kjempefint og nydelig v\u00e6r her i Trondheim, og selvf\u00f8lgelig m\u00e5tte vi nyte den kjempefine sommerkvelden. &nbsp; &nbsp; Mannen min, korvenninnen v\u00e5r og jeg avtalte at vi skulle dra ut til fj\u00e6ra vi bruker \u00e5 v\u00e6re. &nbsp; &nbsp; &hellip; <a href=\"https:\/\/www.torilkremmervik.no\/blogg\/?p=9638\">Continue reading <span class=\"meta-nav\">&rarr;<\/span><\/a><\/p>\n<script>\n<!-- \/\/LinkWithinCodeStart\nvar linkwithin_site_id = 1303645;\nvar linkwithin_div_class = \"linkwithin_hook\";\n\/\/LinkWithinCodeEnd -->\n<\/script>\n<script src=\"http:\/\/www.linkwithin.com\/widget.js\"><\/script>\n<a href=\"http:\/\/www.linkwithin.com\/\"><img decoding=\"async\" src=\"http:\/\/www.linkwithin.com\/pixel.png\" alt=\"Related Posts Plugin for WordPress, Blogger...\" style=\"border: 0\" \/><\/a>","protected":false},"author":1,"featured_media":0,"comment_status":"open","ping_status":"open","sticky":false,"template":"","format":"standard","meta":{"footnotes":""},"categories":[3958],"tags":[3960,3253,1499,3252,2246,184,3959],"class_list":["post-9638","post","type-post","status-publish","format-standard","hentry","category-bilder-fra-utflukt-til-sjoen-og-fjaera-03-07-2021","tag-bilder-fra-tur-til-fjaera-03-07-2021","tag-fjaere","tag-kveldssol","tag-sjo","tag-solnedgang","tag-sommer","tag-utflukt-til-fjaera-03-07-2021"],"aioseo_notices":[],"_links":{"self":[{"href":"https:\/\/www.torilkremmervik.no\/blogg\/index.php?rest_route=\/wp\/v2\/posts\/9638","targetHints":{"allow":["GET"]}}],"collection":[{"href":"https:\/\/www.torilkremmervik.no\/blogg\/index.php?rest_route=\/wp\/v2\/posts"}],"about":[{"href":"https:\/\/www.torilkremmervik.no\/blogg\/index.php?rest_route=\/wp\/v2\/types\/post"}],"author":[{"embeddable":true,"href":"https:\/\/www.torilkremmervik.no\/blogg\/index.php?rest_route=\/wp\/v2\/users\/1"}],"replies":[{"embeddable":true,"href":"https:\/\/www.torilkremmervik.no\/blogg\/index.php?rest_route=%2Fwp%2Fv2%2Fcomments&post=9638"}],"version-history":[{"count":1,"href":"https:\/\/www.torilkremmervik.no\/blogg\/index.php?rest_route=\/wp\/v2\/posts\/9638\/revisions"}],"predecessor-version":[{"id":9639,"href":"https:\/\/www.torilkremmervik.no\/blogg\/index.php?rest_route=\/wp\/v2\/posts\/9638\/revisions\/9639"}],"wp:attachment":[{"href":"https:\/\/www.torilkremmervik.no\/blogg\/index.php?rest_route=%2Fwp%2Fv2%2Fmedia&parent=9638"}],"wp:term":[{"taxonomy":"category","embeddable":true,"href":"https:\/\/www.torilkremmervik.no\/blogg\/index.php?rest_route=%2Fwp%2Fv2%2Fcategories&post=9638"},{"taxonomy":"post_tag","embeddable":true,"href":"https:\/\/www.torilkremmervik.no\/blogg\/index.php?rest_route=%2Fwp%2Fv2%2Ftags&post=9638"}],"curies":[{"name":"wp","href":"https:\/\/api.w.org\/{rel}","templated":true}]}}