{"id":9642,"date":"2021-07-18T22:44:33","date_gmt":"2021-07-18T20:44:33","guid":{"rendered":"http:\/\/www.torilkremmervik.no\/blogg\/?p=9642"},"modified":"2021-07-18T22:44:36","modified_gmt":"2021-07-18T20:44:36","slug":"om-uken-05-07-11-07-2021-ord-og-bilder-%f0%9f%98%8a","status":"publish","type":"post","link":"https:\/\/www.torilkremmervik.no\/blogg\/?p=9642","title":{"rendered":"OM UKEN 05.07 &#8211; 11.07.2021 ORD OG BILDER \ud83d\ude0a"},"content":{"rendered":"<p>O5.07.2021 var det s\u00e5 varmt i Trondheim, og det var s\u00e5 varmt at det var klamt og ubehagelig \u00e5 v\u00e6re inne.<br \/>\n&nbsp;<br \/>\n&nbsp;<br \/>\nOm kvelden kl.19.00 dro mannen min, broren hans og jeg til en strand som ligger ca. 10 minutter unna oss \u00e5 kj\u00f8re. Det var en kjempefin og varm kveld. Ikke var det s\u00e5 mye folk heller.<br \/>\n&nbsp;<br \/>\n&nbsp;<br \/>\nMannen min og broren hans badet, men pysa meg satt og s\u00e5 p\u00e5 fordi jeg bader ikke i sj\u00f8en i Norge med mindre det har v\u00e6rt +25 grader i 3-4 uker i ett strekk \ud83d\ude02\ud83e\udd23 Ja, jeg innr\u00f8mmer jeg er pyse. I tillegg hadde jeg et s\u00e5r som var infisert som gjorde til at jeg ikke kunne bade.<br \/>\n&nbsp;<br \/>\n&nbsp;<br \/>\n06.07.2021 var godv\u00e6rsperioden over, og det ble overskyet. Temperaturen var fortsatt h\u00f8y og det var klamt. Det var meldt tordenv\u00e6r. Tordenv\u00e6ret kom det, men vi h\u00f8rte kun 2-3 dr\u00f8nn etterfulgt av skikkelig floskur. Det var ikke m\u00e5te p\u00e5 hvordan det regnet! Regnet som kom gjorde godt for naturen, for det var t\u00f8rt ja.<br \/>\n&nbsp;<br \/>\n&nbsp;<br \/>\n07.07.2021 var det ogs\u00e5 overskyet, vamrt, lummert og klamt, og p\u00e5 ettermiddagen var det en time hvor det lynte, tordnet og regnet f\u00f8r det ble oppholdsv\u00e6r og lettskyet pent v\u00e6r.<br \/>\n&nbsp;<br \/>\n&nbsp;<br \/>\n07.07.2021 var jeg p\u00e5 s\u00e5rkontroll til ortopeden p\u00e5 St. Olav, og det ble bestemt at s\u00e5ret p\u00e5 armen m\u00e5tte renses og skj\u00e6res litt ned slik at det kunne gro fra bunnen av. Ortopeden s\u00f8kte meg inn p\u00e5 dagkirurgisk avdeling med innleggelse p\u00e5 avdeling for \u00e5 f\u00e5 antibiotika intraven\u00f8s. Jeg spurte ortopeden om jeg fikk lov til til \u00e5 trene styrketrening, og det var helt i orden.<br \/>\n&nbsp;<br \/>\n&nbsp;<br \/>\nTorsdag 08.07.2021 dro jeg p\u00e5 trening, og jeg trente overkropp. Kl.11.00 ringte de fra ortopedisk dagkirurgi, og de fortalte at jeg hadde f\u00e5tt time til operasjon mandag 12.07.2021 kl.07.30. Det gikk fortere enn hva jeg hadde ventet.<br \/>\n&nbsp;<br \/>\n&nbsp;<br \/>\nMannen min, broen hans og nev\u00f8en deres reiste p\u00e5 sin \u00e5rlige hyttetur 08.07 &#8211; 11.07.2021. Den tradisjonen har de hatt siden 90-tallet, og de har ivaretatt den. Det e kjempekoselig for mannfolka v\u00e5re \ud83d\ude0a<br \/>\n&nbsp;<br \/>\n&nbsp;<br \/>\nFredag 09.07.2021 var jeg til fastlegen p\u00e5 s\u00e5rkontroll, og etter s\u00e5rkontrollen dro jeg p\u00e5 treningssenteret og trente overkropp. Om ettermiddagen t\u00f8rket jeg st\u00f8v i leiligheten v\u00e5r, og rydda. Om kvelden slappet jeg av, tok det med ro og s\u00e5 p\u00e5 TV&#8217;n \ud83d\ude0a<br \/>\n&nbsp;<br \/>\n&nbsp;<br \/>\nL\u00f8rdag 10.07.2021 var jeg hjemme hele dagen. Jeg gikk meg en tur. Det var en foto- og trimtur hvor jeg fotograferte . Om ettermiddagen holdt jeg p\u00e5 med \u00e5 redigere bilder, jeg holdt p\u00e5 med litt kreativ fargelegging og satt og leste i boka min. Hadde en avslappende l\u00f8rdag \ud83d\ude0a<br \/>\n&nbsp;<br \/>\n&nbsp;<br \/>\n\u00d8nsker \u00e5 vise dere bilder som jeg tok da vi var p\u00e5 stranda 05.07.2021 og p\u00e5 trimturen min 10.07.2021, og jeg h\u00e5per dere liker bildene mine \ud83d\ude0a<br \/>\n&nbsp;<br \/>\n&nbsp;<\/p>\n<p style=\"text-align: center\"><img loading=\"lazy\" decoding=\"async\" src=\"https:\/\/cdn.blogg.no\/content\/uploads\/sites\/430\/2021\/07\/18215617\/050721_vaereholmen2a-1-500x375.jpg\" alt=\"\" width=\"500\" height=\"375\" class=\"alignnone size-medium wp-image-4891\"><\/p>\n<p style=\"text-align: center\">Kjempefin himmel over Trondheimsfjorden sett fra V\u00e6resholmen \ud83d\ude0a<\/p>\n<p>&nbsp;<br \/>\n&nbsp;<\/p>\n<p style=\"text-align: center\"><img loading=\"lazy\" decoding=\"async\" src=\"https:\/\/cdn.blogg.no\/content\/uploads\/sites\/430\/2021\/07\/18215710\/050721_vaereholmen5a-1-500x375.jpg\" alt=\"\" width=\"500\" height=\"375\" class=\"alignnone size-medium wp-image-4893\"><\/p>\n<p style=\"text-align: center\">Noen badenymfer \ud83d\ude0a<\/p>\n<p>&nbsp;<br \/>\n&nbsp;<\/p>\n<p style=\"text-align: center\"><img loading=\"lazy\" decoding=\"async\" src=\"https:\/\/cdn.blogg.no\/content\/uploads\/sites\/430\/2021\/07\/18215740\/050721_vaereholmen7a-1-500x375.jpg\" alt=\"\" width=\"500\" height=\"375\" class=\"alignnone size-medium wp-image-4894\"><\/p>\n<p style=\"text-align: center\">Stranden V\u00e6resholmen i Trondheim \ud83d\ude0a<\/p>\n<p>&nbsp;<br \/>\n&nbsp;<\/p>\n<p style=\"text-align: center\"><img loading=\"lazy\" decoding=\"async\" src=\"https:\/\/cdn.blogg.no\/content\/uploads\/sites\/430\/2021\/07\/18215835\/100721_gul_blomst_bed_park2a-1.jpg\" alt=\"\" width=\"422\" height=\"408\" class=\"alignnone size-medium wp-image-4897\"><\/p>\n<p style=\"text-align: center\">Kjempefin gul blomst \ud83d\ude0a<\/p>\n<p>&nbsp;<br \/>\n&nbsp;<\/p>\n<p style=\"text-align: center\"><img loading=\"lazy\" decoding=\"async\" src=\"https:\/\/cdn.blogg.no\/content\/uploads\/sites\/430\/2021\/07\/18215853\/100721_gule_blomster_busk2a-1-500x388.jpg\" alt=\"\" width=\"500\" height=\"388\" class=\"alignnone size-medium wp-image-4898\"><\/p>\n<p style=\"text-align: center\">Kjempefine gule blomster \ud83d\ude0a<\/p>\n<p>&nbsp;<br \/>\n&nbsp;<\/p>\n<p style=\"text-align: center\"><img loading=\"lazy\" decoding=\"async\" src=\"https:\/\/cdn.blogg.no\/content\/uploads\/sites\/430\/2021\/07\/18215924\/100721_gule_blomster2a-2-500x433.jpg\" alt=\"\" width=\"500\" height=\"433\" class=\"alignnone size-medium wp-image-4900\"><\/p>\n<p style=\"text-align: center\">Reinfann er kjempefine viltvoksende blomster \ud83d\ude0a<\/p>\n<p>&nbsp;<br \/>\n&nbsp;<\/p>\n<p style=\"text-align: center\"><img loading=\"lazy\" decoding=\"async\" src=\"https:\/\/cdn.blogg.no\/content\/uploads\/sites\/430\/2021\/07\/18215940\/100721_humle_hvite_blomster3a-1-500x408.jpg\" alt=\"\" width=\"500\" height=\"408\" class=\"alignnone size-medium wp-image-4901\"><\/p>\n<p style=\"text-align: center\">Hundekjeks \ud83d\ude0a<\/p>\n<div class=\"linkwithin_hook\" id=\"https:\/\/www.torilkremmervik.no\/blogg\/?p=9642\"><\/div><script>\n<!-- \/\/LinkWithinCodeStart\nvar linkwithin_site_id = 1303645;\nvar linkwithin_div_class = \"linkwithin_hook\";\n\/\/LinkWithinCodeEnd -->\n<\/script>\n<script src=\"http:\/\/www.linkwithin.com\/widget.js\"><\/script>\n<a href=\"http:\/\/www.linkwithin.com\/\"><img decoding=\"async\" src=\"http:\/\/www.linkwithin.com\/pixel.png\" alt=\"Related Posts Plugin for WordPress, Blogger...\" style=\"border: 0\" \/><\/a>","protected":false},"excerpt":{"rendered":"<p>O5.07.2021 var det s\u00e5 varmt i Trondheim, og det var s\u00e5 varmt at det var klamt og ubehagelig \u00e5 v\u00e6re inne. &nbsp; &nbsp; Om kvelden kl.19.00 dro mannen min, broren hans og jeg til en strand som ligger ca. 10 &hellip; <a href=\"https:\/\/www.torilkremmervik.no\/blogg\/?p=9642\">Continue reading <span class=\"meta-nav\">&rarr;<\/span><\/a><\/p>\n<script>\n<!-- \/\/LinkWithinCodeStart\nvar linkwithin_site_id = 1303645;\nvar linkwithin_div_class = \"linkwithin_hook\";\n\/\/LinkWithinCodeEnd -->\n<\/script>\n<script src=\"http:\/\/www.linkwithin.com\/widget.js\"><\/script>\n<a href=\"http:\/\/www.linkwithin.com\/\"><img decoding=\"async\" src=\"http:\/\/www.linkwithin.com\/pixel.png\" alt=\"Related Posts Plugin for WordPress, Blogger...\" style=\"border: 0\" \/><\/a>","protected":false},"author":1,"featured_media":0,"comment_status":"open","ping_status":"open","sticky":false,"template":"","format":"standard","meta":{"footnotes":""},"categories":[3965],"tags":[3971,3970,3968,3969,3967,3668,1446,3966],"class_list":["post-9642","post","type-post","status-publish","format-standard","hentry","category-uken-05-07-11-07-2021-i-ord-og-bilder","tag-bilder-tatt-05-07-og-10-07-2021","tag-infeksjon-i-arm","tag-kveldsbad","tag-kveldstur-til-vaerestroa-strand","tag-time-til-fastlege","tag-time-til-ortoped","tag-trening","tag-uken-05-07-11-07-i-ord-og-bilder"],"aioseo_notices":[],"_links":{"self":[{"href":"https:\/\/www.torilkremmervik.no\/blogg\/index.php?rest_route=\/wp\/v2\/posts\/9642","targetHints":{"allow":["GET"]}}],"collection":[{"href":"https:\/\/www.torilkremmervik.no\/blogg\/index.php?rest_route=\/wp\/v2\/posts"}],"about":[{"href":"https:\/\/www.torilkremmervik.no\/blogg\/index.php?rest_route=\/wp\/v2\/types\/post"}],"author":[{"embeddable":true,"href":"https:\/\/www.torilkremmervik.no\/blogg\/index.php?rest_route=\/wp\/v2\/users\/1"}],"replies":[{"embeddable":true,"href":"https:\/\/www.torilkremmervik.no\/blogg\/index.php?rest_route=%2Fwp%2Fv2%2Fcomments&post=9642"}],"version-history":[{"count":3,"href":"https:\/\/www.torilkremmervik.no\/blogg\/index.php?rest_route=\/wp\/v2\/posts\/9642\/revisions"}],"predecessor-version":[{"id":9645,"href":"https:\/\/www.torilkremmervik.no\/blogg\/index.php?rest_route=\/wp\/v2\/posts\/9642\/revisions\/9645"}],"wp:attachment":[{"href":"https:\/\/www.torilkremmervik.no\/blogg\/index.php?rest_route=%2Fwp%2Fv2%2Fmedia&parent=9642"}],"wp:term":[{"taxonomy":"category","embeddable":true,"href":"https:\/\/www.torilkremmervik.no\/blogg\/index.php?rest_route=%2Fwp%2Fv2%2Fcategories&post=9642"},{"taxonomy":"post_tag","embeddable":true,"href":"https:\/\/www.torilkremmervik.no\/blogg\/index.php?rest_route=%2Fwp%2Fv2%2Ftags&post=9642"}],"curies":[{"name":"wp","href":"https:\/\/api.w.org\/{rel}","templated":true}]}}