{"id":9767,"date":"2021-09-13T16:16:04","date_gmt":"2021-09-13T14:16:04","guid":{"rendered":"http:\/\/www.torilkremmervik.no\/blogg\/?p=9767"},"modified":"2021-09-14T15:21:19","modified_gmt":"2021-09-14T13:21:19","slug":"min-hyllest-til-hosten-med-hostdikt-%e2%9d%a4-%f0%9f%98%8a","status":"publish","type":"post","link":"https:\/\/www.torilkremmervik.no\/blogg\/?p=9767","title":{"rendered":"MIN HYLLEST TIL H\u00d8STEN MED H\u00d8STDIKT \u2764 \ud83d\ude0a"},"content":{"rendered":"<p>Det har blitt 13.09.2021, og h\u00f8sten er godt i gang \ud83d\ude0a<br \/>\n&nbsp;<br \/>\n&nbsp;<br \/>\nH\u00f8sten er en kjempefin \u00e5rstid. En perfekt h\u00f8stdag er sol fra skyfri og bl\u00e5 himmel og de kjempefine h\u00f8stfargene glinser i solskinnet\ud83d\ude0a  Jeg tror h\u00f8sten er den fineste \u00e5rstiden som finnes n\u00e5r det gjelder farger.<br \/>\n&nbsp;<br \/>\n&nbsp;<br \/>\nMange sliter med depresjon om h\u00f8sten p.g.a m\u00f8rketiden. N\u00e5 er det bevist at m\u00f8rket gj\u00f8r noe med oss mennesker. Jeg har heldigvis aldri reagert p\u00e5 h\u00f8sten og m\u00f8rketiden.<br \/>\n&nbsp;<br \/>\n&nbsp;<br \/>\nEn perfekt h\u00f8stkveld for meg er sitte i sofaen med en god kopp te, h\u00e5ndarbeid og gjerne ha p\u00e5 seg et varmt teppe\ud83d\ude0a<br \/>\n&nbsp;<br \/>\n&nbsp;<br \/>\n\u00d8nsker \u00e5 dele et h\u00f8stdikt med dere som jeg har skrevet, og jeg h\u00e5per dere liker diktet mitt  MIN HYLLEST TIL H\u00d8STEN MED H\u00d8STDIKT \u2764\ud83d\ude0a<br \/>\n&nbsp;<br \/>\n&nbsp;<\/p>\n<p style=\"text-align: center\">H\u00d8STDIKT!<\/p>\n<p>&nbsp;<\/p>\n<p style=\"text-align: center\">\nN\u00e5r sommeren er over,<br \/>\n&nbsp;<br \/>\nlegger sommeren seg og sover.<br \/>\n&nbsp;<br \/>\nH\u00f8sten den er kommet n\u00e5,<br \/>\n&nbsp;<br \/>\nmed alle jordens gr\u00f8de vi kan f\u00e5;<br \/>\n&nbsp;<br \/>\nepler, plommer, gr\u00f8nnsaker og b\u00e6r,<br \/>\n&nbsp;<br \/>\nog h\u00f8stens vakre farger i naturen; p\u00e5 busker og tr\u00e6r.<br \/>\n&nbsp;<br \/>\nN\u00e5r h\u00f8stsolen skinner fra en himmel klar og bl\u00e5,<br \/>\n&nbsp;<br \/>\nkan vi se h\u00f8stens fargeprakt brun, r\u00f8d og gul s\u00e5 langt \u00f8yet kan n\u00e5.<br \/>\n&nbsp;<br \/>\nEn h\u00f8stmorgen s\u00e5 deilig, frisk og ren,<br \/>\n&nbsp;<br \/>\nn\u00e5r solen skinner er vi ikke sen.<br \/>\n&nbsp;<br \/>\nVi kommer oss ut i Guds frie natur,<br \/>\n&nbsp;<br \/>\nnyter h\u00f8stluften, vi er ikke sur.<br \/>\n&nbsp;<br \/>\nM\u00f8rke h\u00f8stkvelder vi koser oss inne,<br \/>\n&nbsp;<br \/>\nmed levende lys, te, varme og fred i sinnet.<br \/>\n&nbsp;<br \/>\nL\u00f8vet p\u00e5 t\u00e6rne har falt ned p\u00e5 bakken,<br \/>\n&nbsp;<br \/>\nsnart vil kjenne vinterens sn\u00f8fnugg p\u00e5 nakken.<br \/>\n&nbsp;<br \/>\nVi vinker farvel til h\u00f8sten som sover,<br \/>\n&nbsp;<br \/>\nsnart kommer vinterdagen og tar over.<\/p>\n<p>&nbsp;<br \/>\n&nbsp;<\/p>\n<p style=\"text-align: center\"><img loading=\"lazy\" decoding=\"async\" src=\"https:\/\/cdn.blogg.no\/content\/uploads\/sites\/430\/2019\/10\/10162239\/140919_draper_blader2a.jpg\" alt=\"\" width=\"400\" height=\"393\" class=\"alignnone size-medium wp-image-2328\"><\/p>\n<p style=\"text-align: center\">Friske duggdr\u00e5per p\u00e5 bladet.<\/p>\n<p>&nbsp;<br \/>\n&nbsp;<\/p>\n<p style=\"text-align: center\"><img loading=\"lazy\" decoding=\"async\" src=\"https:\/\/cdn.blogg.no\/content\/uploads\/sites\/430\/2019\/10\/10162309\/140919_draper_blader4a.jpg\" alt=\"\" width=\"323\" height=\"318\" class=\"alignnone size-medium wp-image-2329\"><\/p>\n<p style=\"text-align: center\">Duggdr\u00e5per p\u00e5 bladet.<\/p>\n<div class=\"linkwithin_hook\" id=\"https:\/\/www.torilkremmervik.no\/blogg\/?p=9767\"><\/div><script>\n<!-- \/\/LinkWithinCodeStart\nvar linkwithin_site_id = 1303645;\nvar linkwithin_div_class = \"linkwithin_hook\";\n\/\/LinkWithinCodeEnd -->\n<\/script>\n<script src=\"http:\/\/www.linkwithin.com\/widget.js\"><\/script>\n<a href=\"http:\/\/www.linkwithin.com\/\"><img decoding=\"async\" src=\"http:\/\/www.linkwithin.com\/pixel.png\" alt=\"Related Posts Plugin for WordPress, Blogger...\" style=\"border: 0\" \/><\/a>","protected":false},"excerpt":{"rendered":"<p>Det har blitt 13.09.2021, og h\u00f8sten er godt i gang \ud83d\ude0a &nbsp; &nbsp; H\u00f8sten er en kjempefin \u00e5rstid. En perfekt h\u00f8stdag er sol fra skyfri og bl\u00e5 himmel og de kjempefine h\u00f8stfargene glinser i solskinnet\ud83d\ude0a Jeg tror h\u00f8sten er den &hellip; <a href=\"https:\/\/www.torilkremmervik.no\/blogg\/?p=9767\">Continue reading <span class=\"meta-nav\">&rarr;<\/span><\/a><\/p>\n<script>\n<!-- \/\/LinkWithinCodeStart\nvar linkwithin_site_id = 1303645;\nvar linkwithin_div_class = \"linkwithin_hook\";\n\/\/LinkWithinCodeEnd -->\n<\/script>\n<script src=\"http:\/\/www.linkwithin.com\/widget.js\"><\/script>\n<a href=\"http:\/\/www.linkwithin.com\/\"><img decoding=\"async\" src=\"http:\/\/www.linkwithin.com\/pixel.png\" alt=\"Related Posts Plugin for WordPress, Blogger...\" style=\"border: 0\" \/><\/a>","protected":false},"author":1,"featured_media":0,"comment_status":"open","ping_status":"open","sticky":false,"template":"","format":"standard","meta":{"footnotes":""},"categories":[4123],"tags":[2352,1231,4124,2976,4125],"class_list":["post-9767","post","type-post","status-publish","format-standard","hentry","category-hyllest-til-hosten","tag-arstid","tag-host","tag-hostdag","tag-hostdikt","tag-hosten-er-en-kjempefin-arstid"],"aioseo_notices":[],"_links":{"self":[{"href":"https:\/\/www.torilkremmervik.no\/blogg\/index.php?rest_route=\/wp\/v2\/posts\/9767","targetHints":{"allow":["GET"]}}],"collection":[{"href":"https:\/\/www.torilkremmervik.no\/blogg\/index.php?rest_route=\/wp\/v2\/posts"}],"about":[{"href":"https:\/\/www.torilkremmervik.no\/blogg\/index.php?rest_route=\/wp\/v2\/types\/post"}],"author":[{"embeddable":true,"href":"https:\/\/www.torilkremmervik.no\/blogg\/index.php?rest_route=\/wp\/v2\/users\/1"}],"replies":[{"embeddable":true,"href":"https:\/\/www.torilkremmervik.no\/blogg\/index.php?rest_route=%2Fwp%2Fv2%2Fcomments&post=9767"}],"version-history":[{"count":3,"href":"https:\/\/www.torilkremmervik.no\/blogg\/index.php?rest_route=\/wp\/v2\/posts\/9767\/revisions"}],"predecessor-version":[{"id":9775,"href":"https:\/\/www.torilkremmervik.no\/blogg\/index.php?rest_route=\/wp\/v2\/posts\/9767\/revisions\/9775"}],"wp:attachment":[{"href":"https:\/\/www.torilkremmervik.no\/blogg\/index.php?rest_route=%2Fwp%2Fv2%2Fmedia&parent=9767"}],"wp:term":[{"taxonomy":"category","embeddable":true,"href":"https:\/\/www.torilkremmervik.no\/blogg\/index.php?rest_route=%2Fwp%2Fv2%2Fcategories&post=9767"},{"taxonomy":"post_tag","embeddable":true,"href":"https:\/\/www.torilkremmervik.no\/blogg\/index.php?rest_route=%2Fwp%2Fv2%2Ftags&post=9767"}],"curies":[{"name":"wp","href":"https:\/\/api.w.org\/{rel}","templated":true}]}}